{"id":2320,"date":"2025-08-08T19:01:36","date_gmt":"2025-08-08T22:01:36","guid":{"rendered":"http:\/\/concejo.rdb-ti.com\/?p=2320"},"modified":"2025-09-02T19:02:50","modified_gmt":"2025-09-02T22:02:50","slug":"concejales-otorgaron-visto-bueno-a-proyectos-de-resolucion-y-de-solicitud-de-informe","status":"publish","type":"post","link":"https:\/\/cdsalta.gob.ar\/index.php\/2025\/08\/08\/concejales-otorgaron-visto-bueno-a-proyectos-de-resolucion-y-de-solicitud-de-informe\/","title":{"rendered":"<span style='font-size:16px;font-weight:normal;'>En Comisi\u00f3n de Servicios P\u00fablicos<\/span> <br> <span style='font-size:20px;font-weight:bold;'>Concejales otorgaron visto bueno a Proyectos de Resoluci\u00f3n y de Solicitud de Informe<\/span>"},"content":{"rendered":"<p style=\"text-align: justify\"><b><span lang=\"ES\" xml:lang=\"ES\">En el marco de la Comisi\u00f3n de Servicios P\u00fablicos, Actividades Comerciales y Privatizaciones, ediles otorgaron dictamen favorable a tres Proyectos de Resoluci\u00f3n y un Proyecto de Solicitud de Informe. Las iniciativas abordan pedidos relacionados a tareas de reposici\u00f3n de luminarias, reparaci\u00f3n de p\u00e9rdidas de agua y requerimientos de informaci\u00f3n vinculados a una empresa de transporte.<\/span><\/b><\/p>\n<p style=\"text-align: justify\"><b><span lang=\"ES\" xml:lang=\"ES\">Por otro lado, y con el objeto de dar continuidad al an\u00e1lisis del Proyecto de Ordenanza que propone crear en una secci\u00f3n de la p\u00e1gina web de la Municipalidad de Salta el \u201cManual del Usuario Ciudadano\u201d, convocaron a la pr\u00f3xima reuni\u00f3n al coordinador de Modernizaci\u00f3n municipal, Juan Sebasti\u00e1n Ib\u00e1\u00f1ez, y al coordinador de Procesos, Andr\u00e9s Ch\u00e1vez.<img loading=\"lazy\" decoding=\"async\" class=\"aligncenter size-full wp-image-2321\" src=\"https:\/\/cdsalta.gob.ar\/wp-content\/uploads\/2025\/09\/54704982997_e226fbdb7e_c.jpg\" alt=\"\" width=\"800\" height=\"450\" srcset=\"https:\/\/cdsalta.gob.ar\/wp-content\/uploads\/2025\/09\/54704982997_e226fbdb7e_c.jpg 800w, https:\/\/cdsalta.gob.ar\/wp-content\/uploads\/2025\/09\/54704982997_e226fbdb7e_c-300x169.jpg 300w, https:\/\/cdsalta.gob.ar\/wp-content\/uploads\/2025\/09\/54704982997_e226fbdb7e_c-768x432.jpg 768w\" sizes=\"auto, (max-width: 800px) 100vw, 800px\" \/><\/span><\/b><\/p>\n<p style=\"text-align: justify\"><span lang=\"ES\" xml:lang=\"ES\">En primer lugar, se dio visto bueno a una Resoluci\u00f3n que unifica dos expedientes presentados por el concejal Arnaldo Ramos (VPS). La propuesta solicita al Departamento Ejecutivo Municipal que gestione ante la Compa\u00f1\u00eda Salte\u00f1a de Agua y Saneamiento S.A. (Co.S.A.y Sa) \u2013 Aguas del Norte,\u00a0<b>la ejecuci\u00f3n de obras de reparaci\u00f3n por p\u00e9rdida de agua<\/b>\u00a0en calle Indalecio G\u00f3mez, en la intersecci\u00f3n con avenida Jos\u00e9 Tob\u00edas y calle Del Milagro.<\/span><\/p>\n<p style=\"text-align: justify\"><span lang=\"ES\" xml:lang=\"ES\">Misma decisi\u00f3n fue adoptada respecto de dos expedientes del mismo edil mediante los que se solicita a la nombrada compa\u00f1\u00eda que disponga de manera urgente la\u00a0<b>reparaci\u00f3n de p\u00e9rdidas de agua potable<\/b>\u00a0en calles de los barrios Jard\u00edn y Tres Cerritos.<\/span><\/p>\n<p style=\"text-align: justify\"><span lang=\"ES\" xml:lang=\"ES\">Tambi\u00e9n obtuvo visto bueno un Proyecto que re\u00fane dos presentaciones de las concejalas Alicia Vargas (VPS) y Agustina \u00c1lvarez Eichele (JxC). A trav\u00e9s de la iniciativa, se requiere al Ejecutivo Municipal que realice gestiones ante la empresa LuSal MANTELECTRIC I.C.I.S.A. ILUBAIRES S.A. a fin de realizar a la\u00a0<b>repotenciaci\u00f3n y reposici\u00f3n de luminarias<\/b>\u00a0en calles de los barrios Tres Cerritos y San Nicol\u00e1s.<\/span><\/p>\n<p style=\"text-align: justify\"><span lang=\"ES\" xml:lang=\"ES\">Finalmente, y en respuesta a una presentaci\u00f3n efectuada por un particular, los integrantes de la Comisi\u00f3n resolvieron la elaboraci\u00f3n de un Proyecto de Solicitud de Informe. El mismo requiere al Departamento Ejecutivo Municipal\u00a0<b>detalles vinculados a habilitaciones y eventuales sanciones<\/b>\u00a0aplicadas a una empresa dedicada al transporte de larga distancia de personas.<\/span><\/p>\n<p style=\"text-align: justify\"><span lang=\"ES\" xml:lang=\"ES\">El espacio fue presidido por el concejal Mart\u00edn Del Frari (SF), quien estuvo acompa\u00f1ado por sus pares Gonzalo Nieva, Agustina \u00c1lvarez Eichele (ambos de JxC), \u00c1ngel Ortiz (UCR), Arnaldo Ramos, Jos\u00e9 Albornoz, Eliana Chuchuy (todos de VPS) y Laura Jorge Saravia (LLA).<\/span><\/p>\n","protected":false},"excerpt":{"rendered":"<p>En el marco de la Comisi\u00f3n de Servicios P\u00fablicos, Actividades Comerciales y Privatizaciones, ediles otorgaron dictamen favorable a tres Proyectos [&hellip;]<\/p>\n","protected":false},"author":2,"featured_media":2321,"comment_status":"open","ping_status":"open","sticky":false,"template":"","format":"standard","meta":{"_uag_custom_page_level_css":"","site-sidebar-layout":"default","site-content-layout":"","ast-site-content-layout":"default","site-content-style":"default","site-sidebar-style":"default","ast-global-header-display":"","ast-banner-title-visibility":"","ast-main-header-display":"","ast-hfb-above-header-display":"","ast-hfb-below-header-display":"","ast-hfb-mobile-header-display":"","site-post-title":"","ast-breadcrumbs-content":"","ast-featured-img":"","footer-sml-layout":"","ast-disable-related-posts":"","theme-transparent-header-meta":"default","adv-header-id-meta":"","stick-header-meta":"","header-above-stick-meta":"","header-main-stick-meta":"","header-below-stick-meta":"","astra-migrate-meta-layouts":"set","ast-page-background-enabled":"default","ast-page-background-meta":{"desktop":{"background-color":"var(--ast-global-color-5)","background-image":"","background-repeat":"repeat","background-position":"center center","background-size":"auto","background-attachment":"scroll","background-type":"","background-media":"","overlay-type":"","overlay-color":"","overlay-opacity":"","overlay-gradient":""},"tablet":{"background-color":"","background-image":"","background-repeat":"repeat","background-position":"center center","background-size":"auto","background-attachment":"scroll","background-type":"","background-media":"","overlay-type":"","overlay-color":"","overlay-opacity":"","overlay-gradient":""},"mobile":{"background-color":"","background-image":"","background-repeat":"repeat","background-position":"center center","background-size":"auto","background-attachment":"scroll","background-type":"","background-media":"","overlay-type":"","overlay-color":"","overlay-opacity":"","overlay-gradient":""}},"ast-content-background-meta":{"desktop":{"background-color":"var(--ast-global-color-4)","background-image":"","background-repeat":"repeat","background-position":"center center","background-size":"auto","background-attachment":"scroll","background-type":"","background-media":"","overlay-type":"","overlay-color":"","overlay-opacity":"","overlay-gradient":""},"tablet":{"background-color":"var(--ast-global-color-4)","background-image":"","background-repeat":"repeat","background-position":"center center","background-size":"auto","background-attachment":"scroll","background-type":"","background-media":"","overlay-type":"","overlay-color":"","overlay-opacity":"","overlay-gradient":""},"mobile":{"background-color":"var(--ast-global-color-4)","background-image":"","background-repeat":"repeat","background-position":"center center","background-size":"auto","background-attachment":"scroll","background-type":"","background-media":"","overlay-type":"","overlay-color":"","overlay-opacity":"","overlay-gradient":""}},"footnotes":""},"categories":[1],"tags":[],"class_list":["post-2320","post","type-post","status-publish","format-standard","has-post-thumbnail","hentry","category-sin-categoria"],"uagb_featured_image_src":{"full":["https:\/\/cdsalta.gob.ar\/wp-content\/uploads\/2025\/09\/54704982997_e226fbdb7e_c.jpg",800,450,false],"thumbnail":["https:\/\/cdsalta.gob.ar\/wp-content\/uploads\/2025\/09\/54704982997_e226fbdb7e_c-150x150.jpg",150,150,true],"medium":["https:\/\/cdsalta.gob.ar\/wp-content\/uploads\/2025\/09\/54704982997_e226fbdb7e_c-300x169.jpg",300,169,true],"medium_large":["https:\/\/cdsalta.gob.ar\/wp-content\/uploads\/2025\/09\/54704982997_e226fbdb7e_c-768x432.jpg",768,432,true],"large":["https:\/\/cdsalta.gob.ar\/wp-content\/uploads\/2025\/09\/54704982997_e226fbdb7e_c.jpg",800,450,false],"1536x1536":["https:\/\/cdsalta.gob.ar\/wp-content\/uploads\/2025\/09\/54704982997_e226fbdb7e_c.jpg",800,450,false],"2048x2048":["https:\/\/cdsalta.gob.ar\/wp-content\/uploads\/2025\/09\/54704982997_e226fbdb7e_c.jpg",800,450,false],"mailpoet_newsletter_max":["https:\/\/cdsalta.gob.ar\/wp-content\/uploads\/2025\/09\/54704982997_e226fbdb7e_c.jpg",800,450,false]},"uagb_author_info":{"display_name":"Prensa","author_link":"https:\/\/cdsalta.gob.ar\/index.php\/author\/prensa\/"},"uagb_comment_info":0,"uagb_excerpt":"En el marco de la Comisi\u00f3n de Servicios P\u00fablicos, Actividades Comerciales y Privatizaciones, ediles otorgaron dictamen favorable a tres Proyectos [&hellip;]","_links":{"self":[{"href":"https:\/\/cdsalta.gob.ar\/index.php\/wp-json\/wp\/v2\/posts\/2320","targetHints":{"allow":["GET"]}}],"collection":[{"href":"https:\/\/cdsalta.gob.ar\/index.php\/wp-json\/wp\/v2\/posts"}],"about":[{"href":"https:\/\/cdsalta.gob.ar\/index.php\/wp-json\/wp\/v2\/types\/post"}],"author":[{"embeddable":true,"href":"https:\/\/cdsalta.gob.ar\/index.php\/wp-json\/wp\/v2\/users\/2"}],"replies":[{"embeddable":true,"href":"https:\/\/cdsalta.gob.ar\/index.php\/wp-json\/wp\/v2\/comments?post=2320"}],"version-history":[{"count":1,"href":"https:\/\/cdsalta.gob.ar\/index.php\/wp-json\/wp\/v2\/posts\/2320\/revisions"}],"predecessor-version":[{"id":2322,"href":"https:\/\/cdsalta.gob.ar\/index.php\/wp-json\/wp\/v2\/posts\/2320\/revisions\/2322"}],"wp:featuredmedia":[{"embeddable":true,"href":"https:\/\/cdsalta.gob.ar\/index.php\/wp-json\/wp\/v2\/media\/2321"}],"wp:attachment":[{"href":"https:\/\/cdsalta.gob.ar\/index.php\/wp-json\/wp\/v2\/media?parent=2320"}],"wp:term":[{"taxonomy":"category","embeddable":true,"href":"https:\/\/cdsalta.gob.ar\/index.php\/wp-json\/wp\/v2\/categories?post=2320"},{"taxonomy":"post_tag","embeddable":true,"href":"https:\/\/cdsalta.gob.ar\/index.php\/wp-json\/wp\/v2\/tags?post=2320"}],"curies":[{"name":"wp","href":"https:\/\/api.w.org\/{rel}","templated":true}]}}