{"id":2834,"date":"2025-09-09T11:37:12","date_gmt":"2025-09-09T14:37:12","guid":{"rendered":"http:\/\/concejo.rdb-ti.com\/?p=2834"},"modified":"2025-09-19T11:38:14","modified_gmt":"2025-09-19T14:38:14","slug":"septiembre-es-el-mes-municipal-para-la-prevencion-del-suicidio","status":"publish","type":"post","link":"https:\/\/cdsalta.gob.ar\/index.php\/2025\/09\/09\/septiembre-es-el-mes-municipal-para-la-prevencion-del-suicidio\/","title":{"rendered":"<span style='font-size:16px;font-weight:normal;'>Fecha que tiene por objetivo generar conciencia en la poblaci\u00f3n<\/span> <br> <span style='font-size:20px;font-weight:bold;'>Septiembre es el Mes Municipal para la Prevenci\u00f3n del Suicidio<\/span>"},"content":{"rendered":"<p style=\"text-align: justify\"><b><span lang=\"es\" xml:lang=\"es\">El Concejo Deliberante instituy\u00f3 en 2024, mediante Ordenanza N\u00b0 16.304, el mes de septiembre de cada a\u00f1o como el \u201cMes Municipal para la Prevenci\u00f3n del Suicidio\u201d, con el objetivo de generar conciencia en la poblaci\u00f3n y promover pol\u00edticas de salud vinculadas a esta problem\u00e1tica. La concejala Paula Medici (GSC), impulsora de la normativa, se refiri\u00f3 a la importancia de contar con una fecha de concientizaci\u00f3n a nivel municipal, subrayando que \u201cla prevenci\u00f3n del suicidio es una responsabilidad colectiva que involucra a distintos actores de la sociedad, con el fin de fomentar la colaboraci\u00f3n y el trabajo conjunto para lograr un alto impacto de las acciones que se llevan adelante a trav\u00e9s de normativas vinculadas a la tem\u00e1tica\u201d.<\/span><\/b><\/p>\n<p style=\"text-align: justify\"><b><span lang=\"es\" xml:lang=\"es\">Asimismo, la edila se refiri\u00f3 a la normativa que adhiere a la Ley Provincial N\u00b0 7.909 de Prevenci\u00f3n del Suicidio, destinada a la detecci\u00f3n y atenci\u00f3n de las personas en riesgo, as\u00ed como a la asistencia de las familias de v\u00edctimas del suicidio. A continuaci\u00f3n, realizaremos un repaso de los objetivos fijados en estas Ordenanzas y las acciones que prev\u00e9n en relaci\u00f3n a la tem\u00e1tica.<img loading=\"lazy\" decoding=\"async\" class=\"aligncenter size-full wp-image-2835\" src=\"https:\/\/cdsalta.gob.ar\/wp-content\/uploads\/2025\/09\/Prevencion-de-suicidio-2025-1080x720-1.png\" alt=\"\" width=\"1080\" height=\"720\" srcset=\"https:\/\/cdsalta.gob.ar\/wp-content\/uploads\/2025\/09\/Prevencion-de-suicidio-2025-1080x720-1.png 1080w, https:\/\/cdsalta.gob.ar\/wp-content\/uploads\/2025\/09\/Prevencion-de-suicidio-2025-1080x720-1-300x200.png 300w, https:\/\/cdsalta.gob.ar\/wp-content\/uploads\/2025\/09\/Prevencion-de-suicidio-2025-1080x720-1-1024x683.png 1024w, https:\/\/cdsalta.gob.ar\/wp-content\/uploads\/2025\/09\/Prevencion-de-suicidio-2025-1080x720-1-768x512.png 768w\" sizes=\"auto, (max-width: 1080px) 100vw, 1080px\" \/><\/span><\/b><\/p>\n<p style=\"text-align: justify\"><span lang=\"ES\" xml:lang=\"ES\">En 2024, el Concejo Deliberante capitalino sancion\u00f3 la normativa N\u00b0 16.304 que instituye\u00a0<b>el mes de septiembre de cada a\u00f1o como el \u201cMes Municipal para la Prevenci\u00f3n del Suicidio\u201d,<\/b>\u00a0con el prop\u00f3sito de generar conciencia en la poblaci\u00f3n y promover pol\u00edticas de salud. Cabe destacar que, tanto a nivel nacional como internacional, la fecha se conmemora cada 10 de septiembre.<\/span><\/p>\n<p style=\"text-align: justify\"><span lang=\"ES\" xml:lang=\"ES\">El articulado de la Ordenanza establece que el\u00a0<b>Ejecutivo Municipal deber\u00e1 llevar adelante campa\u00f1as de informaci\u00f3n, educaci\u00f3n y concientizaci\u00f3n, poniendo \u00e9nfasis en la prevenci\u00f3n, detecci\u00f3n temprana y asistencia\u00a0<\/b>contemplada en la Ley Provincial N\u00ba 7.909 de Prevenci\u00f3n del Suicidio y normativas emitidas por la Organizaci\u00f3n Mundial de la Salud y el Fondo de las Naciones Unidas para la Infancia. Por su parte, la edila impulsora de la norma destac\u00f3 que el objetivo central es que, mediante acciones y actividades, desde el DEM se aporte a\u00a0<b>\u201cconcientizar sobre la importancia de la prevenci\u00f3n, la detecci\u00f3n temprana y la intervenci\u00f3n adecuada en situaciones de riesgo\u201d<\/b>.<\/span><\/p>\n<p style=\"text-align: justify\"><span lang=\"ES\" xml:lang=\"ES\">Asimismo, en 2019 se sancion\u00f3 la Ordenanza N\u00b0 15.552, mediante la cual\u00a0<b>el Municipio adhiri\u00f3 a la Ley Provincial N\u00b0 7.909 de Prevenci\u00f3n del Suicidio, para la detecci\u00f3n y atenci\u00f3n de las personas en riesgo, as\u00ed como a la asistencia de las familias de v\u00edctimas del suicidio.<\/b>\u00a0La mencionada<b>\u00a0Ley Provincial adhiere a la Ley Nacional N\u00b0 27.130 de Prevenci\u00f3n del Suicidio<\/b>, que tiene por\u00a0<b>objeto<\/b>\u00a0la disminuci\u00f3n de la incidencia y prevalencia del suicidio, a trav\u00e9s de la prevenci\u00f3n, asistencia y posvenci\u00f3n. La norma nacional tiene como fin promover un abordaje coordinado, interdisciplinario e interinstitucional de la problem\u00e1tica; desarrollar acciones y estrategias para la sensibilizaci\u00f3n de la poblaci\u00f3n; fortalecer los servicios asistenciales y la capacitaci\u00f3n de los recursos humanos; y fomentar la creaci\u00f3n de redes de apoyo de la sociedad civil, a los fines de la prevenci\u00f3n, la detecci\u00f3n de personas en riesgo, el tratamiento y la capacitaci\u00f3n.<\/span><\/p>\n<p style=\"text-align: justify\"><span lang=\"ES\" xml:lang=\"ES\">La edila Medici hizo adem\u00e1s especial \u00e9nfasis en la\u00a0<b>necesidad de que el Estado est\u00e9 presente de manera activa en la sociedad, generando pol\u00edticas p\u00fablicas y espacios de contenci\u00f3n y prevenci\u00f3n en la materia,<\/b>\u00a0para as\u00ed evitar el incremento de casos.<\/span><\/p>\n","protected":false},"excerpt":{"rendered":"<p>El Concejo Deliberante instituy\u00f3 en 2024, mediante Ordenanza N\u00b0 16.304, el mes de septiembre de cada a\u00f1o como el \u201cMes [&hellip;]<\/p>\n","protected":false},"author":2,"featured_media":2835,"comment_status":"open","ping_status":"open","sticky":false,"template":"","format":"standard","meta":{"_uag_custom_page_level_css":"","site-sidebar-layout":"default","site-content-layout":"","ast-site-content-layout":"default","site-content-style":"default","site-sidebar-style":"default","ast-global-header-display":"","ast-banner-title-visibility":"","ast-main-header-display":"","ast-hfb-above-header-display":"","ast-hfb-below-header-display":"","ast-hfb-mobile-header-display":"","site-post-title":"","ast-breadcrumbs-content":"","ast-featured-img":"","footer-sml-layout":"","ast-disable-related-posts":"","theme-transparent-header-meta":"default","adv-header-id-meta":"","stick-header-meta":"","header-above-stick-meta":"","header-main-stick-meta":"","header-below-stick-meta":"","astra-migrate-meta-layouts":"set","ast-page-background-enabled":"default","ast-page-background-meta":{"desktop":{"background-color":"var(--ast-global-color-5)","background-image":"","background-repeat":"repeat","background-position":"center center","background-size":"auto","background-attachment":"scroll","background-type":"","background-media":"","overlay-type":"","overlay-color":"","overlay-opacity":"","overlay-gradient":""},"tablet":{"background-color":"","background-image":"","background-repeat":"repeat","background-position":"center center","background-size":"auto","background-attachment":"scroll","background-type":"","background-media":"","overlay-type":"","overlay-color":"","overlay-opacity":"","overlay-gradient":""},"mobile":{"background-color":"","background-image":"","background-repeat":"repeat","background-position":"center center","background-size":"auto","background-attachment":"scroll","background-type":"","background-media":"","overlay-type":"","overlay-color":"","overlay-opacity":"","overlay-gradient":""}},"ast-content-background-meta":{"desktop":{"background-color":"var(--ast-global-color-4)","background-image":"","background-repeat":"repeat","background-position":"center center","background-size":"auto","background-attachment":"scroll","background-type":"","background-media":"","overlay-type":"","overlay-color":"","overlay-opacity":"","overlay-gradient":""},"tablet":{"background-color":"var(--ast-global-color-4)","background-image":"","background-repeat":"repeat","background-position":"center center","background-size":"auto","background-attachment":"scroll","background-type":"","background-media":"","overlay-type":"","overlay-color":"","overlay-opacity":"","overlay-gradient":""},"mobile":{"background-color":"var(--ast-global-color-4)","background-image":"","background-repeat":"repeat","background-position":"center center","background-size":"auto","background-attachment":"scroll","background-type":"","background-media":"","overlay-type":"","overlay-color":"","overlay-opacity":"","overlay-gradient":""}},"footnotes":""},"categories":[1],"tags":[],"class_list":["post-2834","post","type-post","status-publish","format-standard","has-post-thumbnail","hentry","category-sin-categoria"],"uagb_featured_image_src":{"full":["https:\/\/cdsalta.gob.ar\/wp-content\/uploads\/2025\/09\/Prevencion-de-suicidio-2025-1080x720-1.png",1080,720,false],"thumbnail":["https:\/\/cdsalta.gob.ar\/wp-content\/uploads\/2025\/09\/Prevencion-de-suicidio-2025-1080x720-1-150x150.png",150,150,true],"medium":["https:\/\/cdsalta.gob.ar\/wp-content\/uploads\/2025\/09\/Prevencion-de-suicidio-2025-1080x720-1-300x200.png",300,200,true],"medium_large":["https:\/\/cdsalta.gob.ar\/wp-content\/uploads\/2025\/09\/Prevencion-de-suicidio-2025-1080x720-1-768x512.png",768,512,true],"large":["https:\/\/cdsalta.gob.ar\/wp-content\/uploads\/2025\/09\/Prevencion-de-suicidio-2025-1080x720-1-1024x683.png",1024,683,true],"1536x1536":["https:\/\/cdsalta.gob.ar\/wp-content\/uploads\/2025\/09\/Prevencion-de-suicidio-2025-1080x720-1.png",1080,720,false],"2048x2048":["https:\/\/cdsalta.gob.ar\/wp-content\/uploads\/2025\/09\/Prevencion-de-suicidio-2025-1080x720-1.png",1080,720,false],"mailpoet_newsletter_max":["https:\/\/cdsalta.gob.ar\/wp-content\/uploads\/2025\/09\/Prevencion-de-suicidio-2025-1080x720-1.png",1080,720,false]},"uagb_author_info":{"display_name":"Prensa","author_link":"https:\/\/cdsalta.gob.ar\/index.php\/author\/prensa\/"},"uagb_comment_info":0,"uagb_excerpt":"El Concejo Deliberante instituy\u00f3 en 2024, mediante Ordenanza N\u00b0 16.304, el mes de septiembre de cada a\u00f1o como el \u201cMes [&hellip;]","_links":{"self":[{"href":"https:\/\/cdsalta.gob.ar\/index.php\/wp-json\/wp\/v2\/posts\/2834","targetHints":{"allow":["GET"]}}],"collection":[{"href":"https:\/\/cdsalta.gob.ar\/index.php\/wp-json\/wp\/v2\/posts"}],"about":[{"href":"https:\/\/cdsalta.gob.ar\/index.php\/wp-json\/wp\/v2\/types\/post"}],"author":[{"embeddable":true,"href":"https:\/\/cdsalta.gob.ar\/index.php\/wp-json\/wp\/v2\/users\/2"}],"replies":[{"embeddable":true,"href":"https:\/\/cdsalta.gob.ar\/index.php\/wp-json\/wp\/v2\/comments?post=2834"}],"version-history":[{"count":1,"href":"https:\/\/cdsalta.gob.ar\/index.php\/wp-json\/wp\/v2\/posts\/2834\/revisions"}],"predecessor-version":[{"id":2836,"href":"https:\/\/cdsalta.gob.ar\/index.php\/wp-json\/wp\/v2\/posts\/2834\/revisions\/2836"}],"wp:featuredmedia":[{"embeddable":true,"href":"https:\/\/cdsalta.gob.ar\/index.php\/wp-json\/wp\/v2\/media\/2835"}],"wp:attachment":[{"href":"https:\/\/cdsalta.gob.ar\/index.php\/wp-json\/wp\/v2\/media?parent=2834"}],"wp:term":[{"taxonomy":"category","embeddable":true,"href":"https:\/\/cdsalta.gob.ar\/index.php\/wp-json\/wp\/v2\/categories?post=2834"},{"taxonomy":"post_tag","embeddable":true,"href":"https:\/\/cdsalta.gob.ar\/index.php\/wp-json\/wp\/v2\/tags?post=2834"}],"curies":[{"name":"wp","href":"https:\/\/api.w.org\/{rel}","templated":true}]}}