{"id":3171,"date":"2025-10-01T17:07:03","date_gmt":"2025-10-01T20:07:03","guid":{"rendered":"https:\/\/cdsalta.gob.ar\/?p=3171"},"modified":"2025-10-03T17:08:20","modified_gmt":"2025-10-03T20:08:20","slug":"piden-al-dem-la-concrecion-de-acciones-para-el-cuidado-del-medio-ambiente","status":"publish","type":"post","link":"https:\/\/cdsalta.gob.ar\/index.php\/2025\/10\/01\/piden-al-dem-la-concrecion-de-acciones-para-el-cuidado-del-medio-ambiente\/","title":{"rendered":"<span style='font-size:16px;font-weight:normal;'>Se suman iniciativas vinculadas a la concreci\u00f3n de obras<\/span> <br> <span style='font-size:20px;font-weight:bold;'>Piden al DEM la concreci\u00f3n de acciones  para el cuidado del medio ambiente<\/span>"},"content":{"rendered":"<p style=\"text-align: justify\"><strong><img loading=\"lazy\" decoding=\"async\" class=\"aligncenter size-full wp-image-3101\" src=\"https:\/\/cdsalta.gob.ar\/wp-content\/uploads\/2025\/10\/54826215859_aa67a5fb79_c.jpg\" alt=\"\" width=\"799\" height=\"533\" srcset=\"https:\/\/cdsalta.gob.ar\/wp-content\/uploads\/2025\/10\/54826215859_aa67a5fb79_c.jpg 799w, https:\/\/cdsalta.gob.ar\/wp-content\/uploads\/2025\/10\/54826215859_aa67a5fb79_c-300x200.jpg 300w, https:\/\/cdsalta.gob.ar\/wp-content\/uploads\/2025\/10\/54826215859_aa67a5fb79_c-768x512.jpg 768w\" sizes=\"auto, (max-width: 799px) 100vw, 799px\" \/>Reunidos en Sesi\u00f3n Ordinaria, los concejales aprobaron cinco propuestas vinculadas al cuidado del medio ambiente y a la realizaci\u00f3n de obras en distintos barrios de la ciudad. Las iniciativas instan al DEM a llevar adelante la erradicaci\u00f3n de microbasurales, el mantenimiento integral y la instalaci\u00f3n de juegos infantiles y mobiliario urbano en espacios p\u00fablicos, as\u00ed como el relevamiento de especies arb\u00f3reas. Tambi\u00e9n solicitan la ejecuci\u00f3n de obras de bacheo o el recambio de placas de hormig\u00f3n, y la apertura y conectividad vial de la calle N.\u00ba 1 en una urbanizaci\u00f3n.<\/strong><\/p>\n<p style=\"text-align: justify\">En la n\u00f3mina de iniciativas se encuentra una propuesta que unifica presentaciones de los concejales Malvina Gareca (SPV) y Arnaldo Ramos (VPS). En el articulado se solicita al Departamento Ejecutivo Municipal la <strong>erradicaci\u00f3n de microbasurales, el levantamiento de restos de poda, la limpieza peri\u00f3dica e instalaci\u00f3n de carteles indicadores con la prohibici\u00f3n de arrojar residuos <\/strong>en zonas de los barrios Limache Etapa 2, Bancario, Libertador y 25 de Mayo. En los casos que se encuentren frente a inmuebles particulares o en su interior, intime a los propietarios o responsables para que realicen la limpieza y aplique las sanciones correspondientes.<\/p>\n<p style=\"text-align: justify\">El legislador Jos\u00e9 Garc\u00eda (YP), por su parte, es autor de un Proyecto de Resoluci\u00f3n dirigido al Ejecutivo Municipal. En el escrito se solicita la reparaci\u00f3n, <strong>el mantenimiento integral y la instalaci\u00f3n de juegos infantiles y mobiliarios urbanos<\/strong>, contemplando condiciones de seguridad, accesibilidad e inclusi\u00f3n para todas las edades y capacidades, en el espacio p\u00fablico ubicado en barrio Casta\u00f1ares.<\/p>\n<p style=\"text-align: justify\">Adem\u00e1s, el Cuerpo sancion\u00f3 una Resoluci\u00f3n que solicita al DEM que realice el <strong>relevamiento de especies arb\u00f3reas<\/strong> ubicadas en intersecci\u00f3n de calles Bruno Mauricio de Zabala y Catamarca de barrio Hernando de Lerma, a fin de determinar si existen razones de orden t\u00e9cnico que justifiquen la poda o extracci\u00f3n. La iniciativa lleva la firma del edil Jos\u00e9 Albornoz (VPS).<\/p>\n<p style=\"text-align: justify\">Los concejales tambi\u00e9n sancionaron dos Resoluciones vinculadas a la concreci\u00f3n de obras p\u00fablicas en distintos barrios de la ciudad. En primera instancia se encuentra una Resoluci\u00f3n impulsada por los concejales Jos\u00e9 Garc\u00eda y Jos\u00e9 Albornoz, en el escrito se solicita que, a trav\u00e9s del organismo correspondiente, incorpore al Plan de Obras del Presupuesto General a\u00f1o 2026, las <strong>obras de bacheo o cambio de placas de hormig\u00f3n<\/strong> en los barrios Limache Etapa 6, Hernando de Lerma y San Jos\u00e9, como as\u00ed en el \u00e1rea centro.<\/p>\n<p style=\"text-align: justify\">Los ediles tambi\u00e9n aprobaron una iniciativa elaborada por la Comisi\u00f3n de Obras P\u00fablicas. En su articulado solicita al DEM que realice los trabajos necesarios para la <strong>apertura y conectividad vial de calle N\u00b0 1<\/strong> de la urbanizaci\u00f3n Pereyra Rozas, aceptada en donaci\u00f3n por la Municipalidad de la ciudad de Salta, mediante Ordenanza N\u00b0 15.038.<\/p>\n","protected":false},"excerpt":{"rendered":"<p>Reunidos en Sesi\u00f3n Ordinaria, los concejales aprobaron cinco propuestas vinculadas al cuidado del medio ambiente y a la realizaci\u00f3n de [&hellip;]<\/p>\n","protected":false},"author":2,"featured_media":3101,"comment_status":"open","ping_status":"open","sticky":false,"template":"","format":"standard","meta":{"_uag_custom_page_level_css":"","site-sidebar-layout":"default","site-content-layout":"","ast-site-content-layout":"default","site-content-style":"default","site-sidebar-style":"default","ast-global-header-display":"","ast-banner-title-visibility":"","ast-main-header-display":"","ast-hfb-above-header-display":"","ast-hfb-below-header-display":"","ast-hfb-mobile-header-display":"","site-post-title":"","ast-breadcrumbs-content":"","ast-featured-img":"","footer-sml-layout":"","ast-disable-related-posts":"","theme-transparent-header-meta":"default","adv-header-id-meta":"","stick-header-meta":"","header-above-stick-meta":"","header-main-stick-meta":"","header-below-stick-meta":"","astra-migrate-meta-layouts":"set","ast-page-background-enabled":"default","ast-page-background-meta":{"desktop":{"background-color":"var(--ast-global-color-5)","background-image":"","background-repeat":"repeat","background-position":"center center","background-size":"auto","background-attachment":"scroll","background-type":"","background-media":"","overlay-type":"","overlay-color":"","overlay-opacity":"","overlay-gradient":""},"tablet":{"background-color":"","background-image":"","background-repeat":"repeat","background-position":"center center","background-size":"auto","background-attachment":"scroll","background-type":"","background-media":"","overlay-type":"","overlay-color":"","overlay-opacity":"","overlay-gradient":""},"mobile":{"background-color":"","background-image":"","background-repeat":"repeat","background-position":"center center","background-size":"auto","background-attachment":"scroll","background-type":"","background-media":"","overlay-type":"","overlay-color":"","overlay-opacity":"","overlay-gradient":""}},"ast-content-background-meta":{"desktop":{"background-color":"var(--ast-global-color-4)","background-image":"","background-repeat":"repeat","background-position":"center center","background-size":"auto","background-attachment":"scroll","background-type":"","background-media":"","overlay-type":"","overlay-color":"","overlay-opacity":"","overlay-gradient":""},"tablet":{"background-color":"var(--ast-global-color-4)","background-image":"","background-repeat":"repeat","background-position":"center center","background-size":"auto","background-attachment":"scroll","background-type":"","background-media":"","overlay-type":"","overlay-color":"","overlay-opacity":"","overlay-gradient":""},"mobile":{"background-color":"var(--ast-global-color-4)","background-image":"","background-repeat":"repeat","background-position":"center center","background-size":"auto","background-attachment":"scroll","background-type":"","background-media":"","overlay-type":"","overlay-color":"","overlay-opacity":"","overlay-gradient":""}},"footnotes":""},"categories":[1],"tags":[],"class_list":["post-3171","post","type-post","status-publish","format-standard","has-post-thumbnail","hentry","category-sin-categoria"],"uagb_featured_image_src":{"full":["https:\/\/cdsalta.gob.ar\/wp-content\/uploads\/2025\/10\/54826215859_aa67a5fb79_c.jpg",799,533,false],"thumbnail":["https:\/\/cdsalta.gob.ar\/wp-content\/uploads\/2025\/10\/54826215859_aa67a5fb79_c-150x150.jpg",150,150,true],"medium":["https:\/\/cdsalta.gob.ar\/wp-content\/uploads\/2025\/10\/54826215859_aa67a5fb79_c-300x200.jpg",300,200,true],"medium_large":["https:\/\/cdsalta.gob.ar\/wp-content\/uploads\/2025\/10\/54826215859_aa67a5fb79_c-768x512.jpg",768,512,true],"large":["https:\/\/cdsalta.gob.ar\/wp-content\/uploads\/2025\/10\/54826215859_aa67a5fb79_c.jpg",799,533,false],"1536x1536":["https:\/\/cdsalta.gob.ar\/wp-content\/uploads\/2025\/10\/54826215859_aa67a5fb79_c.jpg",799,533,false],"2048x2048":["https:\/\/cdsalta.gob.ar\/wp-content\/uploads\/2025\/10\/54826215859_aa67a5fb79_c.jpg",799,533,false],"mailpoet_newsletter_max":["https:\/\/cdsalta.gob.ar\/wp-content\/uploads\/2025\/10\/54826215859_aa67a5fb79_c.jpg",799,533,false]},"uagb_author_info":{"display_name":"Prensa","author_link":"https:\/\/cdsalta.gob.ar\/index.php\/author\/prensa\/"},"uagb_comment_info":0,"uagb_excerpt":"Reunidos en Sesi\u00f3n Ordinaria, los concejales aprobaron cinco propuestas vinculadas al cuidado del medio ambiente y a la realizaci\u00f3n de [&hellip;]","_links":{"self":[{"href":"https:\/\/cdsalta.gob.ar\/index.php\/wp-json\/wp\/v2\/posts\/3171","targetHints":{"allow":["GET"]}}],"collection":[{"href":"https:\/\/cdsalta.gob.ar\/index.php\/wp-json\/wp\/v2\/posts"}],"about":[{"href":"https:\/\/cdsalta.gob.ar\/index.php\/wp-json\/wp\/v2\/types\/post"}],"author":[{"embeddable":true,"href":"https:\/\/cdsalta.gob.ar\/index.php\/wp-json\/wp\/v2\/users\/2"}],"replies":[{"embeddable":true,"href":"https:\/\/cdsalta.gob.ar\/index.php\/wp-json\/wp\/v2\/comments?post=3171"}],"version-history":[{"count":1,"href":"https:\/\/cdsalta.gob.ar\/index.php\/wp-json\/wp\/v2\/posts\/3171\/revisions"}],"predecessor-version":[{"id":3172,"href":"https:\/\/cdsalta.gob.ar\/index.php\/wp-json\/wp\/v2\/posts\/3171\/revisions\/3172"}],"wp:featuredmedia":[{"embeddable":true,"href":"https:\/\/cdsalta.gob.ar\/index.php\/wp-json\/wp\/v2\/media\/3101"}],"wp:attachment":[{"href":"https:\/\/cdsalta.gob.ar\/index.php\/wp-json\/wp\/v2\/media?parent=3171"}],"wp:term":[{"taxonomy":"category","embeddable":true,"href":"https:\/\/cdsalta.gob.ar\/index.php\/wp-json\/wp\/v2\/categories?post=3171"},{"taxonomy":"post_tag","embeddable":true,"href":"https:\/\/cdsalta.gob.ar\/index.php\/wp-json\/wp\/v2\/tags?post=3171"}],"curies":[{"name":"wp","href":"https:\/\/api.w.org\/{rel}","templated":true}]}}