{"id":5577,"date":"2026-03-20T13:04:17","date_gmt":"2026-03-20T16:04:17","guid":{"rendered":"https:\/\/cdsalta.gob.ar\/?p=5577"},"modified":"2026-03-20T13:04:17","modified_gmt":"2026-03-20T16:04:17","slug":"se-conmemora-cada-21-de-marzo-el-dia-municipal-del-sindrome-de-down","status":"publish","type":"post","link":"https:\/\/cdsalta.gob.ar\/index.php\/2026\/03\/20\/se-conmemora-cada-21-de-marzo-el-dia-municipal-del-sindrome-de-down\/","title":{"rendered":"<span style='font-size:16px;font-weight:normal;'>En cumplimiento de la Ordenanza N\u00b0 16.089<\/span> <br> <span style='font-size:20px;font-weight:bold;'>Se conmemora cada 21 de marzo el D\u00eda Municipal del S\u00edndrome de Down<\/span>"},"content":{"rendered":"<p style=\"text-align: justify\"><strong>El 21 de marzo de cada a\u00f1o se conmemora el D\u00eda Municipal del S\u00edndrome de Down, en adhesi\u00f3n a la Resoluci\u00f3n N\u00b0 66\/149 de la Asamblea General de Naciones Unidas. Esta conmemoraci\u00f3n qued\u00f3 establecida a trav\u00e9s de la Ordenanza N\u00b0 16.089 en 2023. <\/strong><\/p>\n<p style=\"text-align: justify\"><strong>En el marco de la conmemoraci\u00f3n, la presidenta de la Comisi\u00f3n de Discapacidad, Malvina Gareca (PC), se refiri\u00f3 a la importancia de la fecha como instancia de visibilizaci\u00f3n y concientizaci\u00f3n social. En ese sentido, sostuvo: \u201cEste d\u00eda se recuerda en todo el mundo para visibilizar a las personas con s\u00edndrome de Down y todas las capacidades que tienen. Muchas veces, por desconocimiento, todav\u00eda se siguen viviendo situaciones de discriminaci\u00f3n o exclusi\u00f3n. La fecha nos permite demostrar que nuestros hijos son capaces de hacer cualquier actividad con el apoyo necesario\u201d.<\/strong><\/p>\n<p style=\"text-align: justify\"><strong>Asimismo, la edil adelant\u00f3 que durante el fin de semana el Departamento Ejecutivo Municipal llevar\u00e1 adelante diversas actividades de concientizaci\u00f3n en distintos puntos de la ciudad, orientadas a promover la inclusi\u00f3n y el respeto por la diversidad.<\/strong><\/p>\n<p style=\"text-align: justify\"><strong>Por su parte, el Concejo Deliberante ha impulsado diversas normas con el objetivo de capacitar, concientizar y sensibilizar en relaci\u00f3n a las personas con discapacidad. Entre ellas, se destacan la creaci\u00f3n del Consejo Consultivo para las Personas con Discapacidad (CCPCD); iniciativas que incentivan el empleo; beneficios en el estacionamiento medido; prioridad de atenci\u00f3n en edificios p\u00fablicos, entre otras.<\/strong><\/p>\n<p style=\"text-align: justify\">En esa l\u00ednea, Gareca, tambi\u00e9n puso en valor el trabajo sostenido del espacio legislativo que encabeza, destacando su rol en la incorporaci\u00f3n de la tem\u00e1tica en la agenda p\u00fablica local. Al respecto, afirm\u00f3: \u201c<strong>Hemos logrado poner en agenda a la discapacidad en el Concejo Deliberante y en la ciudad de Salta a trav\u00e9s de mucho di\u00e1logo con todos los sectores para buscar soluciones en com\u00fan<\/strong>\u201d. Asimismo, se\u00f1al\u00f3 que la Comisi\u00f3n se constituy\u00f3 en un \u00e1mbito propicio para el impulso de capacitaciones sobre la tem\u00e1tica, as\u00ed como para la elaboraci\u00f3n de iniciativas normativas vinculadas a la instauraci\u00f3n de fechas conmemorativas. \u201cEstas son fechas que permiten visibilizar la diversidad que tenemos en nuestra sociedad\u201d, concluy\u00f3 la edila.<\/p>\n<p style=\"text-align: justify\">La legisladora Malvina Gareca (PC) tambi\u00e9n puso en valor el trabajo que se lleva adelante en el <strong>Consejo Consultivo para las Personas con Discapacidad (CCPCD).<\/strong> De acuerdo con lo establecido en la Ordenanza N\u00b0 16.319, dicho \u00f3rgano debe estar conformado por representantes del Departamento Ejecutivo Municipal, del Concejo Deliberante y de organizaciones no gubernamentales cuyas actividades est\u00e9n destinadas a personas con discapacidad. Este espacio tiene como finalidad la formulaci\u00f3n, planificaci\u00f3n y asesoramiento en pol\u00edticas p\u00fablicas vinculadas a la discapacidad.<\/p>\n<p style=\"text-align: justify\">En el Concejo Deliberante se dio tratamiento a medidas orientadas a generar mecanismos de inclusi\u00f3n laboral y accesibilidad. Con este objetivo se cre\u00f3 el a\u00f1o pasado el <strong>R\u00e9gimen de Promoci\u00f3n de Empleo Formal \u201cM\u00e1s Inclusi\u00f3n, Menos Impuestos<\/strong>\u201d, destinado a incentivar la contrataci\u00f3n de personas con discapacidad mediante un sistema de exenciones tributarias para personas humanas o jur\u00eddicas que formalicen empleos en el \u00e1mbito de la ciudad de Salta. Al respecto, la concejala Malvina Gareca puso de relieve el trabajo realizado para la elaboraci\u00f3n de la Ordenanza N\u00b0 16.520 que instaura el R\u00e9gimen, manteniendo encuentros todo el a\u00f1o junto a diversos sectores del estado y distintos organismos de la sociedad civil.<\/p>\n<p style=\"text-align: justify\">En el mismo sentido, se destaca la Ordenanza N\u00b0 16.504, mediante la cual se implementan las <strong>Tiendas Inclusivas en espacios comunes de organismos municipales<\/strong> centralizados y descentralizados, as\u00ed como en el Tribunal Administrativo de Faltas, el Tribunal de Cuentas y el Concejo Deliberante. Estos espacios est\u00e1n destinados a la comercializaci\u00f3n de art\u00edculos de consumo general y ser\u00e1n atendidos por personas con discapacidad.<\/p>\n<p style=\"text-align: justify\">Asimismo, el <strong>Concejo Deliberante tambi\u00e9n adhiri\u00f3<\/strong>, mediante la norma N\u00b0 13.086, <strong>a la Ley Nacional N\u00b0 22.431, que crea el Sistema de Protecci\u00f3n Integral de los Discapacitados<\/strong>, modificado por la Ley N\u00b0 24.314. Este sistema define el concepto de persona con discapacidad y regula servicios de asistencia, salud, educaci\u00f3n, trabajo y accesibilidad.<\/p>\n<p style=\"text-align: justify\">Tambi\u00e9n se sancion\u00f3 la Ordenanza N\u00b0 16.383, que <strong>crea el Programa Plazas y Parques con Accesibilidad Universal en la ciudad de Salta<\/strong>. Esta iniciativa tiene como objeto incorporar gradualmente a todos los espacios verdes p\u00fablicos del ejido municipal juegos inclusivos, mobiliarios deportivos, rampas de acceso y descenso, camineras con baldosas podot\u00e1ctiles, y la instalaci\u00f3n de carteler\u00eda informativa con el fin de posibilitar la participaci\u00f3n de personas con discapacidad de todas las edades en actividades recreativas y deportivas al aire libre.<\/p>\n<p style=\"text-align: justify\">El a\u00f1o pasado, <strong>los concejales ampliaron los alcances de la Ordenanza N\u00b0 16.357 que dispone las licencias laborales para trabajadores municipales que tienen a su cargo personas con discapacidad<\/strong>. La normativa contemplaba \u00fanicamente a quienes tuvieran hijos con discapacidad; con la modificaci\u00f3n aprobada, se incorpora tambi\u00e9n a los trabajadores que tengan bajo su cuidado parientes, c\u00f3nyuges o convivientes en esta condici\u00f3n.<\/p>\n<p style=\"text-align: justify\">Es preciso mencionar la sanci\u00f3n de la Ordenanza N\u00b0 16.270. En su articulado se dispone la <strong>instalaci\u00f3n de ba\u00f1os qu\u00edmicos accesibles<\/strong> en eventos p\u00fablicos y privados de cualquier \u00edndole en la ciudad.<\/p>\n<p style=\"text-align: justify\">Mediante la norma N\u00b0 16.095, el Concejo Deliberante adopt\u00f3 el <strong>S\u00edmbolo de Accesibilidad Universal<\/strong> para identificar el acceso y prioridad de las personas con discapacidad en espacios p\u00fablicos, transportes y servicios, en cumplimiento del art\u00edculo 9 de la Convenci\u00f3n sobre los Derechos de las Personas con Discapacidad (Ley N\u00b0 26.378).<\/p>\n<p style=\"text-align: justify\">A su vez, la normativa N\u00b0 12.170, que regula el <strong>R\u00e9gimen de Estacionamiento Medido y Pago<\/strong>, establece que las personas con discapacidad pueden estacionar de forma gratuita por un tiempo de permanencia de entre 15 minutos y 3 horas. Mientras que la Ordenanza N\u00b0 14.093 garantiza <strong>prioridad de atenci\u00f3n<\/strong> a personas con discapacidad, adultos mayores, embarazadas y quienes lleven ni\u00f1os en brazos en instituciones del \u00e1mbito p\u00fablico municipal, provincial y nacional, as\u00ed como en el sector privado.<\/p>\n","protected":false},"excerpt":{"rendered":"<p>El 21 de marzo de cada a\u00f1o se conmemora el D\u00eda Municipal del S\u00edndrome de Down, en adhesi\u00f3n a la [&hellip;]<\/p>\n","protected":false},"author":2,"featured_media":1912,"comment_status":"closed","ping_status":"closed","sticky":false,"template":"","format":"standard","meta":{"_uag_custom_page_level_css":"","site-sidebar-layout":"default","site-content-layout":"","ast-site-content-layout":"default","site-content-style":"default","site-sidebar-style":"default","ast-global-header-display":"","ast-banner-title-visibility":"","ast-main-header-display":"","ast-hfb-above-header-display":"","ast-hfb-below-header-display":"","ast-hfb-mobile-header-display":"","site-post-title":"","ast-breadcrumbs-content":"","ast-featured-img":"","footer-sml-layout":"","ast-disable-related-posts":"","theme-transparent-header-meta":"default","adv-header-id-meta":"","stick-header-meta":"","header-above-stick-meta":"","header-main-stick-meta":"","header-below-stick-meta":"","astra-migrate-meta-layouts":"set","ast-page-background-enabled":"default","ast-page-background-meta":{"desktop":{"background-color":"var(--ast-global-color-5)","background-image":"","background-repeat":"repeat","background-position":"center center","background-size":"auto","background-attachment":"scroll","background-type":"","background-media":"","overlay-type":"","overlay-color":"","overlay-opacity":"","overlay-gradient":""},"tablet":{"background-color":"","background-image":"","background-repeat":"repeat","background-position":"center center","background-size":"auto","background-attachment":"scroll","background-type":"","background-media":"","overlay-type":"","overlay-color":"","overlay-opacity":"","overlay-gradient":""},"mobile":{"background-color":"","background-image":"","background-repeat":"repeat","background-position":"center center","background-size":"auto","background-attachment":"scroll","background-type":"","background-media":"","overlay-type":"","overlay-color":"","overlay-opacity":"","overlay-gradient":""}},"ast-content-background-meta":{"desktop":{"background-color":"var(--ast-global-color-4)","background-image":"","background-repeat":"repeat","background-position":"center center","background-size":"auto","background-attachment":"scroll","background-type":"","background-media":"","overlay-type":"","overlay-color":"","overlay-opacity":"","overlay-gradient":""},"tablet":{"background-color":"var(--ast-global-color-4)","background-image":"","background-repeat":"repeat","background-position":"center center","background-size":"auto","background-attachment":"scroll","background-type":"","background-media":"","overlay-type":"","overlay-color":"","overlay-opacity":"","overlay-gradient":""},"mobile":{"background-color":"var(--ast-global-color-4)","background-image":"","background-repeat":"repeat","background-position":"center center","background-size":"auto","background-attachment":"scroll","background-type":"","background-media":"","overlay-type":"","overlay-color":"","overlay-opacity":"","overlay-gradient":""}},"footnotes":""},"categories":[1],"tags":[],"class_list":["post-5577","post","type-post","status-publish","format-standard","has-post-thumbnail","hentry","category-sin-categoria"],"uagb_featured_image_src":{"full":["https:\/\/cdsalta.gob.ar\/wp-content\/uploads\/2025\/08\/Edificio.jpg",799,533,false],"thumbnail":["https:\/\/cdsalta.gob.ar\/wp-content\/uploads\/2025\/08\/Edificio-150x150.jpg",150,150,true],"medium":["https:\/\/cdsalta.gob.ar\/wp-content\/uploads\/2025\/08\/Edificio-300x200.jpg",300,200,true],"medium_large":["https:\/\/cdsalta.gob.ar\/wp-content\/uploads\/2025\/08\/Edificio-768x512.jpg",768,512,true],"large":["https:\/\/cdsalta.gob.ar\/wp-content\/uploads\/2025\/08\/Edificio.jpg",799,533,false],"1536x1536":["https:\/\/cdsalta.gob.ar\/wp-content\/uploads\/2025\/08\/Edificio.jpg",799,533,false],"2048x2048":["https:\/\/cdsalta.gob.ar\/wp-content\/uploads\/2025\/08\/Edificio.jpg",799,533,false],"mailpoet_newsletter_max":["https:\/\/cdsalta.gob.ar\/wp-content\/uploads\/2025\/08\/Edificio.jpg",799,533,false]},"uagb_author_info":{"display_name":"Prensa","author_link":"https:\/\/cdsalta.gob.ar\/index.php\/author\/prensa\/"},"uagb_comment_info":0,"uagb_excerpt":"El 21 de marzo de cada a\u00f1o se conmemora el D\u00eda Municipal del S\u00edndrome de Down, en adhesi\u00f3n a la [&hellip;]","_links":{"self":[{"href":"https:\/\/cdsalta.gob.ar\/index.php\/wp-json\/wp\/v2\/posts\/5577","targetHints":{"allow":["GET"]}}],"collection":[{"href":"https:\/\/cdsalta.gob.ar\/index.php\/wp-json\/wp\/v2\/posts"}],"about":[{"href":"https:\/\/cdsalta.gob.ar\/index.php\/wp-json\/wp\/v2\/types\/post"}],"author":[{"embeddable":true,"href":"https:\/\/cdsalta.gob.ar\/index.php\/wp-json\/wp\/v2\/users\/2"}],"replies":[{"embeddable":true,"href":"https:\/\/cdsalta.gob.ar\/index.php\/wp-json\/wp\/v2\/comments?post=5577"}],"version-history":[{"count":1,"href":"https:\/\/cdsalta.gob.ar\/index.php\/wp-json\/wp\/v2\/posts\/5577\/revisions"}],"predecessor-version":[{"id":5583,"href":"https:\/\/cdsalta.gob.ar\/index.php\/wp-json\/wp\/v2\/posts\/5577\/revisions\/5583"}],"wp:featuredmedia":[{"embeddable":true,"href":"https:\/\/cdsalta.gob.ar\/index.php\/wp-json\/wp\/v2\/media\/1912"}],"wp:attachment":[{"href":"https:\/\/cdsalta.gob.ar\/index.php\/wp-json\/wp\/v2\/media?parent=5577"}],"wp:term":[{"taxonomy":"category","embeddable":true,"href":"https:\/\/cdsalta.gob.ar\/index.php\/wp-json\/wp\/v2\/categories?post=5577"},{"taxonomy":"post_tag","embeddable":true,"href":"https:\/\/cdsalta.gob.ar\/index.php\/wp-json\/wp\/v2\/tags?post=5577"}],"curies":[{"name":"wp","href":"https:\/\/api.w.org\/{rel}","templated":true}]}}