{"id":5578,"date":"2026-03-20T13:04:45","date_gmt":"2026-03-20T16:04:45","guid":{"rendered":"https:\/\/cdsalta.gob.ar\/?p=5578"},"modified":"2026-03-20T13:04:45","modified_gmt":"2026-03-20T16:04:45","slug":"dictamen-favorable-a-proyectos-sobre-saneamiento-alumbrado-y-pedido-de-informe","status":"publish","type":"post","link":"https:\/\/cdsalta.gob.ar\/index.php\/2026\/03\/20\/dictamen-favorable-a-proyectos-sobre-saneamiento-alumbrado-y-pedido-de-informe\/","title":{"rendered":"<span style='font-size:16px;font-weight:normal;'>En Comisi\u00f3n de Servicios P\u00fablicos, Actividades Comerciales y Privatizaciones<\/span> <br> <span style='font-size:20px;font-weight:bold;'>Dictamen favorable a Proyectos sobre saneamiento, alumbrado y pedido de informe<\/span>"},"content":{"rendered":"<p style=\"text-align: justify\"><strong>Ayer, en Comisi\u00f3n de Servicios P\u00fablicos, Actividades Comerciales y Privatizaciones, concejales otorgaron dictamen favorable a dos Proyectos de Resoluci\u00f3n y a un Proyecto de Solicitud de Informe. Las iniciativas requieren tareas de saneamiento y mejoras en el alumbrado p\u00fablico. Como as\u00ed tambi\u00e9n el requerimiento de informaci\u00f3n vinculados al funcionamiento de un establecimiento industrial. <\/strong><\/p>\n<p style=\"text-align: justify\"><strong>Por otra parte, durante el encuentro los ediles iniciaron el an\u00e1lisis de un Proyecto de Ordenanza presentado por el concejal Gustavo Farquharson (PS), que propone modificar la norma N\u00b0 15.192, que establece obligaciones para las empresas de servicios que utilizan postes para el tendido de cables en la v\u00eda p\u00fablica. En este marco, y con el objetivo de profundizar su estudio, los concejales resolvieron convocar a funcionarios municipales de las \u00e1reas de Obras P\u00fablicas, Ambiente y Protecci\u00f3n Ciudadana.<img loading=\"lazy\" decoding=\"async\" class=\"aligncenter size-full wp-image-5581\" src=\"https:\/\/cdsalta.gob.ar\/wp-content\/uploads\/2026\/03\/55156635366_78f663b8a8_c.jpg\" alt=\"\" width=\"799\" height=\"533\" srcset=\"https:\/\/cdsalta.gob.ar\/wp-content\/uploads\/2026\/03\/55156635366_78f663b8a8_c.jpg 799w, https:\/\/cdsalta.gob.ar\/wp-content\/uploads\/2026\/03\/55156635366_78f663b8a8_c-300x200.jpg 300w, https:\/\/cdsalta.gob.ar\/wp-content\/uploads\/2026\/03\/55156635366_78f663b8a8_c-768x512.jpg 768w\" sizes=\"auto, (max-width: 799px) 100vw, 799px\" \/><\/strong><\/p>\n<p style=\"text-align: justify\">En primer t\u00e9rmino, los ediles dieron visto bueno a un Proyecto de Resoluci\u00f3n presentado por la concejala Laura Jorge Saravia (LLA), mediante el cual se solicita al Departamento Ejecutivo Municipal que gestione ante la empresa Aguas del Norte el <strong>saneamiento y la repavimentaci\u00f3n <\/strong>de la calzada en el tramo comprendido entre avenida Am\u00e9rica y avenida Artigas.<\/p>\n<p style=\"text-align: justify\">Seguidamente, se dictamin\u00f3 favorablemente un Proyecto de Resoluci\u00f3n de autor\u00eda del concejal Jos\u00e9 Garc\u00eda (YP) que requiere al DEM la ejecuci\u00f3n de obras de <strong>recambio de luminarias por tecnolog\u00eda LED<\/strong> en las avenidas Ej\u00e9rcito Argentino y Armada Argentina, desde avenida De la Paz hasta avenida 17 de Junio, en barrio Ciudad del Milagro.<\/p>\n<p style=\"text-align: justify\">Asimismo, los concejales otorgaron dictamen favorable a un Proyecto de Solicitud de Informe presentado por la concejala Laura Jorge Saravia (LLA). La iniciativa solicita al Departamento Ejecutivo Municipal que remita <strong>informaci\u00f3n vinculada al funcionamiento de un establecimiento industrial ubicado en barrio Aut\u00f3dromo<\/strong>, requiriendo precisiones sobre habilitaci\u00f3n, controles realizados, consumo de agua potable, eventuales impactos en el servicio y la existencia de reclamos vecinales.<\/p>\n<p style=\"text-align: justify\">La reuni\u00f3n fue presidida por el concejal \u00c1ngel Ortiz (UCR) y cont\u00f3 con la participaci\u00f3n de sus pares Laura Garc\u00eda (VS), Gonzalo Nieva (J), Jos\u00e9 Luis Arias (YP), Eliana Chuchuy, Camila Lobo (ambas de PS), Erica Castro y Rodrigo Quinteros (ambos de LLA).<\/p>\n","protected":false},"excerpt":{"rendered":"<p>Ayer, en Comisi\u00f3n de Servicios P\u00fablicos, Actividades Comerciales y Privatizaciones, concejales otorgaron dictamen favorable a dos Proyectos de Resoluci\u00f3n y [&hellip;]<\/p>\n","protected":false},"author":2,"featured_media":5581,"comment_status":"closed","ping_status":"closed","sticky":false,"template":"","format":"standard","meta":{"_uag_custom_page_level_css":"","site-sidebar-layout":"default","site-content-layout":"","ast-site-content-layout":"default","site-content-style":"default","site-sidebar-style":"default","ast-global-header-display":"","ast-banner-title-visibility":"","ast-main-header-display":"","ast-hfb-above-header-display":"","ast-hfb-below-header-display":"","ast-hfb-mobile-header-display":"","site-post-title":"","ast-breadcrumbs-content":"","ast-featured-img":"","footer-sml-layout":"","ast-disable-related-posts":"","theme-transparent-header-meta":"default","adv-header-id-meta":"","stick-header-meta":"","header-above-stick-meta":"","header-main-stick-meta":"","header-below-stick-meta":"","astra-migrate-meta-layouts":"set","ast-page-background-enabled":"default","ast-page-background-meta":{"desktop":{"background-color":"var(--ast-global-color-5)","background-image":"","background-repeat":"repeat","background-position":"center center","background-size":"auto","background-attachment":"scroll","background-type":"","background-media":"","overlay-type":"","overlay-color":"","overlay-opacity":"","overlay-gradient":""},"tablet":{"background-color":"","background-image":"","background-repeat":"repeat","background-position":"center center","background-size":"auto","background-attachment":"scroll","background-type":"","background-media":"","overlay-type":"","overlay-color":"","overlay-opacity":"","overlay-gradient":""},"mobile":{"background-color":"","background-image":"","background-repeat":"repeat","background-position":"center center","background-size":"auto","background-attachment":"scroll","background-type":"","background-media":"","overlay-type":"","overlay-color":"","overlay-opacity":"","overlay-gradient":""}},"ast-content-background-meta":{"desktop":{"background-color":"var(--ast-global-color-4)","background-image":"","background-repeat":"repeat","background-position":"center center","background-size":"auto","background-attachment":"scroll","background-type":"","background-media":"","overlay-type":"","overlay-color":"","overlay-opacity":"","overlay-gradient":""},"tablet":{"background-color":"var(--ast-global-color-4)","background-image":"","background-repeat":"repeat","background-position":"center center","background-size":"auto","background-attachment":"scroll","background-type":"","background-media":"","overlay-type":"","overlay-color":"","overlay-opacity":"","overlay-gradient":""},"mobile":{"background-color":"var(--ast-global-color-4)","background-image":"","background-repeat":"repeat","background-position":"center center","background-size":"auto","background-attachment":"scroll","background-type":"","background-media":"","overlay-type":"","overlay-color":"","overlay-opacity":"","overlay-gradient":""}},"footnotes":""},"categories":[1],"tags":[],"class_list":["post-5578","post","type-post","status-publish","format-standard","has-post-thumbnail","hentry","category-sin-categoria"],"uagb_featured_image_src":{"full":["https:\/\/cdsalta.gob.ar\/wp-content\/uploads\/2026\/03\/55156635366_78f663b8a8_c.jpg",799,533,false],"thumbnail":["https:\/\/cdsalta.gob.ar\/wp-content\/uploads\/2026\/03\/55156635366_78f663b8a8_c-150x150.jpg",150,150,true],"medium":["https:\/\/cdsalta.gob.ar\/wp-content\/uploads\/2026\/03\/55156635366_78f663b8a8_c-300x200.jpg",300,200,true],"medium_large":["https:\/\/cdsalta.gob.ar\/wp-content\/uploads\/2026\/03\/55156635366_78f663b8a8_c-768x512.jpg",768,512,true],"large":["https:\/\/cdsalta.gob.ar\/wp-content\/uploads\/2026\/03\/55156635366_78f663b8a8_c.jpg",799,533,false],"1536x1536":["https:\/\/cdsalta.gob.ar\/wp-content\/uploads\/2026\/03\/55156635366_78f663b8a8_c.jpg",799,533,false],"2048x2048":["https:\/\/cdsalta.gob.ar\/wp-content\/uploads\/2026\/03\/55156635366_78f663b8a8_c.jpg",799,533,false],"mailpoet_newsletter_max":["https:\/\/cdsalta.gob.ar\/wp-content\/uploads\/2026\/03\/55156635366_78f663b8a8_c.jpg",799,533,false]},"uagb_author_info":{"display_name":"Prensa","author_link":"https:\/\/cdsalta.gob.ar\/index.php\/author\/prensa\/"},"uagb_comment_info":0,"uagb_excerpt":"Ayer, en Comisi\u00f3n de Servicios P\u00fablicos, Actividades Comerciales y Privatizaciones, concejales otorgaron dictamen favorable a dos Proyectos de Resoluci\u00f3n y [&hellip;]","_links":{"self":[{"href":"https:\/\/cdsalta.gob.ar\/index.php\/wp-json\/wp\/v2\/posts\/5578","targetHints":{"allow":["GET"]}}],"collection":[{"href":"https:\/\/cdsalta.gob.ar\/index.php\/wp-json\/wp\/v2\/posts"}],"about":[{"href":"https:\/\/cdsalta.gob.ar\/index.php\/wp-json\/wp\/v2\/types\/post"}],"author":[{"embeddable":true,"href":"https:\/\/cdsalta.gob.ar\/index.php\/wp-json\/wp\/v2\/users\/2"}],"replies":[{"embeddable":true,"href":"https:\/\/cdsalta.gob.ar\/index.php\/wp-json\/wp\/v2\/comments?post=5578"}],"version-history":[{"count":1,"href":"https:\/\/cdsalta.gob.ar\/index.php\/wp-json\/wp\/v2\/posts\/5578\/revisions"}],"predecessor-version":[{"id":5584,"href":"https:\/\/cdsalta.gob.ar\/index.php\/wp-json\/wp\/v2\/posts\/5578\/revisions\/5584"}],"wp:featuredmedia":[{"embeddable":true,"href":"https:\/\/cdsalta.gob.ar\/index.php\/wp-json\/wp\/v2\/media\/5581"}],"wp:attachment":[{"href":"https:\/\/cdsalta.gob.ar\/index.php\/wp-json\/wp\/v2\/media?parent=5578"}],"wp:term":[{"taxonomy":"category","embeddable":true,"href":"https:\/\/cdsalta.gob.ar\/index.php\/wp-json\/wp\/v2\/categories?post=5578"},{"taxonomy":"post_tag","embeddable":true,"href":"https:\/\/cdsalta.gob.ar\/index.php\/wp-json\/wp\/v2\/tags?post=5578"}],"curies":[{"name":"wp","href":"https:\/\/api.w.org\/{rel}","templated":true}]}}