{"id":5589,"date":"2026-03-25T13:07:56","date_gmt":"2026-03-25T16:07:56","guid":{"rendered":"https:\/\/cdsalta.gob.ar\/?p=5589"},"modified":"2026-03-25T13:07:56","modified_gmt":"2026-03-25T16:07:56","slug":"la-comision-de-salud-continuara-analizando-el-anteproyecto-que-propone-crear-un-banco-municipal-de-tecnologia-inclusiva","status":"publish","type":"post","link":"https:\/\/cdsalta.gob.ar\/index.php\/2026\/03\/25\/la-comision-de-salud-continuara-analizando-el-anteproyecto-que-propone-crear-un-banco-municipal-de-tecnologia-inclusiva\/","title":{"rendered":"<span style='font-size:16px;font-weight:normal;'>Fueron convocados directivos de escuelas t\u00e9cnicas y del IITA<\/span> <br> <span style='font-size:20px;font-weight:bold;'>La Comisi\u00f3n de Salud continuar\u00e1 analizando el anteproyecto que propone crear un Banco Municipal de Tecnolog\u00eda Inclusiva<\/span>"},"content":{"rendered":"<p style=\"text-align: justify\"><strong>En el marco de una nueva reuni\u00f3n de la Comisi\u00f3n de Salud, Deportes, Infancia, Juventud y Tercera Edad, prevista para ma\u00f1ana jueves 26 de marzo a horas 9:00, ediles dar\u00e1n continuidad al an\u00e1lisis de un Proyecto de Ordenanza vinculado a la creaci\u00f3n de un Banco Municipal de Tecnolog\u00eda Inclusiva. Para ello fueron convocados directivos de establecimientos educativos t\u00e9cnicos y representantes del Instituto de Innovaci\u00f3n y Tecnolog\u00eda Aplicada.<\/strong><\/p>\n<p style=\"text-align: justify\"><strong>La convocatoria fue dispuesta por los legisladores con el objeto de avanzar en el tratamiento del anteproyecto elaborado por alumnos que participaron del programa \u00abConcejales por un D\u00eda\u00bb. La propuesta plantea la creaci\u00f3n del Banco Municipal de Tecnolog\u00eda Inclusiva en el \u00e1mbito de la Municipalidad de Salta, destinado a la recolecci\u00f3n, reacondicionamiento y distribuci\u00f3n de dispositivos tecnol\u00f3gicos \u2014como celulares, tablets, notebooks y computadoras\u2014 para su entrega a adultos mayores y personas en situaci\u00f3n de vulnerabilidad social.<\/strong><\/p>\n<p><img loading=\"lazy\" decoding=\"async\" class=\"aligncenter size-full wp-image-5570\" src=\"https:\/\/cdsalta.gob.ar\/wp-content\/uploads\/2026\/03\/55155430367_49c0b51f9c_c.jpg\" alt=\"\" width=\"800\" height=\"533\" srcset=\"https:\/\/cdsalta.gob.ar\/wp-content\/uploads\/2026\/03\/55155430367_49c0b51f9c_c.jpg 800w, https:\/\/cdsalta.gob.ar\/wp-content\/uploads\/2026\/03\/55155430367_49c0b51f9c_c-300x200.jpg 300w, https:\/\/cdsalta.gob.ar\/wp-content\/uploads\/2026\/03\/55155430367_49c0b51f9c_c-768x512.jpg 768w\" sizes=\"auto, (max-width: 800px) 100vw, 800px\" \/><\/p>\n<p style=\"text-align: justify\"><strong>Fueron invitados a participar <\/strong>del encuentro la directora de la Escuela de Educaci\u00f3n T\u00e9cnica N\u00b0 3138 \u00abAlbert Einstein\u00bb, Mercedes de los Remedios S\u00e1nchez; la directora de la Escuela de Educaci\u00f3n T\u00e9cnica N\u00b0 3, Amalia R\u00edos; y el presidente de la Fundaci\u00f3n Innovar, Ing. Gustavo Viollaz, en representaci\u00f3n del Instituto de Innovaci\u00f3n y Tecnolog\u00eda Aplicada (IITA).<\/p>\n<p style=\"text-align: justify\">Cabe recordar que, durante el an\u00e1lisis llevado adelante en la Comisi\u00f3n hasta la fecha, los concejales recibieron al coordinador general del \u00c1rea de Modernizaci\u00f3n de la Municipalidad, Juan Sebasti\u00e1n Ib\u00e1\u00f1ez, con quien analizaron la posible implementaci\u00f3n de la propuesta en el \u00e1mbito municipal, abordando aspectos vinculados al reciclaje de dispositivos tecnol\u00f3gicos y su destino social. En ese marco, <strong>los ediles coincidieron en la importancia de ampliar la participaci\u00f3n de actores del sistema educativo t\u00e9cnico, a fin de recabar aportes y evaluar la viabilidad de la iniciativa en la ciudad.<\/strong><\/p>\n<p style=\"text-align: justify\">La Comisi\u00f3n es presidida por la edila In\u00e9s Bennassar (GSC) y est\u00e1 acompa\u00f1ada por sus pares Pablo L\u00f3pez (LP), Jos\u00e9 Luis Arias (YP), Carlos Casasola y Florencia Le\u00f3n (ambos de LLA).<\/p>\n","protected":false},"excerpt":{"rendered":"<p>En el marco de una nueva reuni\u00f3n de la Comisi\u00f3n de Salud, Deportes, Infancia, Juventud y Tercera Edad, prevista para [&hellip;]<\/p>\n","protected":false},"author":2,"featured_media":5570,"comment_status":"closed","ping_status":"closed","sticky":false,"template":"","format":"standard","meta":{"_uag_custom_page_level_css":"","site-sidebar-layout":"default","site-content-layout":"","ast-site-content-layout":"default","site-content-style":"default","site-sidebar-style":"default","ast-global-header-display":"","ast-banner-title-visibility":"","ast-main-header-display":"","ast-hfb-above-header-display":"","ast-hfb-below-header-display":"","ast-hfb-mobile-header-display":"","site-post-title":"","ast-breadcrumbs-content":"","ast-featured-img":"","footer-sml-layout":"","ast-disable-related-posts":"","theme-transparent-header-meta":"default","adv-header-id-meta":"","stick-header-meta":"","header-above-stick-meta":"","header-main-stick-meta":"","header-below-stick-meta":"","astra-migrate-meta-layouts":"set","ast-page-background-enabled":"default","ast-page-background-meta":{"desktop":{"background-color":"var(--ast-global-color-5)","background-image":"","background-repeat":"repeat","background-position":"center center","background-size":"auto","background-attachment":"scroll","background-type":"","background-media":"","overlay-type":"","overlay-color":"","overlay-opacity":"","overlay-gradient":""},"tablet":{"background-color":"","background-image":"","background-repeat":"repeat","background-position":"center center","background-size":"auto","background-attachment":"scroll","background-type":"","background-media":"","overlay-type":"","overlay-color":"","overlay-opacity":"","overlay-gradient":""},"mobile":{"background-color":"","background-image":"","background-repeat":"repeat","background-position":"center center","background-size":"auto","background-attachment":"scroll","background-type":"","background-media":"","overlay-type":"","overlay-color":"","overlay-opacity":"","overlay-gradient":""}},"ast-content-background-meta":{"desktop":{"background-color":"var(--ast-global-color-4)","background-image":"","background-repeat":"repeat","background-position":"center center","background-size":"auto","background-attachment":"scroll","background-type":"","background-media":"","overlay-type":"","overlay-color":"","overlay-opacity":"","overlay-gradient":""},"tablet":{"background-color":"var(--ast-global-color-4)","background-image":"","background-repeat":"repeat","background-position":"center center","background-size":"auto","background-attachment":"scroll","background-type":"","background-media":"","overlay-type":"","overlay-color":"","overlay-opacity":"","overlay-gradient":""},"mobile":{"background-color":"var(--ast-global-color-4)","background-image":"","background-repeat":"repeat","background-position":"center center","background-size":"auto","background-attachment":"scroll","background-type":"","background-media":"","overlay-type":"","overlay-color":"","overlay-opacity":"","overlay-gradient":""}},"footnotes":""},"categories":[1],"tags":[],"class_list":["post-5589","post","type-post","status-publish","format-standard","has-post-thumbnail","hentry","category-sin-categoria"],"uagb_featured_image_src":{"full":["https:\/\/cdsalta.gob.ar\/wp-content\/uploads\/2026\/03\/55155430367_49c0b51f9c_c.jpg",800,533,false],"thumbnail":["https:\/\/cdsalta.gob.ar\/wp-content\/uploads\/2026\/03\/55155430367_49c0b51f9c_c-150x150.jpg",150,150,true],"medium":["https:\/\/cdsalta.gob.ar\/wp-content\/uploads\/2026\/03\/55155430367_49c0b51f9c_c-300x200.jpg",300,200,true],"medium_large":["https:\/\/cdsalta.gob.ar\/wp-content\/uploads\/2026\/03\/55155430367_49c0b51f9c_c-768x512.jpg",768,512,true],"large":["https:\/\/cdsalta.gob.ar\/wp-content\/uploads\/2026\/03\/55155430367_49c0b51f9c_c.jpg",800,533,false],"1536x1536":["https:\/\/cdsalta.gob.ar\/wp-content\/uploads\/2026\/03\/55155430367_49c0b51f9c_c.jpg",800,533,false],"2048x2048":["https:\/\/cdsalta.gob.ar\/wp-content\/uploads\/2026\/03\/55155430367_49c0b51f9c_c.jpg",800,533,false],"mailpoet_newsletter_max":["https:\/\/cdsalta.gob.ar\/wp-content\/uploads\/2026\/03\/55155430367_49c0b51f9c_c.jpg",800,533,false]},"uagb_author_info":{"display_name":"Prensa","author_link":"https:\/\/cdsalta.gob.ar\/index.php\/author\/prensa\/"},"uagb_comment_info":0,"uagb_excerpt":"En el marco de una nueva reuni\u00f3n de la Comisi\u00f3n de Salud, Deportes, Infancia, Juventud y Tercera Edad, prevista para [&hellip;]","_links":{"self":[{"href":"https:\/\/cdsalta.gob.ar\/index.php\/wp-json\/wp\/v2\/posts\/5589","targetHints":{"allow":["GET"]}}],"collection":[{"href":"https:\/\/cdsalta.gob.ar\/index.php\/wp-json\/wp\/v2\/posts"}],"about":[{"href":"https:\/\/cdsalta.gob.ar\/index.php\/wp-json\/wp\/v2\/types\/post"}],"author":[{"embeddable":true,"href":"https:\/\/cdsalta.gob.ar\/index.php\/wp-json\/wp\/v2\/users\/2"}],"replies":[{"embeddable":true,"href":"https:\/\/cdsalta.gob.ar\/index.php\/wp-json\/wp\/v2\/comments?post=5589"}],"version-history":[{"count":1,"href":"https:\/\/cdsalta.gob.ar\/index.php\/wp-json\/wp\/v2\/posts\/5589\/revisions"}],"predecessor-version":[{"id":5593,"href":"https:\/\/cdsalta.gob.ar\/index.php\/wp-json\/wp\/v2\/posts\/5589\/revisions\/5593"}],"wp:featuredmedia":[{"embeddable":true,"href":"https:\/\/cdsalta.gob.ar\/index.php\/wp-json\/wp\/v2\/media\/5570"}],"wp:attachment":[{"href":"https:\/\/cdsalta.gob.ar\/index.php\/wp-json\/wp\/v2\/media?parent=5589"}],"wp:term":[{"taxonomy":"category","embeddable":true,"href":"https:\/\/cdsalta.gob.ar\/index.php\/wp-json\/wp\/v2\/categories?post=5589"},{"taxonomy":"post_tag","embeddable":true,"href":"https:\/\/cdsalta.gob.ar\/index.php\/wp-json\/wp\/v2\/tags?post=5589"}],"curies":[{"name":"wp","href":"https:\/\/api.w.org\/{rel}","templated":true}]}}