{"id":5596,"date":"2026-03-26T12:54:57","date_gmt":"2026-03-26T15:54:57","guid":{"rendered":"https:\/\/cdsalta.gob.ar\/?p=5596"},"modified":"2026-03-26T12:54:57","modified_gmt":"2026-03-26T15:54:57","slug":"esta-tarde-se-entregaran-los-reconocimientos-a-mujeres-destacadas-macacha-guemes-2026","status":"publish","type":"post","link":"https:\/\/cdsalta.gob.ar\/index.php\/2026\/03\/26\/esta-tarde-se-entregaran-los-reconocimientos-a-mujeres-destacadas-macacha-guemes-2026\/","title":{"rendered":"<span style='font-size:16px;font-weight:normal;'>A horas 18:00, en el Teatro Municipal<\/span> <br> <span style='font-size:20px;font-weight:bold;'>Esta tarde se entregar\u00e1n los reconocimientos  a Mujeres Destacadas \u201cMacacha G\u00fcemes\u201d 2026<\/span>"},"content":{"rendered":"<p style=\"text-align: justify\"><strong>El Concejo Deliberante llevar\u00e1 adelante esta tarde, a horas 18.00, el acto de entrega de reconocimientos a Mujeres Destacadas \u201cMacacha G\u00fcemes\u201d 2026, actividad que se realiza por sexto a\u00f1o consecutivo, en el marco del D\u00eda Internacional de la Mujer. La ceremonia tendr\u00e1 lugar en el Teatro Municipal, ubicado en avenida Paraguay 1240. En la ocasi\u00f3n se distinguir\u00e1 a 21 mujeres, valorando las acciones y el trabajo desinteresado que llevan adelante en diversos \u00e1mbitos, como aporte a la comunidad.<\/strong><\/p>\n<p style=\"text-align: justify\"><strong>La presidenta de la Comisi\u00f3n de Derechos Humanos y Mujeres del CD, la concejala Malvina Gareca (PC), brind\u00f3 detalles del evento, sosteniendo: \u201cComo cada a\u00f1o organizamos este reconocimiento, donde cada concejal elige una mujer de la ciudad para destacarla por su labor social, su trayectoria o su liderazgo\u201d. Asimismo, consider\u00f3 que la realizaci\u00f3n de la ceremonia es una oportunidad para conocer historias de vida, intercambiar experiencias y construir lazos entre las mujeres salte\u00f1as.<\/strong><\/p>\n<p><img loading=\"lazy\" decoding=\"async\" class=\"aligncenter size-full wp-image-5521\" src=\"https:\/\/cdsalta.gob.ar\/wp-content\/uploads\/2026\/03\/WhatsApp-Image-2026-03-18-at-10.01.36-AM.jpeg\" alt=\"\" width=\"1080\" height=\"720\" srcset=\"https:\/\/cdsalta.gob.ar\/wp-content\/uploads\/2026\/03\/WhatsApp-Image-2026-03-18-at-10.01.36-AM.jpeg 1080w, https:\/\/cdsalta.gob.ar\/wp-content\/uploads\/2026\/03\/WhatsApp-Image-2026-03-18-at-10.01.36-AM-300x200.jpeg 300w, https:\/\/cdsalta.gob.ar\/wp-content\/uploads\/2026\/03\/WhatsApp-Image-2026-03-18-at-10.01.36-AM-1024x683.jpeg 1024w, https:\/\/cdsalta.gob.ar\/wp-content\/uploads\/2026\/03\/WhatsApp-Image-2026-03-18-at-10.01.36-AM-768x512.jpeg 768w\" sizes=\"auto, (max-width: 1080px) 100vw, 1080px\" \/><\/p>\n<p style=\"text-align: justify\">La distinci\u00f3n fue <strong>instaurada mediante Resoluci\u00f3n N\u00b0 09\/21 <\/strong>con el objeto de reconocer las acciones y el trabajo desinteresado que llevan adelante mujeres de diversos \u00e1mbitos como aporte a la comunidad y al fortalecimiento del entramado social de la ciudad.<\/p>\n<p style=\"text-align: justify\">En este sentido, la normativa establece que <strong>cada concejal es el encargado de seleccionar a una mujer <\/strong>que realice una labor destacada en la ciudad para recibir el reconocimiento, debiendo presentar sus datos personales, una rese\u00f1a y la trayectoria en la que se exponga el impacto social de su trabajo. Asimismo, se fija que la <strong>distinci\u00f3n sea otorgada durante el mes de marzo de cada a\u00f1o, <\/strong>en el marco de las actividades conmemorativas vinculadas al D\u00eda Internacional de la Mujer.<\/p>\n<p style=\"text-align: justify\">Para el presente a\u00f1o, el Concejo Deliberante capitalino destacar\u00e1 a mujeres que llevan adelante una loable tarea tanto del \u00e1mbito social, cultural, deportivo, as\u00ed como como del profesional y el emprendedurismo. La <strong>n\u00f3mina<\/strong> est\u00e1 compuesta por las siguientes mujeres: Ang\u00e9lica Ger\u00f3nimo, Norma Azar, Silvana Mangog\u00f1a, Noem\u00ed Coronel, Susana S\u00e1nchez, Viviana Carmona, Mariana Cisneros, Adriana Vaquero, Susana Caro, \u00darsula R\u00edos Malan, Silvina Eckhardt, M\u00f3nica Castillo Tejedor, Nora Cardozo, Fany Flores Lara, Micaela Pacheco, Claudia Garc\u00eda, Cecilia Mart\u00ednez, M\u00f3nica Gelsi, Mar\u00eda Jos\u00e9 Ch\u00e1vez y Luciana Rossi.<\/p>\n","protected":false},"excerpt":{"rendered":"<p>El Concejo Deliberante llevar\u00e1 adelante esta tarde, a horas 18.00, el acto de entrega de reconocimientos a Mujeres Destacadas \u201cMacacha [&hellip;]<\/p>\n","protected":false},"author":2,"featured_media":5521,"comment_status":"closed","ping_status":"closed","sticky":false,"template":"","format":"standard","meta":{"_uag_custom_page_level_css":"","site-sidebar-layout":"default","site-content-layout":"","ast-site-content-layout":"default","site-content-style":"default","site-sidebar-style":"default","ast-global-header-display":"","ast-banner-title-visibility":"","ast-main-header-display":"","ast-hfb-above-header-display":"","ast-hfb-below-header-display":"","ast-hfb-mobile-header-display":"","site-post-title":"","ast-breadcrumbs-content":"","ast-featured-img":"","footer-sml-layout":"","ast-disable-related-posts":"","theme-transparent-header-meta":"default","adv-header-id-meta":"","stick-header-meta":"","header-above-stick-meta":"","header-main-stick-meta":"","header-below-stick-meta":"","astra-migrate-meta-layouts":"set","ast-page-background-enabled":"default","ast-page-background-meta":{"desktop":{"background-color":"var(--ast-global-color-5)","background-image":"","background-repeat":"repeat","background-position":"center center","background-size":"auto","background-attachment":"scroll","background-type":"","background-media":"","overlay-type":"","overlay-color":"","overlay-opacity":"","overlay-gradient":""},"tablet":{"background-color":"","background-image":"","background-repeat":"repeat","background-position":"center center","background-size":"auto","background-attachment":"scroll","background-type":"","background-media":"","overlay-type":"","overlay-color":"","overlay-opacity":"","overlay-gradient":""},"mobile":{"background-color":"","background-image":"","background-repeat":"repeat","background-position":"center center","background-size":"auto","background-attachment":"scroll","background-type":"","background-media":"","overlay-type":"","overlay-color":"","overlay-opacity":"","overlay-gradient":""}},"ast-content-background-meta":{"desktop":{"background-color":"var(--ast-global-color-4)","background-image":"","background-repeat":"repeat","background-position":"center center","background-size":"auto","background-attachment":"scroll","background-type":"","background-media":"","overlay-type":"","overlay-color":"","overlay-opacity":"","overlay-gradient":""},"tablet":{"background-color":"var(--ast-global-color-4)","background-image":"","background-repeat":"repeat","background-position":"center center","background-size":"auto","background-attachment":"scroll","background-type":"","background-media":"","overlay-type":"","overlay-color":"","overlay-opacity":"","overlay-gradient":""},"mobile":{"background-color":"var(--ast-global-color-4)","background-image":"","background-repeat":"repeat","background-position":"center center","background-size":"auto","background-attachment":"scroll","background-type":"","background-media":"","overlay-type":"","overlay-color":"","overlay-opacity":"","overlay-gradient":""}},"footnotes":""},"categories":[1],"tags":[],"class_list":["post-5596","post","type-post","status-publish","format-standard","has-post-thumbnail","hentry","category-sin-categoria"],"uagb_featured_image_src":{"full":["https:\/\/cdsalta.gob.ar\/wp-content\/uploads\/2026\/03\/WhatsApp-Image-2026-03-18-at-10.01.36-AM.jpeg",1080,720,false],"thumbnail":["https:\/\/cdsalta.gob.ar\/wp-content\/uploads\/2026\/03\/WhatsApp-Image-2026-03-18-at-10.01.36-AM-150x150.jpeg",150,150,true],"medium":["https:\/\/cdsalta.gob.ar\/wp-content\/uploads\/2026\/03\/WhatsApp-Image-2026-03-18-at-10.01.36-AM-300x200.jpeg",300,200,true],"medium_large":["https:\/\/cdsalta.gob.ar\/wp-content\/uploads\/2026\/03\/WhatsApp-Image-2026-03-18-at-10.01.36-AM-768x512.jpeg",768,512,true],"large":["https:\/\/cdsalta.gob.ar\/wp-content\/uploads\/2026\/03\/WhatsApp-Image-2026-03-18-at-10.01.36-AM-1024x683.jpeg",1024,683,true],"1536x1536":["https:\/\/cdsalta.gob.ar\/wp-content\/uploads\/2026\/03\/WhatsApp-Image-2026-03-18-at-10.01.36-AM.jpeg",1080,720,false],"2048x2048":["https:\/\/cdsalta.gob.ar\/wp-content\/uploads\/2026\/03\/WhatsApp-Image-2026-03-18-at-10.01.36-AM.jpeg",1080,720,false],"mailpoet_newsletter_max":["https:\/\/cdsalta.gob.ar\/wp-content\/uploads\/2026\/03\/WhatsApp-Image-2026-03-18-at-10.01.36-AM.jpeg",1080,720,false]},"uagb_author_info":{"display_name":"Prensa","author_link":"https:\/\/cdsalta.gob.ar\/index.php\/author\/prensa\/"},"uagb_comment_info":0,"uagb_excerpt":"El Concejo Deliberante llevar\u00e1 adelante esta tarde, a horas 18.00, el acto de entrega de reconocimientos a Mujeres Destacadas \u201cMacacha [&hellip;]","_links":{"self":[{"href":"https:\/\/cdsalta.gob.ar\/index.php\/wp-json\/wp\/v2\/posts\/5596","targetHints":{"allow":["GET"]}}],"collection":[{"href":"https:\/\/cdsalta.gob.ar\/index.php\/wp-json\/wp\/v2\/posts"}],"about":[{"href":"https:\/\/cdsalta.gob.ar\/index.php\/wp-json\/wp\/v2\/types\/post"}],"author":[{"embeddable":true,"href":"https:\/\/cdsalta.gob.ar\/index.php\/wp-json\/wp\/v2\/users\/2"}],"replies":[{"embeddable":true,"href":"https:\/\/cdsalta.gob.ar\/index.php\/wp-json\/wp\/v2\/comments?post=5596"}],"version-history":[{"count":1,"href":"https:\/\/cdsalta.gob.ar\/index.php\/wp-json\/wp\/v2\/posts\/5596\/revisions"}],"predecessor-version":[{"id":5600,"href":"https:\/\/cdsalta.gob.ar\/index.php\/wp-json\/wp\/v2\/posts\/5596\/revisions\/5600"}],"wp:featuredmedia":[{"embeddable":true,"href":"https:\/\/cdsalta.gob.ar\/index.php\/wp-json\/wp\/v2\/media\/5521"}],"wp:attachment":[{"href":"https:\/\/cdsalta.gob.ar\/index.php\/wp-json\/wp\/v2\/media?parent=5596"}],"wp:term":[{"taxonomy":"category","embeddable":true,"href":"https:\/\/cdsalta.gob.ar\/index.php\/wp-json\/wp\/v2\/categories?post=5596"},{"taxonomy":"post_tag","embeddable":true,"href":"https:\/\/cdsalta.gob.ar\/index.php\/wp-json\/wp\/v2\/tags?post=5596"}],"curies":[{"name":"wp","href":"https:\/\/api.w.org\/{rel}","templated":true}]}}