{"id":5597,"date":"2026-03-26T12:54:59","date_gmt":"2026-03-26T15:54:59","guid":{"rendered":"https:\/\/cdsalta.gob.ar\/?p=5597"},"modified":"2026-03-26T12:54:59","modified_gmt":"2026-03-26T15:54:59","slug":"la-policia-de-la-provincia-es-un-pilar-fundamental-para-la-seguridad-de-los-saltenos","status":"publish","type":"post","link":"https:\/\/cdsalta.gob.ar\/index.php\/2026\/03\/26\/la-policia-de-la-provincia-es-un-pilar-fundamental-para-la-seguridad-de-los-saltenos\/","title":{"rendered":"<span style='font-size:16px;font-weight:normal;'>Sostuvo Madile durante del acto por el 201\u00b0 aniversario de la Polic\u00eda de Salta<\/span> <br> <span style='font-size:20px;font-weight:bold;'>\u201cLa Polic\u00eda de la Provincia es un pilar  fundamental para la seguridad de los salte\u00f1os\u201d<\/span>"},"content":{"rendered":"<p style=\"text-align: justify\"><strong>El presidente del Concejo Deliberante, Dar\u00edo Madile, particip\u00f3 hoy del acto conmemorativo por el 201\u00ba aniversario de la creaci\u00f3n de la Polic\u00eda de Salta, realizado en la explanada del Monumento al General Mart\u00edn Miguel de G\u00fcemes. La ceremonia fue encabezada por el vicegobernador de la provincia, Antonio Marocco, junto al ministro de Seguridad y Justicia, Gaspar Sol\u00e1 Usandivaras; y el jefe de la Polic\u00eda de la Provincia, Diego Antonio Bustos. La actividad incluy\u00f3 una invocaci\u00f3n religiosa, homenajes, entrega de reconocimientos, palabras alusivas y el tradicional desfile de las formaciones.<\/strong><\/p>\n<p style=\"text-align: justify\"><strong>En el marco del acto, Madile, valor\u00f3 la importancia de la conmemoraci\u00f3n y el rol de la instituci\u00f3n policial en la comunidad. En ese sentido, expres\u00f3: \u201cSiempre es un acto importante reconocer el aniversario de la Polic\u00eda de Salta, por todo lo que significa y lo que implica una instituci\u00f3n de esta relevancia\u201d. Asimismo, destac\u00f3 el aporte de la fuerza en materia de seguridad y prevenci\u00f3n, se\u00f1alando: \u201cEs un pilar fundamental, desde el cuidado diario y la seguridad que nos brindan a todos los que vivimos en esta ciudad\u201d. En la misma l\u00ednea, subray\u00f3 el trabajo realizado en \u00e1reas espec\u00edficas: \u201cTambi\u00e9n es fundamental la tarea de evitar el ingreso de droga a la ciudad y a la provincia, y todo lo que implica en prevenci\u00f3n y en la respuesta ante emergencias que cumple esta instituci\u00f3n\u201d.<\/strong><\/p>\n<p><img loading=\"lazy\" decoding=\"async\" class=\"aligncenter size-full wp-image-5599\" src=\"https:\/\/cdsalta.gob.ar\/wp-content\/uploads\/2026\/03\/55170078680_cd3a73575b_c.jpg\" alt=\"\" width=\"800\" height=\"600\" srcset=\"https:\/\/cdsalta.gob.ar\/wp-content\/uploads\/2026\/03\/55170078680_cd3a73575b_c.jpg 800w, https:\/\/cdsalta.gob.ar\/wp-content\/uploads\/2026\/03\/55170078680_cd3a73575b_c-300x225.jpg 300w, https:\/\/cdsalta.gob.ar\/wp-content\/uploads\/2026\/03\/55170078680_cd3a73575b_c-768x576.jpg 768w\" sizes=\"auto, (max-width: 800px) 100vw, 800px\" \/><\/p>\n<p style=\"text-align: justify\"><strong>El acto dio inicio con la revista y saludo a la \u201cFormaci\u00f3n 26 de Marzo\u201d,<\/strong> continuando con la entonaci\u00f3n del Himno Nacional Argentino y la Marcha a las Malvinas. Posteriormente se realiz\u00f3 un <strong>minuto de silencio<\/strong> en memoria del personal policial ca\u00eddo en cumplimiento del deber y de quienes fallecieron a causa de COVID-19.<\/p>\n<p style=\"text-align: justify\">Durante la ceremonia, se llev\u00f3 a cabo una <strong>invocaci\u00f3n religiosa<\/strong> a cargo del capell\u00e1n presb\u00edtero Carlos Dada, quien pidi\u00f3 protecci\u00f3n y gu\u00eda para quienes integran la fuerza. Asimismo, record\u00f3 a los efectivos fallecidos en cumplimiento del deber, destacando su legado: \u201c<strong>Recordamos con respeto y gratitud a aquellos hombres y mujeres que dieron su vida en actos de servicio, dejando un legado de entrega; que encuentren descanso eterno y su sacrificio sea consuelo para sus familias<\/strong>\u201d. En otro tramo de la invocaci\u00f3n, el capell\u00e1n solicit\u00f3 el fortalecimiento de la vocaci\u00f3n de servicio de los integrantes de la instituci\u00f3n.<\/p>\n<p style=\"text-align: justify\">Durante el acto se dio lectura a una <strong>resoluci\u00f3n de la Corte de Justicia mediante la cual se otorg\u00f3 reconocimiento a integrantes de la Polic\u00eda de Salta<\/strong>. Luego se realiz\u00f3 un intercambio de presentes con fuerzas de seguridad de distintas provincias y distinciones del Servicio Penitenciario provincial.<\/p>\n<p style=\"text-align: justify\">Asimismo, <strong>se destac\u00f3 el trabajo de un \u00e1rea institucional orientada al acompa\u00f1amiento de efectivos y sus familias en situaciones cr\u00edticas de salud<\/strong>, resaltando su abordaje humano y cercano. En ese marco, dos hijas de efectivos brindaron testimonios de agradecimiento hacia las autoridades policiales por el acompa\u00f1amiento recibido, poniendo de relieve el valor de la contenci\u00f3n y el compromiso de la instituci\u00f3n en momentos de especial vulnerabilidad.<\/p>\n<p style=\"text-align: justify\">En el marco del acto, el <strong>ministro de Seguridad y Justicia de la provincia, Gaspar Sol\u00e1 Usandivaras,<\/strong> dirigi\u00f3 unas palabras a los presentes, destacando el rol hist\u00f3rico y actual de la instituci\u00f3n policial. En ese sentido, subray\u00f3: \u201cHoy no es un d\u00eda m\u00e1s para todos los salte\u00f1os, hoy estamos celebrando 201 a\u00f1os de creaci\u00f3n de nuestra Polic\u00eda al servicio de Salta\u201d, remarcando adem\u00e1s que se trata de \u201c<strong>una de las instituciones m\u00e1s antiguas y la m\u00e1s grande de la provincia<\/strong>\u201d. Asimismo, agradeci\u00f3 tanto al personal policial como a sus familias por el acompa\u00f1amiento permanente. \u201cEs un orgullo tener un padre, un hijo o un hermano como miembro de la fuerza\u201d, sostuvo.<\/p>\n<p style=\"text-align: justify\">Por su parte, <strong>el jefe de la Polic\u00eda de la Provincia, Diego Antonio Bustos<\/strong>, brind\u00f3 un discurso en el que repas\u00f3 el significado institucional de la fecha y puso en valor el rol de la fuerza en la sociedad. Durante su alocuci\u00f3n, sostuvo: \u201c<strong>Hoy nos convoca mucho m\u00e1s que una fecha, nos convoca la historia, el honor y el servicio. Celebramos el 201\u00b0 aniversario de nuestra querida Polic\u00eda de Salta<\/strong>\u201d, remarcando que \u201cno hablamos solo de tiempo, hablamos de generaciones enteras de hombres y mujeres que eligieron un camino dif\u00edcil, el de cuidar a los dem\u00e1s, aun a costa de sus propias vidas\u201d.<\/p>\n<p style=\"text-align: justify\">Tambi\u00e9n participaron del acto la presidenta de la Corte de Justicia, Teresa Ovejero Cornejo; funcionarios del Poder Ejecutivo y Legislativo; autoridades de la Jefatura Mayor, del Servicio Penitenciario Provincial y de fuerzas de seguridad nacionales; junto a jefes y representantes de las polic\u00edas de Catamarca, Jujuy, La Rioja, San Juan, Neuqu\u00e9n, San Luis y Formosa.<\/p>\n","protected":false},"excerpt":{"rendered":"<p>El presidente del Concejo Deliberante, Dar\u00edo Madile, particip\u00f3 hoy del acto conmemorativo por el 201\u00ba aniversario de la creaci\u00f3n de [&hellip;]<\/p>\n","protected":false},"author":2,"featured_media":5599,"comment_status":"closed","ping_status":"closed","sticky":false,"template":"","format":"standard","meta":{"_uag_custom_page_level_css":"","site-sidebar-layout":"default","site-content-layout":"","ast-site-content-layout":"default","site-content-style":"default","site-sidebar-style":"default","ast-global-header-display":"","ast-banner-title-visibility":"","ast-main-header-display":"","ast-hfb-above-header-display":"","ast-hfb-below-header-display":"","ast-hfb-mobile-header-display":"","site-post-title":"","ast-breadcrumbs-content":"","ast-featured-img":"","footer-sml-layout":"","ast-disable-related-posts":"","theme-transparent-header-meta":"default","adv-header-id-meta":"","stick-header-meta":"","header-above-stick-meta":"","header-main-stick-meta":"","header-below-stick-meta":"","astra-migrate-meta-layouts":"set","ast-page-background-enabled":"default","ast-page-background-meta":{"desktop":{"background-color":"var(--ast-global-color-5)","background-image":"","background-repeat":"repeat","background-position":"center center","background-size":"auto","background-attachment":"scroll","background-type":"","background-media":"","overlay-type":"","overlay-color":"","overlay-opacity":"","overlay-gradient":""},"tablet":{"background-color":"","background-image":"","background-repeat":"repeat","background-position":"center center","background-size":"auto","background-attachment":"scroll","background-type":"","background-media":"","overlay-type":"","overlay-color":"","overlay-opacity":"","overlay-gradient":""},"mobile":{"background-color":"","background-image":"","background-repeat":"repeat","background-position":"center center","background-size":"auto","background-attachment":"scroll","background-type":"","background-media":"","overlay-type":"","overlay-color":"","overlay-opacity":"","overlay-gradient":""}},"ast-content-background-meta":{"desktop":{"background-color":"var(--ast-global-color-4)","background-image":"","background-repeat":"repeat","background-position":"center center","background-size":"auto","background-attachment":"scroll","background-type":"","background-media":"","overlay-type":"","overlay-color":"","overlay-opacity":"","overlay-gradient":""},"tablet":{"background-color":"var(--ast-global-color-4)","background-image":"","background-repeat":"repeat","background-position":"center center","background-size":"auto","background-attachment":"scroll","background-type":"","background-media":"","overlay-type":"","overlay-color":"","overlay-opacity":"","overlay-gradient":""},"mobile":{"background-color":"var(--ast-global-color-4)","background-image":"","background-repeat":"repeat","background-position":"center center","background-size":"auto","background-attachment":"scroll","background-type":"","background-media":"","overlay-type":"","overlay-color":"","overlay-opacity":"","overlay-gradient":""}},"footnotes":""},"categories":[1],"tags":[],"class_list":["post-5597","post","type-post","status-publish","format-standard","has-post-thumbnail","hentry","category-sin-categoria"],"uagb_featured_image_src":{"full":["https:\/\/cdsalta.gob.ar\/wp-content\/uploads\/2026\/03\/55170078680_cd3a73575b_c.jpg",800,600,false],"thumbnail":["https:\/\/cdsalta.gob.ar\/wp-content\/uploads\/2026\/03\/55170078680_cd3a73575b_c-150x150.jpg",150,150,true],"medium":["https:\/\/cdsalta.gob.ar\/wp-content\/uploads\/2026\/03\/55170078680_cd3a73575b_c-300x225.jpg",300,225,true],"medium_large":["https:\/\/cdsalta.gob.ar\/wp-content\/uploads\/2026\/03\/55170078680_cd3a73575b_c-768x576.jpg",768,576,true],"large":["https:\/\/cdsalta.gob.ar\/wp-content\/uploads\/2026\/03\/55170078680_cd3a73575b_c.jpg",800,600,false],"1536x1536":["https:\/\/cdsalta.gob.ar\/wp-content\/uploads\/2026\/03\/55170078680_cd3a73575b_c.jpg",800,600,false],"2048x2048":["https:\/\/cdsalta.gob.ar\/wp-content\/uploads\/2026\/03\/55170078680_cd3a73575b_c.jpg",800,600,false],"mailpoet_newsletter_max":["https:\/\/cdsalta.gob.ar\/wp-content\/uploads\/2026\/03\/55170078680_cd3a73575b_c.jpg",800,600,false]},"uagb_author_info":{"display_name":"Prensa","author_link":"https:\/\/cdsalta.gob.ar\/index.php\/author\/prensa\/"},"uagb_comment_info":0,"uagb_excerpt":"El presidente del Concejo Deliberante, Dar\u00edo Madile, particip\u00f3 hoy del acto conmemorativo por el 201\u00ba aniversario de la creaci\u00f3n de [&hellip;]","_links":{"self":[{"href":"https:\/\/cdsalta.gob.ar\/index.php\/wp-json\/wp\/v2\/posts\/5597","targetHints":{"allow":["GET"]}}],"collection":[{"href":"https:\/\/cdsalta.gob.ar\/index.php\/wp-json\/wp\/v2\/posts"}],"about":[{"href":"https:\/\/cdsalta.gob.ar\/index.php\/wp-json\/wp\/v2\/types\/post"}],"author":[{"embeddable":true,"href":"https:\/\/cdsalta.gob.ar\/index.php\/wp-json\/wp\/v2\/users\/2"}],"replies":[{"embeddable":true,"href":"https:\/\/cdsalta.gob.ar\/index.php\/wp-json\/wp\/v2\/comments?post=5597"}],"version-history":[{"count":1,"href":"https:\/\/cdsalta.gob.ar\/index.php\/wp-json\/wp\/v2\/posts\/5597\/revisions"}],"predecessor-version":[{"id":5601,"href":"https:\/\/cdsalta.gob.ar\/index.php\/wp-json\/wp\/v2\/posts\/5597\/revisions\/5601"}],"wp:featuredmedia":[{"embeddable":true,"href":"https:\/\/cdsalta.gob.ar\/index.php\/wp-json\/wp\/v2\/media\/5599"}],"wp:attachment":[{"href":"https:\/\/cdsalta.gob.ar\/index.php\/wp-json\/wp\/v2\/media?parent=5597"}],"wp:term":[{"taxonomy":"category","embeddable":true,"href":"https:\/\/cdsalta.gob.ar\/index.php\/wp-json\/wp\/v2\/categories?post=5597"},{"taxonomy":"post_tag","embeddable":true,"href":"https:\/\/cdsalta.gob.ar\/index.php\/wp-json\/wp\/v2\/tags?post=5597"}],"curies":[{"name":"wp","href":"https:\/\/api.w.org\/{rel}","templated":true}]}}