{"id":5603,"date":"2026-03-27T12:58:18","date_gmt":"2026-03-27T15:58:18","guid":{"rendered":"https:\/\/cdsalta.gob.ar\/?p=5603"},"modified":"2026-03-27T12:58:18","modified_gmt":"2026-03-27T15:58:18","slug":"convocaron-a-la-mesa-de-dialogo-permanente-de-discapacidad-para-abordar-el-acceso-a-la-salud","status":"publish","type":"post","link":"https:\/\/cdsalta.gob.ar\/index.php\/2026\/03\/27\/convocaron-a-la-mesa-de-dialogo-permanente-de-discapacidad-para-abordar-el-acceso-a-la-salud\/","title":{"rendered":"<span style='font-size:16px;font-weight:normal;'>La reuni\u00f3n se llevar\u00e1 a cabo este lunes, a horas 10.00<\/span> <br> <span style='font-size:20px;font-weight:bold;'>Convocaron a la Mesa de Di\u00e1logo Permanente  de Discapacidad para abordar el acceso a la salud<\/span>"},"content":{"rendered":"<p style=\"text-align: justify\"><strong>Durante la \u00faltima reuni\u00f3n de la Comisi\u00f3n de Discapacidad del Concejo Deliberante, ediles resolvieron convocar a la Mesa de Di\u00e1logo Permanente de Discapacidad. El encuentro se llevar\u00e1 a cabo este lunes a horas 10.00. Fueron invitados a participar del mismo funcionarios municipales, provinciales y nacionales de distintas \u00e1reas de la salud, as\u00ed como representantes de entidades prestadoras y otras instituciones vinculadas a la tem\u00e1tica. Esta tiene como objetivo analizar aspectos vinculados al acceso a la salud por parte de las personas con discapacidad. <\/strong><\/p>\n<p style=\"text-align: justify\"><strong>Cabe se\u00f1alar que la Mesa de Di\u00e1logo Permanente de Discapacidad fue establecida mediante la Resoluci\u00f3n N\u00ba 262\/25. y viene funcionando como un \u00e1mbito de trabajo entre el Concejo Deliberante, organismos p\u00fablicos y organizaciones de la sociedad civil. En ese marco, ya se abordaron distintas tem\u00e1ticas vinculadas a la discapacidad, entre ellas educaci\u00f3n y empleo.<img loading=\"lazy\" decoding=\"async\" class=\"aligncenter size-full wp-image-5478\" src=\"https:\/\/cdsalta.gob.ar\/wp-content\/uploads\/2026\/03\/55151183574_01e7264e0c_c.jpg\" alt=\"\" width=\"799\" height=\"533\" srcset=\"https:\/\/cdsalta.gob.ar\/wp-content\/uploads\/2026\/03\/55151183574_01e7264e0c_c.jpg 799w, https:\/\/cdsalta.gob.ar\/wp-content\/uploads\/2026\/03\/55151183574_01e7264e0c_c-300x200.jpg 300w, https:\/\/cdsalta.gob.ar\/wp-content\/uploads\/2026\/03\/55151183574_01e7264e0c_c-768x512.jpg 768w\" sizes=\"auto, (max-width: 799px) 100vw, 799px\" \/><\/strong><\/p>\n<p style=\"text-align: justify\">Los concejales definieron que la pr\u00f3xima reuni\u00f3n de la <strong>Mesa de Di\u00e1logo Permanente de Discapacidad tendr\u00e1 por finalidad abordar aspectos vinculados al acceso a las prestaciones de salud. <\/strong>Para ello se prev\u00e9 invitar a funcionarios del Instituto Nacional de Servicio Social para Jubilados y Pensionados (PAMI), Instituto Provincial de Salud de Salta (IPS), el Ministerio de Salud P\u00fablica y la Secretar\u00eda de Discapacidad de la Provincia, la Direcci\u00f3n de Discapacidad Municipal, y la Superintendencia de Servicios de Salud de la Naci\u00f3n, as\u00ed como a representantes del Programa Federal Incluir Salud U.G.P Salta y del Consejo de Organizaciones Prestadoras de Servicios (COPDISAL). La convocatoria tiene como finalidad <strong>generar un espacio de intercambio que permita relevar informaci\u00f3n, conocer las distintas realidades del sistema de atenci\u00f3n y avanzar en el an\u00e1lisis de posibles acciones que contribuyan a mejorar el acceso a los servicios de salud para las personas con discapacidad.<\/strong><\/p>\n<p style=\"text-align: justify\">La Comisi\u00f3n de Discapacidad del CD es presidida por la edila Malvina Gareca (PC), quien se encuentra acompa\u00f1ada por sus pares Gustavo Farquharson (PS), Jos\u00e9 Garc\u00eda y Jos\u00e9 Luis Arias (ambos de YP).<\/p>\n","protected":false},"excerpt":{"rendered":"<p>Durante la \u00faltima reuni\u00f3n de la Comisi\u00f3n de Discapacidad del Concejo Deliberante, ediles resolvieron convocar a la Mesa de Di\u00e1logo [&hellip;]<\/p>\n","protected":false},"author":2,"featured_media":5478,"comment_status":"closed","ping_status":"closed","sticky":false,"template":"","format":"standard","meta":{"_uag_custom_page_level_css":"","site-sidebar-layout":"default","site-content-layout":"","ast-site-content-layout":"default","site-content-style":"default","site-sidebar-style":"default","ast-global-header-display":"","ast-banner-title-visibility":"","ast-main-header-display":"","ast-hfb-above-header-display":"","ast-hfb-below-header-display":"","ast-hfb-mobile-header-display":"","site-post-title":"","ast-breadcrumbs-content":"","ast-featured-img":"","footer-sml-layout":"","ast-disable-related-posts":"","theme-transparent-header-meta":"default","adv-header-id-meta":"","stick-header-meta":"","header-above-stick-meta":"","header-main-stick-meta":"","header-below-stick-meta":"","astra-migrate-meta-layouts":"set","ast-page-background-enabled":"default","ast-page-background-meta":{"desktop":{"background-color":"var(--ast-global-color-5)","background-image":"","background-repeat":"repeat","background-position":"center center","background-size":"auto","background-attachment":"scroll","background-type":"","background-media":"","overlay-type":"","overlay-color":"","overlay-opacity":"","overlay-gradient":""},"tablet":{"background-color":"","background-image":"","background-repeat":"repeat","background-position":"center center","background-size":"auto","background-attachment":"scroll","background-type":"","background-media":"","overlay-type":"","overlay-color":"","overlay-opacity":"","overlay-gradient":""},"mobile":{"background-color":"","background-image":"","background-repeat":"repeat","background-position":"center center","background-size":"auto","background-attachment":"scroll","background-type":"","background-media":"","overlay-type":"","overlay-color":"","overlay-opacity":"","overlay-gradient":""}},"ast-content-background-meta":{"desktop":{"background-color":"var(--ast-global-color-4)","background-image":"","background-repeat":"repeat","background-position":"center center","background-size":"auto","background-attachment":"scroll","background-type":"","background-media":"","overlay-type":"","overlay-color":"","overlay-opacity":"","overlay-gradient":""},"tablet":{"background-color":"var(--ast-global-color-4)","background-image":"","background-repeat":"repeat","background-position":"center center","background-size":"auto","background-attachment":"scroll","background-type":"","background-media":"","overlay-type":"","overlay-color":"","overlay-opacity":"","overlay-gradient":""},"mobile":{"background-color":"var(--ast-global-color-4)","background-image":"","background-repeat":"repeat","background-position":"center center","background-size":"auto","background-attachment":"scroll","background-type":"","background-media":"","overlay-type":"","overlay-color":"","overlay-opacity":"","overlay-gradient":""}},"footnotes":""},"categories":[1],"tags":[],"class_list":["post-5603","post","type-post","status-publish","format-standard","has-post-thumbnail","hentry","category-sin-categoria"],"uagb_featured_image_src":{"full":["https:\/\/cdsalta.gob.ar\/wp-content\/uploads\/2026\/03\/55151183574_01e7264e0c_c.jpg",799,533,false],"thumbnail":["https:\/\/cdsalta.gob.ar\/wp-content\/uploads\/2026\/03\/55151183574_01e7264e0c_c-150x150.jpg",150,150,true],"medium":["https:\/\/cdsalta.gob.ar\/wp-content\/uploads\/2026\/03\/55151183574_01e7264e0c_c-300x200.jpg",300,200,true],"medium_large":["https:\/\/cdsalta.gob.ar\/wp-content\/uploads\/2026\/03\/55151183574_01e7264e0c_c-768x512.jpg",768,512,true],"large":["https:\/\/cdsalta.gob.ar\/wp-content\/uploads\/2026\/03\/55151183574_01e7264e0c_c.jpg",799,533,false],"1536x1536":["https:\/\/cdsalta.gob.ar\/wp-content\/uploads\/2026\/03\/55151183574_01e7264e0c_c.jpg",799,533,false],"2048x2048":["https:\/\/cdsalta.gob.ar\/wp-content\/uploads\/2026\/03\/55151183574_01e7264e0c_c.jpg",799,533,false],"mailpoet_newsletter_max":["https:\/\/cdsalta.gob.ar\/wp-content\/uploads\/2026\/03\/55151183574_01e7264e0c_c.jpg",799,533,false]},"uagb_author_info":{"display_name":"Prensa","author_link":"https:\/\/cdsalta.gob.ar\/index.php\/author\/prensa\/"},"uagb_comment_info":0,"uagb_excerpt":"Durante la \u00faltima reuni\u00f3n de la Comisi\u00f3n de Discapacidad del Concejo Deliberante, ediles resolvieron convocar a la Mesa de Di\u00e1logo [&hellip;]","_links":{"self":[{"href":"https:\/\/cdsalta.gob.ar\/index.php\/wp-json\/wp\/v2\/posts\/5603","targetHints":{"allow":["GET"]}}],"collection":[{"href":"https:\/\/cdsalta.gob.ar\/index.php\/wp-json\/wp\/v2\/posts"}],"about":[{"href":"https:\/\/cdsalta.gob.ar\/index.php\/wp-json\/wp\/v2\/types\/post"}],"author":[{"embeddable":true,"href":"https:\/\/cdsalta.gob.ar\/index.php\/wp-json\/wp\/v2\/users\/2"}],"replies":[{"embeddable":true,"href":"https:\/\/cdsalta.gob.ar\/index.php\/wp-json\/wp\/v2\/comments?post=5603"}],"version-history":[{"count":1,"href":"https:\/\/cdsalta.gob.ar\/index.php\/wp-json\/wp\/v2\/posts\/5603\/revisions"}],"predecessor-version":[{"id":5615,"href":"https:\/\/cdsalta.gob.ar\/index.php\/wp-json\/wp\/v2\/posts\/5603\/revisions\/5615"}],"wp:featuredmedia":[{"embeddable":true,"href":"https:\/\/cdsalta.gob.ar\/index.php\/wp-json\/wp\/v2\/media\/5478"}],"wp:attachment":[{"href":"https:\/\/cdsalta.gob.ar\/index.php\/wp-json\/wp\/v2\/media?parent=5603"}],"wp:term":[{"taxonomy":"category","embeddable":true,"href":"https:\/\/cdsalta.gob.ar\/index.php\/wp-json\/wp\/v2\/categories?post=5603"},{"taxonomy":"post_tag","embeddable":true,"href":"https:\/\/cdsalta.gob.ar\/index.php\/wp-json\/wp\/v2\/tags?post=5603"}],"curies":[{"name":"wp","href":"https:\/\/api.w.org\/{rel}","templated":true}]}}