{"id":5605,"date":"2026-03-27T12:58:22","date_gmt":"2026-03-27T15:58:22","guid":{"rendered":"https:\/\/cdsalta.gob.ar\/?p=5605"},"modified":"2026-03-27T12:58:22","modified_gmt":"2026-03-27T15:58:22","slug":"concejales-destacaron-el-liderazgo-y-labor-comunitaria-de-mujeres-mediante-el-reconocimiento-macacha-guemes-2026","status":"publish","type":"post","link":"https:\/\/cdsalta.gob.ar\/index.php\/2026\/03\/27\/concejales-destacaron-el-liderazgo-y-labor-comunitaria-de-mujeres-mediante-el-reconocimiento-macacha-guemes-2026\/","title":{"rendered":"<span style='font-size:16px;font-weight:normal;'>20 vecinas de la ciudad fueron distinguidas<\/span> <br> <span style='font-size:20px;font-weight:bold;'>Concejales destacaron el liderazgo y labor comunitaria de mujeres mediante el reconocimiento \u201cMacacha G\u00fcemes\u201d 2026<\/span>"},"content":{"rendered":"<p style=\"text-align: justify\"><strong>El Concejo Deliberante de la Ciudad de Salta llev\u00f3 adelante en la tarde de ayer el acto de entrega de reconocimientos a Mujeres Destacadas \u201cMacacha G\u00fcemes\u201d 2026, en el Teatro Municipal. La ceremonia fue encabezada por el presidente del organismo legislativo, Dar\u00edo Madile, y la presidenta de la Comisi\u00f3n de Derechos Humanos, Mujeres, G\u00e9nero y Diversidad, la concejala Malvina Gareca (PC). En la oportunidad fueron distinguidas 20 vecinas por su trayectoria, liderazgo y compromiso en los \u00e1mbitos social, cultural, deportivo, profesional y del emprendedurismo, en el marco de las actividades conmemorativas por el D\u00eda Internacional de la Mujer.<\/strong><\/p>\n<p style=\"text-align: justify\"><strong>Durante la ceremonia, la concejala Malvina Gareca, puso en valor la actividad y su significado colectivo, expresando: \u201cPara nosotros es un orgullo poder organizar esta actividad que la hacemos todos los a\u00f1os, en donde reconocemos a mujeres destacadas de nuestra ciudad\u201d. En ese sentido, remarc\u00f3 el esp\u00edritu del reconocimiento, al se\u00f1alar: \u201cSe enmarca en el homenaje a una figura fundamental para nuestra historia, como es Macacha G\u00fcemes, s\u00edmbolo de valent\u00eda, compromiso y lucha incansable en nuestra tierra\u201d. Asimismo, destac\u00f3 el rol de las homenajeadas: \u201cHoy distinguimos a mujeres que con su trabajo sostienen y transforman nuestra comunidad. Mujeres que lideran desde distintos espacios y que dejan una huella en la historia cotidiana de nuestra ciudad\u201d. En su mensaje tambi\u00e9n subray\u00f3 la necesidad de fortalecer la participaci\u00f3n femenina: \u201cNecesitamos m\u00e1s mujeres en distintos \u00e1mbitos, participando; m\u00e1s mujeres decidiendo; m\u00e1s mujeres construyendo el presente y el futuro de nuestra Salta\u201d. Finalmente, agreg\u00f3: \u201cHoy queremos poner en valor ese trabajo que muchas veces es invisible. Reconocerlo y alentarlas a seguir adelante\u201d.<img loading=\"lazy\" decoding=\"async\" class=\"aligncenter size-full wp-image-5612\" src=\"https:\/\/cdsalta.gob.ar\/wp-content\/uploads\/2026\/03\/55170736621_5d0658bf73_c.jpg\" alt=\"\" width=\"800\" height=\"600\" srcset=\"https:\/\/cdsalta.gob.ar\/wp-content\/uploads\/2026\/03\/55170736621_5d0658bf73_c.jpg 800w, https:\/\/cdsalta.gob.ar\/wp-content\/uploads\/2026\/03\/55170736621_5d0658bf73_c-300x225.jpg 300w, https:\/\/cdsalta.gob.ar\/wp-content\/uploads\/2026\/03\/55170736621_5d0658bf73_c-768x576.jpg 768w\" sizes=\"auto, (max-width: 800px) 100vw, 800px\" \/><\/strong><\/p>\n<p style=\"text-align: justify\">La distinci\u00f3n, instituida mediante la Resoluci\u00f3n N.\u00ba 09\/21, <strong>se realiz\u00f3 por sexto a\u00f1o consecutivo en el marco del D\u00eda Internacional de la Mujer, con el objeto de reconocer las acciones y el trabajo desinteresado<\/strong> que llevan adelante mujeres de diversos \u00e1mbitos como aporte a la comunidad y al fortalecimiento del entramado social de la ciudad. La normativa dispone que <strong>cada concejal proponga a una vecina destacada,<\/strong> debiendo acompa\u00f1ar la postulaci\u00f3n con los antecedentes pertinentes y una rese\u00f1a que d\u00e9 cuenta del impacto social de su labor.<\/p>\n<p style=\"text-align: justify\">Durante la ceremonia se otorgaron distinciones a mujeres que contribuyen al desarrollo de la ciudad desde diversos \u00e1mbitos. En el rubro gastron\u00f3mico y emprendedor, se distingui\u00f3 a <strong>Ang\u00e9lica Mar\u00eda Ger\u00f3nimo<\/strong>, por iniciativa del concejal Jos\u00e9 Garc\u00eda (YP), quien tras su jubilaci\u00f3n como enfermera consolid\u00f3 un proyecto productivo de comidas regionales, y a <strong>Norma Azar<\/strong>, postulada por el concejal Jos\u00e9 Luis Arias (YP), referente de la identidad culinaria salte\u00f1a, docente e investigadora de productos nativos, con trayectoria en la formaci\u00f3n gastron\u00f3mica y participaci\u00f3n en cert\u00e1menes nacionales e internacionales.<img loading=\"lazy\" decoding=\"async\" class=\"aligncenter size-full wp-image-5611\" src=\"https:\/\/cdsalta.gob.ar\/wp-content\/uploads\/2026\/03\/55170736616_c067a05bc5_c.jpg\" alt=\"\" width=\"800\" height=\"600\" srcset=\"https:\/\/cdsalta.gob.ar\/wp-content\/uploads\/2026\/03\/55170736616_c067a05bc5_c.jpg 800w, https:\/\/cdsalta.gob.ar\/wp-content\/uploads\/2026\/03\/55170736616_c067a05bc5_c-300x225.jpg 300w, https:\/\/cdsalta.gob.ar\/wp-content\/uploads\/2026\/03\/55170736616_c067a05bc5_c-768x576.jpg 768w\" sizes=\"auto, (max-width: 800px) 100vw, 800px\" \/><\/p>\n<p style=\"text-align: justify\">En materia de bienestar y salud integral, se reconoci\u00f3 a <strong>Silvana Mangogna<\/strong>, propuesta por la concejala In\u00e9s Bennassar (GSC), por su labor en la promoci\u00f3n de la actividad f\u00edsica como herramienta de desarrollo personal y comunitario; y a la m\u00e9dica <strong>M\u00f3nica Gelsi<\/strong>, distinguida a instancias del concejal V\u00edctor Lamberto (PS), con trayectoria en salud p\u00fablica, educaci\u00f3n sexual integral y prevenci\u00f3n, as\u00ed como en la formaci\u00f3n acad\u00e9mica y divulgaci\u00f3n en el \u00e1mbito sanitario.<\/p>\n<p style=\"text-align: justify\">En el campo educativo, se puso en valor la trayectoria de <strong>M\u00f3nica Esther Castillo<\/strong>, impulsada por el concejal Pablo L\u00f3pez (LLA), con m\u00e1s de tres d\u00e9cadas dedicadas a la formaci\u00f3n t\u00e9cnica, integrando enfoques pedag\u00f3gicos vinculados a la educaci\u00f3n emocional y la formaci\u00f3n integral.<img loading=\"lazy\" decoding=\"async\" class=\"aligncenter size-full wp-image-5610\" src=\"https:\/\/cdsalta.gob.ar\/wp-content\/uploads\/2026\/03\/55169838997_4e33c66b03_c.jpg\" alt=\"\" width=\"800\" height=\"600\" srcset=\"https:\/\/cdsalta.gob.ar\/wp-content\/uploads\/2026\/03\/55169838997_4e33c66b03_c.jpg 800w, https:\/\/cdsalta.gob.ar\/wp-content\/uploads\/2026\/03\/55169838997_4e33c66b03_c-300x225.jpg 300w, https:\/\/cdsalta.gob.ar\/wp-content\/uploads\/2026\/03\/55169838997_4e33c66b03_c-768x576.jpg 768w\" sizes=\"auto, (max-width: 800px) 100vw, 800px\" \/><\/p>\n<p style=\"text-align: justify\">En el \u00e1mbito de la seguridad y el servicio p\u00fablico, se distingui\u00f3 a <strong>Mar\u00eda Jos\u00e9 Ch\u00e1vez<\/strong>, por iniciativa del concejal David Leiva (MM), integrante y referente del cuerpo de bomberos voluntarios, instructora en incendios forestales y participante en operativos de gran magnitud; y a <strong>Cecilia Victoria Mart\u00ednez<\/strong>, presentada por el concejal \u00c1ngel Ortiz (UCR), fundadora del servicio Taxis Rosas, orientado a la seguridad de mujeres, ni\u00f1os y adultos mayores, promoviendo adem\u00e1s la profesionalizaci\u00f3n de conductoras.<\/p>\n<p style=\"text-align: justify\">Asimismo, se reconoci\u00f3 la labor acad\u00e9mica de <strong>Susana Leonor Caro<\/strong>, postulada por el concejal Gonzalo Nieva (J), vinculada a la revalorizaci\u00f3n hist\u00f3rica de la ciudad. Asimismo, se destac\u00f3 el compromiso comunitario de <strong>\u00darsula R\u00edos Malan<\/strong>, propuesta por la concejala Florencia Le\u00f3n (LLA), profesora de yoga, quien coordina espacios de pr\u00e1ctica y estudio orientados a la conciencia corporal y la presencia cotidiana; y la trayectoria en inclusi\u00f3n de <strong>Silvina Eckhardt<\/strong>, distinguida por la concejala Malvina Gareca (PC), referente en el abordaje de la par\u00e1lisis cerebral y en la construcci\u00f3n de redes institucionales a nivel local e internacional.<img loading=\"lazy\" decoding=\"async\" class=\"aligncenter size-full wp-image-5607\" src=\"https:\/\/cdsalta.gob.ar\/wp-content\/uploads\/2026\/03\/55169850192_f0b51c6b9b_c.jpg\" alt=\"\" width=\"800\" height=\"532\" srcset=\"https:\/\/cdsalta.gob.ar\/wp-content\/uploads\/2026\/03\/55169850192_f0b51c6b9b_c.jpg 800w, https:\/\/cdsalta.gob.ar\/wp-content\/uploads\/2026\/03\/55169850192_f0b51c6b9b_c-300x200.jpg 300w, https:\/\/cdsalta.gob.ar\/wp-content\/uploads\/2026\/03\/55169850192_f0b51c6b9b_c-768x511.jpg 768w\" sizes=\"auto, (max-width: 800px) 100vw, 800px\" \/><\/p>\n<p style=\"text-align: justify\">En relaci\u00f3n con el trabajo territorial y la econom\u00eda social, se destac\u00f3 a <strong>Soledad Coronel<\/strong>, impulsada por la concejala Eliana Chuchuy (PS), referente de barrio San Javier y promotora de procesos de urbanizaci\u00f3n y organizaci\u00f3n comunitaria; y a <strong>Susana Mabel S\u00e1nchez<\/strong>, cuya labor fue propuesta por el concejal Dar\u00edo Madile (PS), por su sostenido trabajo en asistencia alimentaria, contenci\u00f3n social y articulaci\u00f3n comunitaria en la zona oeste alta.<\/p>\n<p style=\"text-align: justify\">En materia de infraestructura barrial, se reconoci\u00f3 a <strong>Viviana Elizabeth Carmona<\/strong>, a instancias de la concejala Alicia Vargas (PS), por su trayectoria en la gesti\u00f3n de servicios b\u00e1sicos y mejoras urbanas en barrio Las Colinas. En esta l\u00ednea, tambi\u00e9n se distingui\u00f3 a <strong>Mariana Cisneros<\/strong>, presentada por la concejala Erica Castro (LLA), por su labor en acompa\u00f1amiento emocional y bienestar mediante un emprendimiento hol\u00edstico; y a <strong>Adriana Beatriz Vaquero<\/strong>, impulsada por el concejal Rodrigo Quinteros (LLA), quien consolid\u00f3 un emprendimiento en el rubro est\u00e9tico, generando oportunidades laborales e instancias de capacitaci\u00f3n.<\/p>\n<p style=\"text-align: justify\">En el \u00e1mbito de la producci\u00f3n y la formaci\u00f3n en oficios, fueron reconocidas <strong>Nora Cardozo<\/strong>, propuesta por la concejala Camila Lobo (PS), y <strong>Claudia Garc\u00eda,<\/strong> postulada por el concejal Gustavo Farquharson (PS), ambas referentes en la F\u00e1brica Municipal de San Benito, donde desarrollan tareas de formaci\u00f3n, producci\u00f3n y acompa\u00f1amiento a emprendedoras. A ellas se sum\u00f3 <strong>Micaela Pacheco<\/strong>, destacada por la concejala Laura Jorge Saravia (LLA), por su labor en comunicaci\u00f3n social orientada a la visibilizaci\u00f3n de la econom\u00eda local y el fortalecimiento de emprendimientos.<img loading=\"lazy\" decoding=\"async\" class=\"aligncenter size-full wp-image-5609\" src=\"https:\/\/cdsalta.gob.ar\/wp-content\/uploads\/2026\/03\/55170904763_b41c5578ba_c.jpg\" alt=\"\" width=\"800\" height=\"600\" srcset=\"https:\/\/cdsalta.gob.ar\/wp-content\/uploads\/2026\/03\/55170904763_b41c5578ba_c.jpg 800w, https:\/\/cdsalta.gob.ar\/wp-content\/uploads\/2026\/03\/55170904763_b41c5578ba_c-300x225.jpg 300w, https:\/\/cdsalta.gob.ar\/wp-content\/uploads\/2026\/03\/55170904763_b41c5578ba_c-768x576.jpg 768w\" sizes=\"auto, (max-width: 800px) 100vw, 800px\" \/><\/p>\n<p style=\"text-align: justify\">Finalmente, se distingui\u00f3 a <strong>Fany Ester Flores Lara<\/strong>, propuesta por el concejal Carlos Casasola (LLA), por su labor solidaria en el \u00e1mbito de la salud, mediante la provisi\u00f3n de medicamentos, asistencia y acompa\u00f1amiento a familias; y a <strong>Luciana Rossi<\/strong>, presentada por la concejala Agustina \u00c1lvarez Eichele (J), por su trabajo en organizaciones sociales orientadas a la mejora del h\u00e1bitat y el desarrollo de proyectos comunitarios en barrios populares.<\/p>\n<p style=\"text-align: justify\">En el tramo final del acto, se puso en valor la figura de la concejala mandato cumplido Romina Arroyo, impulsora de la iniciativa que crea el reconocimiento Macacha G\u00fcemes. En la oportunidad, Arroyo tom\u00f3 la palabra para destacar el valor simb\u00f3lico y social de la actividad, agregando: \u201cDesde sus inicios el objetivo fue poder reconocer a cada una de ustedes\u201d. Remarc\u00f3 adem\u00e1s la importancia de sostener en el tiempo una pol\u00edtica institucional orientada a visibilizar el aporte de las mujeres en la comunidad.<\/p>\n","protected":false},"excerpt":{"rendered":"<p>El Concejo Deliberante de la Ciudad de Salta llev\u00f3 adelante en la tarde de ayer el acto de entrega de [&hellip;]<\/p>\n","protected":false},"author":2,"featured_media":5612,"comment_status":"closed","ping_status":"closed","sticky":false,"template":"","format":"standard","meta":{"_uag_custom_page_level_css":"","site-sidebar-layout":"default","site-content-layout":"","ast-site-content-layout":"default","site-content-style":"default","site-sidebar-style":"default","ast-global-header-display":"","ast-banner-title-visibility":"","ast-main-header-display":"","ast-hfb-above-header-display":"","ast-hfb-below-header-display":"","ast-hfb-mobile-header-display":"","site-post-title":"","ast-breadcrumbs-content":"","ast-featured-img":"","footer-sml-layout":"","ast-disable-related-posts":"","theme-transparent-header-meta":"default","adv-header-id-meta":"","stick-header-meta":"","header-above-stick-meta":"","header-main-stick-meta":"","header-below-stick-meta":"","astra-migrate-meta-layouts":"set","ast-page-background-enabled":"default","ast-page-background-meta":{"desktop":{"background-color":"var(--ast-global-color-5)","background-image":"","background-repeat":"repeat","background-position":"center center","background-size":"auto","background-attachment":"scroll","background-type":"","background-media":"","overlay-type":"","overlay-color":"","overlay-opacity":"","overlay-gradient":""},"tablet":{"background-color":"","background-image":"","background-repeat":"repeat","background-position":"center center","background-size":"auto","background-attachment":"scroll","background-type":"","background-media":"","overlay-type":"","overlay-color":"","overlay-opacity":"","overlay-gradient":""},"mobile":{"background-color":"","background-image":"","background-repeat":"repeat","background-position":"center center","background-size":"auto","background-attachment":"scroll","background-type":"","background-media":"","overlay-type":"","overlay-color":"","overlay-opacity":"","overlay-gradient":""}},"ast-content-background-meta":{"desktop":{"background-color":"var(--ast-global-color-4)","background-image":"","background-repeat":"repeat","background-position":"center center","background-size":"auto","background-attachment":"scroll","background-type":"","background-media":"","overlay-type":"","overlay-color":"","overlay-opacity":"","overlay-gradient":""},"tablet":{"background-color":"var(--ast-global-color-4)","background-image":"","background-repeat":"repeat","background-position":"center center","background-size":"auto","background-attachment":"scroll","background-type":"","background-media":"","overlay-type":"","overlay-color":"","overlay-opacity":"","overlay-gradient":""},"mobile":{"background-color":"var(--ast-global-color-4)","background-image":"","background-repeat":"repeat","background-position":"center center","background-size":"auto","background-attachment":"scroll","background-type":"","background-media":"","overlay-type":"","overlay-color":"","overlay-opacity":"","overlay-gradient":""}},"footnotes":""},"categories":[1],"tags":[],"class_list":["post-5605","post","type-post","status-publish","format-standard","has-post-thumbnail","hentry","category-sin-categoria"],"uagb_featured_image_src":{"full":["https:\/\/cdsalta.gob.ar\/wp-content\/uploads\/2026\/03\/55170736621_5d0658bf73_c.jpg",800,600,false],"thumbnail":["https:\/\/cdsalta.gob.ar\/wp-content\/uploads\/2026\/03\/55170736621_5d0658bf73_c-150x150.jpg",150,150,true],"medium":["https:\/\/cdsalta.gob.ar\/wp-content\/uploads\/2026\/03\/55170736621_5d0658bf73_c-300x225.jpg",300,225,true],"medium_large":["https:\/\/cdsalta.gob.ar\/wp-content\/uploads\/2026\/03\/55170736621_5d0658bf73_c-768x576.jpg",768,576,true],"large":["https:\/\/cdsalta.gob.ar\/wp-content\/uploads\/2026\/03\/55170736621_5d0658bf73_c.jpg",800,600,false],"1536x1536":["https:\/\/cdsalta.gob.ar\/wp-content\/uploads\/2026\/03\/55170736621_5d0658bf73_c.jpg",800,600,false],"2048x2048":["https:\/\/cdsalta.gob.ar\/wp-content\/uploads\/2026\/03\/55170736621_5d0658bf73_c.jpg",800,600,false],"mailpoet_newsletter_max":["https:\/\/cdsalta.gob.ar\/wp-content\/uploads\/2026\/03\/55170736621_5d0658bf73_c.jpg",800,600,false]},"uagb_author_info":{"display_name":"Prensa","author_link":"https:\/\/cdsalta.gob.ar\/index.php\/author\/prensa\/"},"uagb_comment_info":0,"uagb_excerpt":"El Concejo Deliberante de la Ciudad de Salta llev\u00f3 adelante en la tarde de ayer el acto de entrega de [&hellip;]","_links":{"self":[{"href":"https:\/\/cdsalta.gob.ar\/index.php\/wp-json\/wp\/v2\/posts\/5605","targetHints":{"allow":["GET"]}}],"collection":[{"href":"https:\/\/cdsalta.gob.ar\/index.php\/wp-json\/wp\/v2\/posts"}],"about":[{"href":"https:\/\/cdsalta.gob.ar\/index.php\/wp-json\/wp\/v2\/types\/post"}],"author":[{"embeddable":true,"href":"https:\/\/cdsalta.gob.ar\/index.php\/wp-json\/wp\/v2\/users\/2"}],"replies":[{"embeddable":true,"href":"https:\/\/cdsalta.gob.ar\/index.php\/wp-json\/wp\/v2\/comments?post=5605"}],"version-history":[{"count":1,"href":"https:\/\/cdsalta.gob.ar\/index.php\/wp-json\/wp\/v2\/posts\/5605\/revisions"}],"predecessor-version":[{"id":5617,"href":"https:\/\/cdsalta.gob.ar\/index.php\/wp-json\/wp\/v2\/posts\/5605\/revisions\/5617"}],"wp:featuredmedia":[{"embeddable":true,"href":"https:\/\/cdsalta.gob.ar\/index.php\/wp-json\/wp\/v2\/media\/5612"}],"wp:attachment":[{"href":"https:\/\/cdsalta.gob.ar\/index.php\/wp-json\/wp\/v2\/media?parent=5605"}],"wp:term":[{"taxonomy":"category","embeddable":true,"href":"https:\/\/cdsalta.gob.ar\/index.php\/wp-json\/wp\/v2\/categories?post=5605"},{"taxonomy":"post_tag","embeddable":true,"href":"https:\/\/cdsalta.gob.ar\/index.php\/wp-json\/wp\/v2\/tags?post=5605"}],"curies":[{"name":"wp","href":"https:\/\/api.w.org\/{rel}","templated":true}]}}