{"id":5621,"date":"2026-03-30T13:56:46","date_gmt":"2026-03-30T16:56:46","guid":{"rendered":"https:\/\/cdsalta.gob.ar\/?p=5621"},"modified":"2026-03-30T13:56:46","modified_gmt":"2026-03-30T16:56:46","slug":"visto-bueno-a-pedidos-vinculados-a-la-seguridad-vial-y-el-transporte-de-la-ciudad","status":"publish","type":"post","link":"https:\/\/cdsalta.gob.ar\/index.php\/2026\/03\/30\/visto-bueno-a-pedidos-vinculados-a-la-seguridad-vial-y-el-transporte-de-la-ciudad\/","title":{"rendered":"<span style='font-size:16px;font-weight:normal;'>Mediante cuatro Proyectos de Resoluci\u00f3n<\/span> <br> <span style='font-size:20px;font-weight:bold;'>Visto bueno a pedidos vinculados a la seguridad vial y el transporte de la ciudad<\/span>"},"content":{"rendered":"<p style=\"text-align: justify\"><strong>Esta ma\u00f1ana se realiz\u00f3 un nuevo encuentro de la Comisi\u00f3n de Tr\u00e1nsito, Transporte y Seguridad Vial. En la oportunidad, los concejales miembros dieron visto bueno a cuatro Proyectos de Resoluci\u00f3n. Mediante los mismos se solicita al Ejecutivo Municipal que disponga el retiro de un veh\u00edculo en estado de abandono, la instalaci\u00f3n de paradores del transporte p\u00fablico de pasajeros y reductores de velocidad, como as\u00ed tambi\u00e9n gestionar ante SAETA la ampliaci\u00f3n del recorrido del corredor 3E de colectivos.<img loading=\"lazy\" decoding=\"async\" class=\"aligncenter size-full wp-image-5627\" src=\"https:\/\/cdsalta.gob.ar\/wp-content\/uploads\/2026\/03\/55177826765_f013b65bef_c.jpg\" alt=\"\" width=\"799\" height=\"533\" srcset=\"https:\/\/cdsalta.gob.ar\/wp-content\/uploads\/2026\/03\/55177826765_f013b65bef_c.jpg 799w, https:\/\/cdsalta.gob.ar\/wp-content\/uploads\/2026\/03\/55177826765_f013b65bef_c-300x200.jpg 300w, https:\/\/cdsalta.gob.ar\/wp-content\/uploads\/2026\/03\/55177826765_f013b65bef_c-768x512.jpg 768w\" sizes=\"auto, (max-width: 799px) 100vw, 799px\" \/><\/strong><\/p>\n<p style=\"text-align: justify\">El primer Proyecto de Resoluci\u00f3n que recibi\u00f3 visto bueno es de autor\u00eda de la concejala Malvina Gareca (PC). El texto solicita al DEM que, a trav\u00e9s del organismo correspondiente, disponga el <strong>retiro del veh\u00edculo en estado de abandono<\/strong> en calle Cerro Socompa, entre calles Cerro Mecoya y Cerro Mercedario de barrio Las Colinas.<\/p>\n<p style=\"text-align: justify\">Se suma la iniciativa de la edila Laura Jorge Saravia (LLA), cuyo texto pide al estamento llevar a cabo la <strong>instalaci\u00f3n de paradores<\/strong> del transporte p\u00fablico de pasajeros en avenida Ingeniero Mario Sa\u00fal Banchik en su intersecci\u00f3n con calle Juan Manuel de Rosas.<\/p>\n<p style=\"text-align: justify\">Tambi\u00e9n recibi\u00f3 dictamen favorable un expediente remitido por la Comisi\u00f3n de Medio Ambiente. En materia de tr\u00e1nsito se requiere al Ejecutivo Municipal la <strong>instalaci\u00f3n de reductores de velocidad<\/strong>, con la demarcaci\u00f3n y se\u00f1alizaci\u00f3n horizontal y vertical correspondientes, previo estudio de factibilidad t\u00e9cnica, en el espacio verde denominado \u00abPlaza Hero\u00ednas de Malvinas\u00bb de barrio C\u00edrculo III. El Proyecto lleva la firma de la concejala Eliana Chuchuy (PS).<\/p>\n<p style=\"text-align: justify\">A partir de una presentaci\u00f3n realizada por una vecina de la ciudad, los miembros de la Comisi\u00f3n de Tr\u00e1nsito elaboraron un Proyecto de Resoluci\u00f3n. El mismo solicita al DEM que <strong>gestione ante la Sociedad An\u00f3nima del Estado de Transporte Automotor, la ampliaci\u00f3n del recorrido del corredor 3E del transporte urbano de pasajeros<\/strong>, hacia los barrios C\u00edrculo III, Santa Anita, Ampliaci\u00f3n Scalabrini, Monse\u00f1or Tavella y EI Parque.<\/p>\n<p style=\"text-align: justify\">Participaron de la reuni\u00f3n de la fecha los concejales Gustavo Farquharson, Eliana Chuchuy (ambos de PS) y Gonzalo Nieva (J).<\/p>\n","protected":false},"excerpt":{"rendered":"<p>Esta ma\u00f1ana se realiz\u00f3 un nuevo encuentro de la Comisi\u00f3n de Tr\u00e1nsito, Transporte y Seguridad Vial. En la oportunidad, los [&hellip;]<\/p>\n","protected":false},"author":2,"featured_media":5627,"comment_status":"closed","ping_status":"closed","sticky":false,"template":"","format":"standard","meta":{"_uag_custom_page_level_css":"","site-sidebar-layout":"default","site-content-layout":"","ast-site-content-layout":"default","site-content-style":"default","site-sidebar-style":"default","ast-global-header-display":"","ast-banner-title-visibility":"","ast-main-header-display":"","ast-hfb-above-header-display":"","ast-hfb-below-header-display":"","ast-hfb-mobile-header-display":"","site-post-title":"","ast-breadcrumbs-content":"","ast-featured-img":"","footer-sml-layout":"","ast-disable-related-posts":"","theme-transparent-header-meta":"default","adv-header-id-meta":"","stick-header-meta":"","header-above-stick-meta":"","header-main-stick-meta":"","header-below-stick-meta":"","astra-migrate-meta-layouts":"set","ast-page-background-enabled":"default","ast-page-background-meta":{"desktop":{"background-color":"var(--ast-global-color-5)","background-image":"","background-repeat":"repeat","background-position":"center center","background-size":"auto","background-attachment":"scroll","background-type":"","background-media":"","overlay-type":"","overlay-color":"","overlay-opacity":"","overlay-gradient":""},"tablet":{"background-color":"","background-image":"","background-repeat":"repeat","background-position":"center center","background-size":"auto","background-attachment":"scroll","background-type":"","background-media":"","overlay-type":"","overlay-color":"","overlay-opacity":"","overlay-gradient":""},"mobile":{"background-color":"","background-image":"","background-repeat":"repeat","background-position":"center center","background-size":"auto","background-attachment":"scroll","background-type":"","background-media":"","overlay-type":"","overlay-color":"","overlay-opacity":"","overlay-gradient":""}},"ast-content-background-meta":{"desktop":{"background-color":"var(--ast-global-color-4)","background-image":"","background-repeat":"repeat","background-position":"center center","background-size":"auto","background-attachment":"scroll","background-type":"","background-media":"","overlay-type":"","overlay-color":"","overlay-opacity":"","overlay-gradient":""},"tablet":{"background-color":"var(--ast-global-color-4)","background-image":"","background-repeat":"repeat","background-position":"center center","background-size":"auto","background-attachment":"scroll","background-type":"","background-media":"","overlay-type":"","overlay-color":"","overlay-opacity":"","overlay-gradient":""},"mobile":{"background-color":"var(--ast-global-color-4)","background-image":"","background-repeat":"repeat","background-position":"center center","background-size":"auto","background-attachment":"scroll","background-type":"","background-media":"","overlay-type":"","overlay-color":"","overlay-opacity":"","overlay-gradient":""}},"footnotes":""},"categories":[1],"tags":[],"class_list":["post-5621","post","type-post","status-publish","format-standard","has-post-thumbnail","hentry","category-sin-categoria"],"uagb_featured_image_src":{"full":["https:\/\/cdsalta.gob.ar\/wp-content\/uploads\/2026\/03\/55177826765_f013b65bef_c.jpg",799,533,false],"thumbnail":["https:\/\/cdsalta.gob.ar\/wp-content\/uploads\/2026\/03\/55177826765_f013b65bef_c-150x150.jpg",150,150,true],"medium":["https:\/\/cdsalta.gob.ar\/wp-content\/uploads\/2026\/03\/55177826765_f013b65bef_c-300x200.jpg",300,200,true],"medium_large":["https:\/\/cdsalta.gob.ar\/wp-content\/uploads\/2026\/03\/55177826765_f013b65bef_c-768x512.jpg",768,512,true],"large":["https:\/\/cdsalta.gob.ar\/wp-content\/uploads\/2026\/03\/55177826765_f013b65bef_c.jpg",799,533,false],"1536x1536":["https:\/\/cdsalta.gob.ar\/wp-content\/uploads\/2026\/03\/55177826765_f013b65bef_c.jpg",799,533,false],"2048x2048":["https:\/\/cdsalta.gob.ar\/wp-content\/uploads\/2026\/03\/55177826765_f013b65bef_c.jpg",799,533,false],"mailpoet_newsletter_max":["https:\/\/cdsalta.gob.ar\/wp-content\/uploads\/2026\/03\/55177826765_f013b65bef_c.jpg",799,533,false]},"uagb_author_info":{"display_name":"Prensa","author_link":"https:\/\/cdsalta.gob.ar\/index.php\/author\/prensa\/"},"uagb_comment_info":0,"uagb_excerpt":"Esta ma\u00f1ana se realiz\u00f3 un nuevo encuentro de la Comisi\u00f3n de Tr\u00e1nsito, Transporte y Seguridad Vial. En la oportunidad, los [&hellip;]","_links":{"self":[{"href":"https:\/\/cdsalta.gob.ar\/index.php\/wp-json\/wp\/v2\/posts\/5621","targetHints":{"allow":["GET"]}}],"collection":[{"href":"https:\/\/cdsalta.gob.ar\/index.php\/wp-json\/wp\/v2\/posts"}],"about":[{"href":"https:\/\/cdsalta.gob.ar\/index.php\/wp-json\/wp\/v2\/types\/post"}],"author":[{"embeddable":true,"href":"https:\/\/cdsalta.gob.ar\/index.php\/wp-json\/wp\/v2\/users\/2"}],"replies":[{"embeddable":true,"href":"https:\/\/cdsalta.gob.ar\/index.php\/wp-json\/wp\/v2\/comments?post=5621"}],"version-history":[{"count":1,"href":"https:\/\/cdsalta.gob.ar\/index.php\/wp-json\/wp\/v2\/posts\/5621\/revisions"}],"predecessor-version":[{"id":5634,"href":"https:\/\/cdsalta.gob.ar\/index.php\/wp-json\/wp\/v2\/posts\/5621\/revisions\/5634"}],"wp:featuredmedia":[{"embeddable":true,"href":"https:\/\/cdsalta.gob.ar\/index.php\/wp-json\/wp\/v2\/media\/5627"}],"wp:attachment":[{"href":"https:\/\/cdsalta.gob.ar\/index.php\/wp-json\/wp\/v2\/media?parent=5621"}],"wp:term":[{"taxonomy":"category","embeddable":true,"href":"https:\/\/cdsalta.gob.ar\/index.php\/wp-json\/wp\/v2\/categories?post=5621"},{"taxonomy":"post_tag","embeddable":true,"href":"https:\/\/cdsalta.gob.ar\/index.php\/wp-json\/wp\/v2\/tags?post=5621"}],"curies":[{"name":"wp","href":"https:\/\/api.w.org\/{rel}","templated":true}]}}