{"id":5622,"date":"2026-03-30T13:57:17","date_gmt":"2026-03-30T16:57:17","guid":{"rendered":"https:\/\/cdsalta.gob.ar\/?p=5622"},"modified":"2026-03-30T13:57:17","modified_gmt":"2026-03-30T16:57:17","slug":"en-la-mesa-de-dialogo-permanente-de-discapacidad-abordaron-aspectos-vinculados-al-acceso-a-la-salud","status":"publish","type":"post","link":"https:\/\/cdsalta.gob.ar\/index.php\/2026\/03\/30\/en-la-mesa-de-dialogo-permanente-de-discapacidad-abordaron-aspectos-vinculados-al-acceso-a-la-salud\/","title":{"rendered":"<span style='font-size:16px;font-weight:normal;'>En el marco de la Comisi\u00f3n de Discapacidad<\/span> <br> <span style='font-size:20px;font-weight:bold;'>En la Mesa de Di\u00e1logo Permanente de Discapacidad abordaron aspectos vinculados al acceso a la salud<\/span>"},"content":{"rendered":"<p style=\"text-align: justify\"><strong>Esta ma\u00f1ana se llev\u00f3 adelante la Mesa de Di\u00e1logo Permanente de Discapacidad dependiente de la Comisi\u00f3n de Discapacidad del CD. El objetivo del espacio, en esta etapa, es abordar problem\u00e1ticas vinculadas al acceso a la salud. Del encuentro participaron funcionarios municipales y provinciales de diversas \u00e1reas, junto a representantes de entidades prestadoras y organizaciones vinculadas a la tem\u00e1tica. Los asistentes compartieron diagn\u00f3sticos, experiencias de gesti\u00f3n y problem\u00e1ticas operativas, lo que permiti\u00f3 plantear l\u00edneas de acci\u00f3n conjunta.<\/strong><\/p>\n<p style=\"text-align: justify\"><strong>En este marco, y considerando lo expuesto, los ediles elaboraron un Proyecto de Resoluci\u00f3n mediante el que se solicita al Poder Ejecutivo Nacional garantizar de manera urgente el cumplimiento efectivo de las leyes vigentes en materia de discapacidad, asegurando el normal funcionamiento del sistema de prestaciones b\u00e1sicas.<\/strong><\/p>\n<p><img loading=\"lazy\" decoding=\"async\" class=\"aligncenter size-full wp-image-5626\" src=\"https:\/\/cdsalta.gob.ar\/wp-content\/uploads\/2026\/03\/55176534307_3f8f580f46_c.jpg\" alt=\"\" width=\"800\" height=\"484\" srcset=\"https:\/\/cdsalta.gob.ar\/wp-content\/uploads\/2026\/03\/55176534307_3f8f580f46_c.jpg 800w, https:\/\/cdsalta.gob.ar\/wp-content\/uploads\/2026\/03\/55176534307_3f8f580f46_c-300x182.jpg 300w, https:\/\/cdsalta.gob.ar\/wp-content\/uploads\/2026\/03\/55176534307_3f8f580f46_c-768x465.jpg 768w\" sizes=\"auto, (max-width: 800px) 100vw, 800px\" \/><\/p>\n<p style=\"text-align: justify\">La apertura estuvo a cargo de la presidenta de la Comisi\u00f3n de Discapacidad, concejala Malvina Gareca (PC), quien destac\u00f3 la <strong>importancia de generar un espacio que re\u00fana a los distintos actores involucrados, a fin de \u201ccoordinar, articular y, en caso de ser necesario, avanzar desde el Concejo Deliberante con herramientas normativas que permitan dar respuesta a las inquietudes de los vecinos en materia de salud<\/strong>\u201d. En ese sentido, subray\u00f3 la necesidad de relevar en primera instancia el funcionamiento del sistema y las dificultades existentes, con el objetivo de construir respuestas integrales.<\/p>\n<p style=\"text-align: justify\">En representaci\u00f3n de las instituciones prestadoras, Soledad Somorrostro, integrante de COPDISAL &#8211; Consejo de Organizaciones Prestadoras de Servicios a PcD de Salta, expuso la situaci\u00f3n que atraviesan las organizaciones del sector. Se\u00f1al\u00f3 la existencia de un <strong>desfasaje sostenido en la actualizaci\u00f3n del nomenclador nacional y advirti\u00f3 que la interrupci\u00f3n en la cadena de pagos \u2014con demoras que superan los tres meses\u2014 est\u00e1 generando el cierre de instituciones, la reducci\u00f3n de prestaciones y la discontinuidad de terapia<\/strong>s. Asimismo, indic\u00f3 que este escenario impacta de manera directa en ni\u00f1os, ni\u00f1as y familias, afectando el acceso a derechos b\u00e1sicos.<\/p>\n<p style=\"text-align: justify\">Por su parte, la directora general de Discapacidad de la Municipalidad, Tania Saravia, valor\u00f3 la convocatoria y resalt\u00f3 el trabajo articulado con las organizaciones para la detecci\u00f3n de casos y el abordaje territorial. En su intervenci\u00f3n, <strong>detall\u00f3 acciones impulsadas por el Ejecutivo Municipal, entre ellas la conformaci\u00f3n de la Junta M\u00e9dica Evaluadora, la puesta en funcionamiento de un banco de elementos t\u00e9cnicos y la ampliaci\u00f3n de servicios en \u00e1reas como fonoaudiolog\u00eda y psicopedagog\u00eda<\/strong>. Asimismo, plante\u00f3 la necesidad de optimizar el acceso a turnos hospitalarios y fortalecer los mecanismos de articulaci\u00f3n para la atenci\u00f3n de situaciones de urgencia y vulnerabilidad.<\/p>\n<p style=\"text-align: justify\">En relaci\u00f3n al programa <strong>Incluir Salud<\/strong> <strong>de Salta<\/strong>, su coordinador, Miguel Latigano, brind\u00f3 precisiones sobre su funcionamiento, alcances y limitaciones. En primer t\u00e9rmino, aclar\u00f3 que se trata de un <strong>programa de asistencia y no de una obra social,<\/strong> destinado a garantizar prestaciones m\u00e9dicas a personas que perciben pensiones no contributivas. Indic\u00f3 que en la provincia de Salta el programa cuenta con aproximadamente <strong>40.160 beneficiarios<\/strong>, de los cuales cerca del 88% corresponden a pensiones por invalidez, lo que representa alrededor del 3,2% de la poblaci\u00f3n provincial.<\/p>\n<p style=\"text-align: justify\">En cuanto a la demanda efectiva, se\u00f1al\u00f3 que <strong>mensualmente alrededor de 3.300 beneficiarios requieren prestaciones activas,<\/strong> incluyendo estudios, medicaci\u00f3n y tratamientos. De ese total, aproximadamente 232 personas acceden a tratamientos de alto costo \u2014aquellos que superan los tres salarios m\u00ednimos\u2014, principalmente vinculados a patolog\u00edas oncol\u00f3gicas, neurol\u00f3gicas y a la provisi\u00f3n de insumos espec\u00edficos como sillas de ruedas adaptadas.<\/p>\n<p style=\"text-align: justify\">Asimismo, detall\u00f3 que unas <strong>1.770 personas asisten a instituciones prestadoras en la provincia<\/strong>, las cuales suman alrededor de 53 entidades categorizadas que brindan servicios de rehabilitaci\u00f3n, educaci\u00f3n y, en muchos casos, transporte. En este punto, explic\u00f3 que <strong>los pagos a las instituciones se realizan de manera directa desde Naci\u00f3n,<\/strong> y que las demoras registradas en la actualidad responden, en parte, al proceso de reestructuraci\u00f3n institucional a nivel nacional, tras la disoluci\u00f3n de la Agencia Nacional de Discapacidad y su transformaci\u00f3n en una Secretar\u00eda dependiente del Ministerio de Salud.<\/p>\n<p style=\"text-align: justify\">En otro tramo de su exposici\u00f3n, remarc\u00f3 la <strong>necesidad de avanzar hacia un enfoque preventivo en materia de salud p\u00fablica<\/strong>. Indic\u00f3 que el tratamiento regular de patolog\u00edas cr\u00f3nicas, como la hipertensi\u00f3n, representa un costo significativamente menor en comparaci\u00f3n con las consecuencias de eventos agudos, como <strong>un accidente cerebrovascular,<\/strong> tanto en t\u00e9rminos econ\u00f3micos como en el impacto sobre la calidad de vida. En ese marco, se\u00f1al\u00f3 que el grupo etario con mayor proporci\u00f3n de discapacidad se ubica entre los 30 y 59 a\u00f1os, particularmente en casos de invalidez, y que en adultos j\u00f3venes y de mediana edad una parte importante de estas situaciones se vincula con los <strong>estilos de vida<\/strong> y, especialmente, con los <strong>accidentes de tr\u00e1nsito.<\/strong><\/p>\n<p style=\"text-align: justify\">A continuaci\u00f3n, Cecilia Betivoglio, integrante del \u00e1rea legal del <strong>programa Incluir Salud<\/strong>, expuso sobre la <strong>necesidad de fortalecer la articulaci\u00f3n entre los organismos que integran la red p\u00fablica,<\/strong> destacando que dicha coordinaci\u00f3n debe sustentarse en informaci\u00f3n clara y precisa sobre el funcionamiento del sistema. En ese sentido, aclar\u00f3 que <strong>el programa en Salta funciona como una unidad de gesti\u00f3n del Ministerio de Salud P\u00fablica provincial, en el marco de un convenio con Naci\u00f3n, y que las prestaciones se canalizan a trav\u00e9s de la red p\u00fablica de servicios.<\/strong><\/p>\n<p style=\"text-align: justify\">Asimismo, sostuvo que Incluir Salud est\u00e1 <strong>destinado a personas en situaci\u00f3n de vulnerabilidad, particularmente beneficiarios de pensiones no contributivas<\/strong>, por lo que consider\u00f3 necesario promover un uso responsable del sistema. Indic\u00f3 que dichas <strong>pensiones no son incompatibles con la cobertura de una obra social del grupo familiar<\/strong>, la cual, en muchos casos, deber\u00eda mantenerse activa. Finalmente, remarc\u00f3 la im<strong>portancia de avanzar en instancias de concientizaci\u00f3n y en la corresponsabilidad de los distintos actores, a fin de garantizar la sostenibilidad del programa y el acceso equitativo a las prestaciones.<\/strong><\/p>\n<p style=\"text-align: justify\">Durante el cierre, la concejala Gareca sintetiz\u00f3 los <strong>principales ejes surgidos del encuentr<\/strong>o, entre ellos la necesidad de realizar un relevamiento de instituciones prestadoras, fortalecer campa\u00f1as de prevenci\u00f3n \u2014especialmente en materia de siniestralidad vial\u2014, mejorar la difusi\u00f3n de informaci\u00f3n p\u00fablica y profundizar la articulaci\u00f3n entre municipio, provincia y organizaciones. Asimismo, adelant\u00f3 la redacci\u00f3n de una Resoluci\u00f3n vinculada a los expuesto.<\/p>\n<p style=\"text-align: justify\">En este contexto, se elabor\u00f3 una iniciativa mediante la cual se solicita al <strong>Poder Ejecutivo Nacional garantizar de manera urgente el cumplimiento efectivo de la normativa vigente en materia de discapacidad,<\/strong> a fin de asegurar el normal funcionamiento del sistema de prestaciones b\u00e1sicas. Asimismo, el Proyecto requiere <strong>la adopci\u00f3n inmediata de medidas orientadas a actualizar los aranceles del sistema<\/strong> conforme a la realidad inflacionaria, regularizar el pago de las prestaciones adeudadas a profesionales e instituciones, y eliminar las trabas administrativas que dificultan el acceso a servicios esenciales.<\/p>\n<p style=\"text-align: justify\">Cabe se\u00f1alar que la <strong>Mesa de Di\u00e1logo Permanente de Discapacidad fue establecida mediante la Resoluci\u00f3n N.\u00ba 262\/25 <\/strong>y funciona como un \u00e1mbito de trabajo articulado entre el Concejo Deliberante, organismos p\u00fablicos y organizaciones de la sociedad civil. En instancias anteriores, el espacio abord\u00f3 tem\u00e1ticas como educaci\u00f3n y empleo, consolid\u00e1ndose como una herramienta institucional para el tratamiento integral de la agenda del sector.<\/p>\n<p style=\"text-align: justify\">Tambi\u00e9n estuvieron presentes los ediles Eliana Chuchuy y Gustavo Farquharson (ambos del bloque PS), Jos\u00e9 Luis Arias (YP) y David Leiva (MM). Asistieron adem\u00e1s Carolina R\u00edos, integrante de la Junta M\u00e9dica de la Municipalidad; la subsecretaria de Discapacidad, Mar\u00eda Ver\u00f3nica Dilela; y Ricardo Rodr\u00edguez Boschero, miembro de la Comisi\u00f3n de Accesibilidad de COPAIPA.<\/p>\n","protected":false},"excerpt":{"rendered":"<p>Esta ma\u00f1ana se llev\u00f3 adelante la Mesa de Di\u00e1logo Permanente de Discapacidad dependiente de la Comisi\u00f3n de Discapacidad del CD. [&hellip;]<\/p>\n","protected":false},"author":2,"featured_media":5626,"comment_status":"closed","ping_status":"closed","sticky":false,"template":"","format":"standard","meta":{"_uag_custom_page_level_css":"","site-sidebar-layout":"default","site-content-layout":"","ast-site-content-layout":"default","site-content-style":"default","site-sidebar-style":"default","ast-global-header-display":"","ast-banner-title-visibility":"","ast-main-header-display":"","ast-hfb-above-header-display":"","ast-hfb-below-header-display":"","ast-hfb-mobile-header-display":"","site-post-title":"","ast-breadcrumbs-content":"","ast-featured-img":"","footer-sml-layout":"","ast-disable-related-posts":"","theme-transparent-header-meta":"default","adv-header-id-meta":"","stick-header-meta":"","header-above-stick-meta":"","header-main-stick-meta":"","header-below-stick-meta":"","astra-migrate-meta-layouts":"set","ast-page-background-enabled":"default","ast-page-background-meta":{"desktop":{"background-color":"var(--ast-global-color-5)","background-image":"","background-repeat":"repeat","background-position":"center center","background-size":"auto","background-attachment":"scroll","background-type":"","background-media":"","overlay-type":"","overlay-color":"","overlay-opacity":"","overlay-gradient":""},"tablet":{"background-color":"","background-image":"","background-repeat":"repeat","background-position":"center center","background-size":"auto","background-attachment":"scroll","background-type":"","background-media":"","overlay-type":"","overlay-color":"","overlay-opacity":"","overlay-gradient":""},"mobile":{"background-color":"","background-image":"","background-repeat":"repeat","background-position":"center center","background-size":"auto","background-attachment":"scroll","background-type":"","background-media":"","overlay-type":"","overlay-color":"","overlay-opacity":"","overlay-gradient":""}},"ast-content-background-meta":{"desktop":{"background-color":"var(--ast-global-color-4)","background-image":"","background-repeat":"repeat","background-position":"center center","background-size":"auto","background-attachment":"scroll","background-type":"","background-media":"","overlay-type":"","overlay-color":"","overlay-opacity":"","overlay-gradient":""},"tablet":{"background-color":"var(--ast-global-color-4)","background-image":"","background-repeat":"repeat","background-position":"center center","background-size":"auto","background-attachment":"scroll","background-type":"","background-media":"","overlay-type":"","overlay-color":"","overlay-opacity":"","overlay-gradient":""},"mobile":{"background-color":"var(--ast-global-color-4)","background-image":"","background-repeat":"repeat","background-position":"center center","background-size":"auto","background-attachment":"scroll","background-type":"","background-media":"","overlay-type":"","overlay-color":"","overlay-opacity":"","overlay-gradient":""}},"footnotes":""},"categories":[1],"tags":[],"class_list":["post-5622","post","type-post","status-publish","format-standard","has-post-thumbnail","hentry","category-sin-categoria"],"uagb_featured_image_src":{"full":["https:\/\/cdsalta.gob.ar\/wp-content\/uploads\/2026\/03\/55176534307_3f8f580f46_c.jpg",800,484,false],"thumbnail":["https:\/\/cdsalta.gob.ar\/wp-content\/uploads\/2026\/03\/55176534307_3f8f580f46_c-150x150.jpg",150,150,true],"medium":["https:\/\/cdsalta.gob.ar\/wp-content\/uploads\/2026\/03\/55176534307_3f8f580f46_c-300x182.jpg",300,182,true],"medium_large":["https:\/\/cdsalta.gob.ar\/wp-content\/uploads\/2026\/03\/55176534307_3f8f580f46_c-768x465.jpg",768,465,true],"large":["https:\/\/cdsalta.gob.ar\/wp-content\/uploads\/2026\/03\/55176534307_3f8f580f46_c.jpg",800,484,false],"1536x1536":["https:\/\/cdsalta.gob.ar\/wp-content\/uploads\/2026\/03\/55176534307_3f8f580f46_c.jpg",800,484,false],"2048x2048":["https:\/\/cdsalta.gob.ar\/wp-content\/uploads\/2026\/03\/55176534307_3f8f580f46_c.jpg",800,484,false],"mailpoet_newsletter_max":["https:\/\/cdsalta.gob.ar\/wp-content\/uploads\/2026\/03\/55176534307_3f8f580f46_c.jpg",800,484,false]},"uagb_author_info":{"display_name":"Prensa","author_link":"https:\/\/cdsalta.gob.ar\/index.php\/author\/prensa\/"},"uagb_comment_info":0,"uagb_excerpt":"Esta ma\u00f1ana se llev\u00f3 adelante la Mesa de Di\u00e1logo Permanente de Discapacidad dependiente de la Comisi\u00f3n de Discapacidad del CD. [&hellip;]","_links":{"self":[{"href":"https:\/\/cdsalta.gob.ar\/index.php\/wp-json\/wp\/v2\/posts\/5622","targetHints":{"allow":["GET"]}}],"collection":[{"href":"https:\/\/cdsalta.gob.ar\/index.php\/wp-json\/wp\/v2\/posts"}],"about":[{"href":"https:\/\/cdsalta.gob.ar\/index.php\/wp-json\/wp\/v2\/types\/post"}],"author":[{"embeddable":true,"href":"https:\/\/cdsalta.gob.ar\/index.php\/wp-json\/wp\/v2\/users\/2"}],"replies":[{"embeddable":true,"href":"https:\/\/cdsalta.gob.ar\/index.php\/wp-json\/wp\/v2\/comments?post=5622"}],"version-history":[{"count":1,"href":"https:\/\/cdsalta.gob.ar\/index.php\/wp-json\/wp\/v2\/posts\/5622\/revisions"}],"predecessor-version":[{"id":5635,"href":"https:\/\/cdsalta.gob.ar\/index.php\/wp-json\/wp\/v2\/posts\/5622\/revisions\/5635"}],"wp:featuredmedia":[{"embeddable":true,"href":"https:\/\/cdsalta.gob.ar\/index.php\/wp-json\/wp\/v2\/media\/5626"}],"wp:attachment":[{"href":"https:\/\/cdsalta.gob.ar\/index.php\/wp-json\/wp\/v2\/media?parent=5622"}],"wp:term":[{"taxonomy":"category","embeddable":true,"href":"https:\/\/cdsalta.gob.ar\/index.php\/wp-json\/wp\/v2\/categories?post=5622"},{"taxonomy":"post_tag","embeddable":true,"href":"https:\/\/cdsalta.gob.ar\/index.php\/wp-json\/wp\/v2\/tags?post=5622"}],"curies":[{"name":"wp","href":"https:\/\/api.w.org\/{rel}","templated":true}]}}