{"id":5623,"date":"2026-03-30T13:57:46","date_gmt":"2026-03-30T16:57:46","guid":{"rendered":"https:\/\/cdsalta.gob.ar\/?p=5623"},"modified":"2026-03-30T13:57:46","modified_gmt":"2026-03-30T16:57:46","slug":"madile-participo-de-la-premiacion-de-la-medio-maraton-new-balance","status":"publish","type":"post","link":"https:\/\/cdsalta.gob.ar\/index.php\/2026\/03\/30\/madile-participo-de-la-premiacion-de-la-medio-maraton-new-balance\/","title":{"rendered":"<span style='font-size:16px;font-weight:normal;'>Evento realizado ayer en nuestra ciudad<\/span> <br> <span style='font-size:20px;font-weight:bold;'>Madile particip\u00f3 de la premiaci\u00f3n  de la Medio Marat\u00f3n New Balance<\/span>"},"content":{"rendered":"<p style=\"text-align: justify\"><strong>El presidente del Concejo Deliberante, Dar\u00edo Madile, particip\u00f3 ayer de la ceremonia de premiaci\u00f3n de la Medio Marat\u00f3n New Balance 2026, junto al intendente Emiliano Durand y dem\u00e1s funcionarios. La entrega de premios se llev\u00f3 a cabo en el Monumento 20 de Febrero y en la oportunidad se destac\u00f3 a los corredores que ganaron en las distancias de 10k y 21k. De la actividad participaron 4000 deportistas locales, nacionales internacionales, quienes recorrieron puntos emblem\u00e1ticos de la ciudad de Salta. Adem\u00e1s, se anunci\u00f3 al ganador del sorteo para participar en el Marat\u00f3n de New York, a realizarse en noviembre del corriente a\u00f1o. <\/strong><\/p>\n<p style=\"text-align: justify\"><strong>Madile destac\u00f3 la realizaci\u00f3n de la medio marat\u00f3n, resaltando la posibilidad de disfrutar un deporte como el running, la cantidad de competidores inscriptos y el significado que tiene este evento a\u00f1o a a\u00f1o para la ciudad. \u201cEs fundamental para Salta incentivar el deporte; y ver tanta gente involucrada, un domingo a la ma\u00f1ana, hace que podamos valorarlo m\u00e1s a\u00fan\u201d.<\/strong><\/p>\n<p><img loading=\"lazy\" decoding=\"async\" class=\"aligncenter size-full wp-image-5625\" src=\"https:\/\/cdsalta.gob.ar\/wp-content\/uploads\/2026\/03\/55176194798_1b42627602_c.jpg\" alt=\"\" width=\"800\" height=\"533\" srcset=\"https:\/\/cdsalta.gob.ar\/wp-content\/uploads\/2026\/03\/55176194798_1b42627602_c.jpg 800w, https:\/\/cdsalta.gob.ar\/wp-content\/uploads\/2026\/03\/55176194798_1b42627602_c-300x200.jpg 300w, https:\/\/cdsalta.gob.ar\/wp-content\/uploads\/2026\/03\/55176194798_1b42627602_c-768x512.jpg 768w\" sizes=\"auto, (max-width: 800px) 100vw, 800px\" \/><\/p>\n<p style=\"text-align: justify\">En primer lugar, se otorg\u00f3 distinci\u00f3n a los <strong>ganadores de la distancia de 10K<\/strong>. El chubutense <strong>Bruno \u00c1lvarez<\/strong> encabez\u00f3 esta competencia. Completaron el podio el salte\u00f1o <strong>Esteban Angulo<\/strong>, en segundo lugar; y <strong>Laureano Rosa<\/strong>, de Buenos Aires, en la tercera posici\u00f3n. Mientras que en la categor\u00eda femenina la ganadora fue <strong>Luc\u00eda Ju\u00e1rez<\/strong>, de San Luis. Detr\u00e1s de ella se ubicaron la santiague\u00f1a <strong>Maira D\u00edaz<\/strong> y, en tercer lugar, la salte\u00f1a <strong>Delfina \u00c1lvarez<\/strong>.<\/p>\n<p style=\"text-align: justify\">En el <strong>recorrido de 21k <\/strong>se premi\u00f3 al juje\u00f1o <strong>Miguel Maza<\/strong>, quien lleg\u00f3 en el primer lugar, seguido por <strong>Ezequiel Chavarr\u00eda<\/strong>, de Tucum\u00e1n, y <strong>F\u00e9lix S\u00e1nchez<\/strong>, de Formosa. En la categor\u00eda femenina de esta distancia, la ganadora fue <strong>Nadine Vilca<\/strong>, de Santa Mar\u00eda, Catamarca. El podio se complet\u00f3 con la salte\u00f1a <strong>Mirtha Villarreal<\/strong> y la juje\u00f1a <strong>Lorena Liz\u00e1rraga<\/strong>.<\/p>\n<p style=\"text-align: justify\">Durante el desarrollo de la premiaci\u00f3n tambi\u00e9n se realiz\u00f3 el sorteo del <strong>viaje a New York<\/strong>, para participar del marat\u00f3n a realizarse en esa ciudad. El ganador fue <strong>Joaqu\u00edn Toranzo<\/strong>, quien estar\u00e1 representando a Salta en el mes de noviembre.<\/p>\n<p style=\"text-align: justify\">Tambi\u00e9n participaron de la entrega de premios el concejal V\u00edctor Lamberto (PS); la secretaria de Turismo, Deportes y Cultura Municipal, Agustina Agolio; el presidente de la Agencia Salta Deportes Municipal, Ezequiel Barraguirre; la ministra de Turismo y Deportes de la Provincia, Manuela Arancibia; la ministra de Educaci\u00f3n de la Provincia, Cristina Fiore; entre otros funcionarios y organizadores.<\/p>\n","protected":false},"excerpt":{"rendered":"<p>El presidente del Concejo Deliberante, Dar\u00edo Madile, particip\u00f3 ayer de la ceremonia de premiaci\u00f3n de la Medio Marat\u00f3n New Balance [&hellip;]<\/p>\n","protected":false},"author":2,"featured_media":5625,"comment_status":"closed","ping_status":"closed","sticky":false,"template":"","format":"standard","meta":{"_uag_custom_page_level_css":"","site-sidebar-layout":"default","site-content-layout":"","ast-site-content-layout":"default","site-content-style":"default","site-sidebar-style":"default","ast-global-header-display":"","ast-banner-title-visibility":"","ast-main-header-display":"","ast-hfb-above-header-display":"","ast-hfb-below-header-display":"","ast-hfb-mobile-header-display":"","site-post-title":"","ast-breadcrumbs-content":"","ast-featured-img":"","footer-sml-layout":"","ast-disable-related-posts":"","theme-transparent-header-meta":"default","adv-header-id-meta":"","stick-header-meta":"","header-above-stick-meta":"","header-main-stick-meta":"","header-below-stick-meta":"","astra-migrate-meta-layouts":"set","ast-page-background-enabled":"default","ast-page-background-meta":{"desktop":{"background-color":"var(--ast-global-color-5)","background-image":"","background-repeat":"repeat","background-position":"center center","background-size":"auto","background-attachment":"scroll","background-type":"","background-media":"","overlay-type":"","overlay-color":"","overlay-opacity":"","overlay-gradient":""},"tablet":{"background-color":"","background-image":"","background-repeat":"repeat","background-position":"center center","background-size":"auto","background-attachment":"scroll","background-type":"","background-media":"","overlay-type":"","overlay-color":"","overlay-opacity":"","overlay-gradient":""},"mobile":{"background-color":"","background-image":"","background-repeat":"repeat","background-position":"center center","background-size":"auto","background-attachment":"scroll","background-type":"","background-media":"","overlay-type":"","overlay-color":"","overlay-opacity":"","overlay-gradient":""}},"ast-content-background-meta":{"desktop":{"background-color":"var(--ast-global-color-4)","background-image":"","background-repeat":"repeat","background-position":"center center","background-size":"auto","background-attachment":"scroll","background-type":"","background-media":"","overlay-type":"","overlay-color":"","overlay-opacity":"","overlay-gradient":""},"tablet":{"background-color":"var(--ast-global-color-4)","background-image":"","background-repeat":"repeat","background-position":"center center","background-size":"auto","background-attachment":"scroll","background-type":"","background-media":"","overlay-type":"","overlay-color":"","overlay-opacity":"","overlay-gradient":""},"mobile":{"background-color":"var(--ast-global-color-4)","background-image":"","background-repeat":"repeat","background-position":"center center","background-size":"auto","background-attachment":"scroll","background-type":"","background-media":"","overlay-type":"","overlay-color":"","overlay-opacity":"","overlay-gradient":""}},"footnotes":""},"categories":[1],"tags":[],"class_list":["post-5623","post","type-post","status-publish","format-standard","has-post-thumbnail","hentry","category-sin-categoria"],"uagb_featured_image_src":{"full":["https:\/\/cdsalta.gob.ar\/wp-content\/uploads\/2026\/03\/55176194798_1b42627602_c.jpg",800,533,false],"thumbnail":["https:\/\/cdsalta.gob.ar\/wp-content\/uploads\/2026\/03\/55176194798_1b42627602_c-150x150.jpg",150,150,true],"medium":["https:\/\/cdsalta.gob.ar\/wp-content\/uploads\/2026\/03\/55176194798_1b42627602_c-300x200.jpg",300,200,true],"medium_large":["https:\/\/cdsalta.gob.ar\/wp-content\/uploads\/2026\/03\/55176194798_1b42627602_c-768x512.jpg",768,512,true],"large":["https:\/\/cdsalta.gob.ar\/wp-content\/uploads\/2026\/03\/55176194798_1b42627602_c.jpg",800,533,false],"1536x1536":["https:\/\/cdsalta.gob.ar\/wp-content\/uploads\/2026\/03\/55176194798_1b42627602_c.jpg",800,533,false],"2048x2048":["https:\/\/cdsalta.gob.ar\/wp-content\/uploads\/2026\/03\/55176194798_1b42627602_c.jpg",800,533,false],"mailpoet_newsletter_max":["https:\/\/cdsalta.gob.ar\/wp-content\/uploads\/2026\/03\/55176194798_1b42627602_c.jpg",800,533,false]},"uagb_author_info":{"display_name":"Prensa","author_link":"https:\/\/cdsalta.gob.ar\/index.php\/author\/prensa\/"},"uagb_comment_info":0,"uagb_excerpt":"El presidente del Concejo Deliberante, Dar\u00edo Madile, particip\u00f3 ayer de la ceremonia de premiaci\u00f3n de la Medio Marat\u00f3n New Balance [&hellip;]","_links":{"self":[{"href":"https:\/\/cdsalta.gob.ar\/index.php\/wp-json\/wp\/v2\/posts\/5623","targetHints":{"allow":["GET"]}}],"collection":[{"href":"https:\/\/cdsalta.gob.ar\/index.php\/wp-json\/wp\/v2\/posts"}],"about":[{"href":"https:\/\/cdsalta.gob.ar\/index.php\/wp-json\/wp\/v2\/types\/post"}],"author":[{"embeddable":true,"href":"https:\/\/cdsalta.gob.ar\/index.php\/wp-json\/wp\/v2\/users\/2"}],"replies":[{"embeddable":true,"href":"https:\/\/cdsalta.gob.ar\/index.php\/wp-json\/wp\/v2\/comments?post=5623"}],"version-history":[{"count":1,"href":"https:\/\/cdsalta.gob.ar\/index.php\/wp-json\/wp\/v2\/posts\/5623\/revisions"}],"predecessor-version":[{"id":5636,"href":"https:\/\/cdsalta.gob.ar\/index.php\/wp-json\/wp\/v2\/posts\/5623\/revisions\/5636"}],"wp:featuredmedia":[{"embeddable":true,"href":"https:\/\/cdsalta.gob.ar\/index.php\/wp-json\/wp\/v2\/media\/5625"}],"wp:attachment":[{"href":"https:\/\/cdsalta.gob.ar\/index.php\/wp-json\/wp\/v2\/media?parent=5623"}],"wp:term":[{"taxonomy":"category","embeddable":true,"href":"https:\/\/cdsalta.gob.ar\/index.php\/wp-json\/wp\/v2\/categories?post=5623"},{"taxonomy":"post_tag","embeddable":true,"href":"https:\/\/cdsalta.gob.ar\/index.php\/wp-json\/wp\/v2\/tags?post=5623"}],"curies":[{"name":"wp","href":"https:\/\/api.w.org\/{rel}","templated":true}]}}