{"id":5662,"date":"2026-04-01T13:04:19","date_gmt":"2026-04-01T16:04:19","guid":{"rendered":"https:\/\/cdsalta.gob.ar\/?p=5662"},"modified":"2026-04-01T13:04:19","modified_gmt":"2026-04-01T16:04:19","slug":"se-conmemora-cada-2-de-abril-el-dia-municipal-de-concientizacion-sobre-autismo","status":"publish","type":"post","link":"https:\/\/cdsalta.gob.ar\/index.php\/2026\/04\/01\/se-conmemora-cada-2-de-abril-el-dia-municipal-de-concientizacion-sobre-autismo\/","title":{"rendered":"<span style='font-size:16px;font-weight:normal;'>El CD elabor\u00f3 diversas normas en relaci\u00f3n a la tem\u00e1tica<\/span> <br> <span style='font-size:20px;font-weight:bold;'>Se conmemora cada 2 de abril el D\u00eda  Municipal de Concientizaci\u00f3n sobre Autismo<\/span>"},"content":{"rendered":"<p style=\"text-align: justify\"><strong>Este 2 de abril se conmemora, como cada a\u00f1o, el D\u00eda Municipal de Concientizaci\u00f3n sobre Autismo. La fecha recordatoria fue establecida mediante Ordenanza N\u00b0 15.945 en 2022, con el objeto de generar acciones que motiven a reflexionar, informar, sensibilizar y concientizar sobre el autismo, como as\u00ed tambi\u00e9n implementar actividades de difusi\u00f3n sobre la importancia del diagn\u00f3stico precoz, la intervenci\u00f3n temprana y la no discriminaci\u00f3n. <\/strong><\/p>\n<p style=\"text-align: justify\"><strong>El trabajo realizado en funci\u00f3n de la tem\u00e1tica ha permitido que se sancionen diversas normativas. Entre ellas se destaca la instalaci\u00f3n de se\u00f1al\u00e9tica universal en edificios en espacios de uso p\u00fablico; la implementaci\u00f3n de la campa\u00f1a la \u201cHora Silenciosa\u201d para reducir el ruido y la intensidad de luces en locales comerciales; la denominada \u00abHora Amigable\u201d, para la emisi\u00f3n o renovaci\u00f3n de la licencia de conducir; y el uso de la carta men\u00fa universal accesible en los locales gastron\u00f3micos de la ciudad; entre otras iniciativas.<img loading=\"lazy\" decoding=\"async\" class=\"aligncenter size-full wp-image-5664\" src=\"https:\/\/cdsalta.gob.ar\/wp-content\/uploads\/2026\/04\/Dia-Municipal-de-concientizacion-sobre-Autismo-2026.png\" alt=\"\" width=\"1080\" height=\"720\" srcset=\"https:\/\/cdsalta.gob.ar\/wp-content\/uploads\/2026\/04\/Dia-Municipal-de-concientizacion-sobre-Autismo-2026.png 1080w, https:\/\/cdsalta.gob.ar\/wp-content\/uploads\/2026\/04\/Dia-Municipal-de-concientizacion-sobre-Autismo-2026-300x200.png 300w, https:\/\/cdsalta.gob.ar\/wp-content\/uploads\/2026\/04\/Dia-Municipal-de-concientizacion-sobre-Autismo-2026-1024x683.png 1024w, https:\/\/cdsalta.gob.ar\/wp-content\/uploads\/2026\/04\/Dia-Municipal-de-concientizacion-sobre-Autismo-2026-768x512.png 768w\" sizes=\"auto, (max-width: 1080px) 100vw, 1080px\" \/> <\/strong><\/p>\n<p style=\"text-align: justify\">En relaci\u00f3n al D\u00eda Municipal de Concientizaci\u00f3n sobre Autismo, el <strong>concejal Jos\u00e9 Garc\u00eda<\/strong> (YP), vicepresidente de la Comisi\u00f3n de Discapacidad del CD, se\u00f1al\u00f3: <strong>\u201cSiempre que se acerca este d\u00eda es propicio acompa\u00f1ar y generar diversas actividades para un trabajo de concientizaci\u00f3n, conocimiento, sensibilizaci\u00f3n e impacto\u201d<\/strong>. Respecto a las actividades impulsadas en este marco, sostuvo: \u201cNos vestimos de azul y se realizan distintas actividades municipales e institucionales, tambi\u00e9n en los medios de comunicaci\u00f3n cada vez est\u00e1 llegando m\u00e1s informaci\u00f3n sobre el tema\u201d. En este sentido <strong>valor\u00f3 la capacitaci\u00f3n, resaltando la predisposici\u00f3n que tiene la sociedad y sus representantes de hablar de estos temas<\/strong>, ya que <strong>\u201chay muchas cuestiones que si no nos informamos quedan sueltas y creo que hay que aprovechar este tipo de fechas para abarcarlas con seriedad, responsabilidad y sobre todo con inter\u00e9s\u201d<\/strong>, afirm\u00f3.<\/p>\n<p style=\"text-align: justify\">Adem\u00e1s, el edil <strong>Garc\u00eda destac\u00f3 que a partir de la Ordenanza N\u00b0 15.730, sancionada en el a\u00f1o 2020, que establece la instalaci\u00f3n, por parte del DEM, de se\u00f1al\u00e9tica universal en edificios con acceso al p\u00fablico y en espacios de uso p\u00fablico municipal<\/strong>, <strong>la ciudad de Salta se convirti\u00f3 en pionera a nivel continental en el tratamiento legislativo de la se\u00f1al\u00e9tica universal<\/strong>. \u201cGracias a esta normativa el Concejo Deliberante fue el primer establecimiento municipal que lo termina poniendo en pr\u00e1ctica, si recorremos la instituci\u00f3n vamos a ver colocada se\u00f1al\u00e9tica en todos los sectores, muchos lo entienden, muchos otros no, pero es una forma universal de comunicaci\u00f3n. Esperamos que la Direcci\u00f3n de Discapacidad de la Municipalidad empiece a aplicarlo este a\u00f1o en otros edificios y espacios p\u00fablicos municipales\u201d. El edil <strong>tambi\u00e9n inst\u00f3 a todas las \u00e1reas del gobierno a trabajar conjuntamente<\/strong> en la puesta en marcha de normativas vinculadas al sector. <strong>\u201c\u00c9sta es una tem\u00e1tica transversal que debe involucrar a todas las \u00e1reas del Estado, esto es necesario para que la accesibilidad universal pueda desarrollarse con total claridad\u201d<\/strong>.<\/p>\n<p style=\"text-align: justify\">La mencionada normativa, en uno de sus art\u00edculos, incorpora adem\u00e1s en las sendas peatonales emplazadas el pintado de pictogramas adecuados para personas con Trastorno del Espectro Autista (TEA).<\/p>\n<p style=\"text-align: justify\">A las normas referidas a la tem\u00e1tica se suma la Ordenanza N\u00b0 15.956 que implementa la <strong>campa\u00f1a denominada \u201cHora Silenciosa\u201d <\/strong>para contribuir a una mejor calidad de vida para las personas con Trastorno del Espectro Autista (TEA). La misma consiste principalmente en reducir el ruido y la intensidad de luces en locales comerciales en una hora matutina y otra vespertina, al menos tres veces por semana. En similar sentido, se sancion\u00f3 en 2023 la norma 16.180 que crea el <strong>Protocolo de Atenci\u00f3n destinado a Personas con Discapacidad y Adultos Mayores<\/strong> para la emisi\u00f3n o renovaci\u00f3n de la licencia de conducir. El mencionado Programa deber\u00e1 dar prioridad en la atenci\u00f3n y agilidad para el cumplimiento del tr\u00e1mite o procedimiento administrativo; disponer de d\u00edas y horarios semanales donde <strong>se implemente la denominada \u00abHora Amigable\u201d,<\/strong> para un ambiente adecuado y c\u00f3modo para favorecer la accesibilidad a personas que padezcan TEA o alteraciones sensoriales, as\u00ed como proveer informaci\u00f3n sobre talleres mec\u00e1nicos habilitados para realizar adaptaci\u00f3n en los veh\u00edculos.<\/p>\n<p style=\"text-align: justify\">Por otra parte, el Cuerpo sancion\u00f3 en 2023 la norma N\u00b0 16.139 que establece que los <strong>locales gastron\u00f3micos deben ofrecer al menos una carta men\u00fa universal accesible<\/strong>, la que contendr\u00e1 pictogramas, sistema braille o apoyo auditivo en forma impresa o digital.<\/p>\n<p style=\"text-align: justify\">Se suma la norma N\u00b0 16.316 que dispone adherir a la Ley Provincial N\u00ba 8.441 referente a la <strong>capacitaci\u00f3n obligatoria en la tem\u00e1tica Trastorno de Espectro Autista para todas las personas que se desempe\u00f1en en la funci\u00f3n p\u00fablica.<\/strong> La que se realizar\u00e1 cada dos a\u00f1os y ser\u00e1n destinatarios los empleados y funcionarios p\u00fablicos del municipio, con el objetivo de mejorar la atenci\u00f3n a personas que asisten a dichos organismos. Cabe se\u00f1alar que ediles y trabajadores del Concejo Deliberante participaron en 2024 del taller de capacitaci\u00f3n denominado \u00abHablemos sobre Autismo\u00bb. El mismo fue dictado por miembros de la fundaci\u00f3n TEAmo como sos y durante su desarrollo se abordaron tem\u00e1ticas vinculadas a los aspectos generales del autismo.<\/p>\n","protected":false},"excerpt":{"rendered":"<p>Este 2 de abril se conmemora, como cada a\u00f1o, el D\u00eda Municipal de Concientizaci\u00f3n sobre Autismo. La fecha recordatoria fue [&hellip;]<\/p>\n","protected":false},"author":2,"featured_media":5664,"comment_status":"closed","ping_status":"closed","sticky":false,"template":"","format":"standard","meta":{"_uag_custom_page_level_css":"","site-sidebar-layout":"default","site-content-layout":"","ast-site-content-layout":"default","site-content-style":"default","site-sidebar-style":"default","ast-global-header-display":"","ast-banner-title-visibility":"","ast-main-header-display":"","ast-hfb-above-header-display":"","ast-hfb-below-header-display":"","ast-hfb-mobile-header-display":"","site-post-title":"","ast-breadcrumbs-content":"","ast-featured-img":"","footer-sml-layout":"","ast-disable-related-posts":"","theme-transparent-header-meta":"default","adv-header-id-meta":"","stick-header-meta":"","header-above-stick-meta":"","header-main-stick-meta":"","header-below-stick-meta":"","astra-migrate-meta-layouts":"set","ast-page-background-enabled":"default","ast-page-background-meta":{"desktop":{"background-color":"var(--ast-global-color-5)","background-image":"","background-repeat":"repeat","background-position":"center center","background-size":"auto","background-attachment":"scroll","background-type":"","background-media":"","overlay-type":"","overlay-color":"","overlay-opacity":"","overlay-gradient":""},"tablet":{"background-color":"","background-image":"","background-repeat":"repeat","background-position":"center center","background-size":"auto","background-attachment":"scroll","background-type":"","background-media":"","overlay-type":"","overlay-color":"","overlay-opacity":"","overlay-gradient":""},"mobile":{"background-color":"","background-image":"","background-repeat":"repeat","background-position":"center center","background-size":"auto","background-attachment":"scroll","background-type":"","background-media":"","overlay-type":"","overlay-color":"","overlay-opacity":"","overlay-gradient":""}},"ast-content-background-meta":{"desktop":{"background-color":"var(--ast-global-color-4)","background-image":"","background-repeat":"repeat","background-position":"center center","background-size":"auto","background-attachment":"scroll","background-type":"","background-media":"","overlay-type":"","overlay-color":"","overlay-opacity":"","overlay-gradient":""},"tablet":{"background-color":"var(--ast-global-color-4)","background-image":"","background-repeat":"repeat","background-position":"center center","background-size":"auto","background-attachment":"scroll","background-type":"","background-media":"","overlay-type":"","overlay-color":"","overlay-opacity":"","overlay-gradient":""},"mobile":{"background-color":"var(--ast-global-color-4)","background-image":"","background-repeat":"repeat","background-position":"center center","background-size":"auto","background-attachment":"scroll","background-type":"","background-media":"","overlay-type":"","overlay-color":"","overlay-opacity":"","overlay-gradient":""}},"footnotes":""},"categories":[1],"tags":[],"class_list":["post-5662","post","type-post","status-publish","format-standard","has-post-thumbnail","hentry","category-sin-categoria"],"uagb_featured_image_src":{"full":["https:\/\/cdsalta.gob.ar\/wp-content\/uploads\/2026\/04\/Dia-Municipal-de-concientizacion-sobre-Autismo-2026.png",1080,720,false],"thumbnail":["https:\/\/cdsalta.gob.ar\/wp-content\/uploads\/2026\/04\/Dia-Municipal-de-concientizacion-sobre-Autismo-2026-150x150.png",150,150,true],"medium":["https:\/\/cdsalta.gob.ar\/wp-content\/uploads\/2026\/04\/Dia-Municipal-de-concientizacion-sobre-Autismo-2026-300x200.png",300,200,true],"medium_large":["https:\/\/cdsalta.gob.ar\/wp-content\/uploads\/2026\/04\/Dia-Municipal-de-concientizacion-sobre-Autismo-2026-768x512.png",768,512,true],"large":["https:\/\/cdsalta.gob.ar\/wp-content\/uploads\/2026\/04\/Dia-Municipal-de-concientizacion-sobre-Autismo-2026-1024x683.png",1024,683,true],"1536x1536":["https:\/\/cdsalta.gob.ar\/wp-content\/uploads\/2026\/04\/Dia-Municipal-de-concientizacion-sobre-Autismo-2026.png",1080,720,false],"2048x2048":["https:\/\/cdsalta.gob.ar\/wp-content\/uploads\/2026\/04\/Dia-Municipal-de-concientizacion-sobre-Autismo-2026.png",1080,720,false],"mailpoet_newsletter_max":["https:\/\/cdsalta.gob.ar\/wp-content\/uploads\/2026\/04\/Dia-Municipal-de-concientizacion-sobre-Autismo-2026.png",1080,720,false]},"uagb_author_info":{"display_name":"Prensa","author_link":"https:\/\/cdsalta.gob.ar\/index.php\/author\/prensa\/"},"uagb_comment_info":0,"uagb_excerpt":"Este 2 de abril se conmemora, como cada a\u00f1o, el D\u00eda Municipal de Concientizaci\u00f3n sobre Autismo. La fecha recordatoria fue [&hellip;]","_links":{"self":[{"href":"https:\/\/cdsalta.gob.ar\/index.php\/wp-json\/wp\/v2\/posts\/5662","targetHints":{"allow":["GET"]}}],"collection":[{"href":"https:\/\/cdsalta.gob.ar\/index.php\/wp-json\/wp\/v2\/posts"}],"about":[{"href":"https:\/\/cdsalta.gob.ar\/index.php\/wp-json\/wp\/v2\/types\/post"}],"author":[{"embeddable":true,"href":"https:\/\/cdsalta.gob.ar\/index.php\/wp-json\/wp\/v2\/users\/2"}],"replies":[{"embeddable":true,"href":"https:\/\/cdsalta.gob.ar\/index.php\/wp-json\/wp\/v2\/comments?post=5662"}],"version-history":[{"count":1,"href":"https:\/\/cdsalta.gob.ar\/index.php\/wp-json\/wp\/v2\/posts\/5662\/revisions"}],"predecessor-version":[{"id":5671,"href":"https:\/\/cdsalta.gob.ar\/index.php\/wp-json\/wp\/v2\/posts\/5662\/revisions\/5671"}],"wp:featuredmedia":[{"embeddable":true,"href":"https:\/\/cdsalta.gob.ar\/index.php\/wp-json\/wp\/v2\/media\/5664"}],"wp:attachment":[{"href":"https:\/\/cdsalta.gob.ar\/index.php\/wp-json\/wp\/v2\/media?parent=5662"}],"wp:term":[{"taxonomy":"category","embeddable":true,"href":"https:\/\/cdsalta.gob.ar\/index.php\/wp-json\/wp\/v2\/categories?post=5662"},{"taxonomy":"post_tag","embeddable":true,"href":"https:\/\/cdsalta.gob.ar\/index.php\/wp-json\/wp\/v2\/tags?post=5662"}],"curies":[{"name":"wp","href":"https:\/\/api.w.org\/{rel}","templated":true}]}}