{"id":5663,"date":"2026-04-01T13:04:20","date_gmt":"2026-04-01T16:04:20","guid":{"rendered":"https:\/\/cdsalta.gob.ar\/?p=5663"},"modified":"2026-04-01T13:04:20","modified_gmt":"2026-04-01T16:04:20","slug":"se-realiza-esta-tarde-una-nueva-sesion-ordinaria-del-presente-periodo-legislativo-del-cd-23","status":"publish","type":"post","link":"https:\/\/cdsalta.gob.ar\/index.php\/2026\/04\/01\/se-realiza-esta-tarde-una-nueva-sesion-ordinaria-del-presente-periodo-legislativo-del-cd-23\/","title":{"rendered":"<span style='font-size:16px;font-weight:normal;'>A horas 16.00 en el Recinto deliberativo<\/span> <br> <span style='font-size:20px;font-weight:bold;'>Se realiza esta tarde una nueva Sesi\u00f3n  Ordinaria del presente periodo legislativo del CD<\/span>"},"content":{"rendered":"<p style=\"text-align: justify\"><strong>En el Recinto del Concejo Deliberante se llevar\u00e1 a cabo hoy, a partir de horas 16.00, una nueva Sesi\u00f3n Ordinaria correspondiente al per\u00edodo 2026. La misma ser\u00e1 encabezada <\/strong><strong>por el titular del CD, Dar\u00edo Madile. <\/strong><\/p>\n<p style=\"text-align: justify\"><strong>Durante el desarrollo de la Sesi\u00f3n los ediles dar\u00e1n tratamiento a 23 Proyectos legislativos con dict\u00e1menes correspondientes, los que fueron incluidos en el Orden del D\u00eda elaborado por la Comisi\u00f3n de Labor Parlamentaria. Se suman a ellos las Solicitudes de informe presentadas por ediles de diferentes bancadas.<\/strong><\/p>\n<p style=\"text-align: justify\"><strong>Periodistas y p\u00fablico en general podr\u00e1n acceder a una transmisi\u00f3n en vivo y realizar un seguimiento de la Sesi\u00f3n mediante el link <a href=\"http:\/\/www.cdsalta.gob.ar\/\">http:\/\/www.cdsalta.gob.ar<\/a>, as\u00ed como por la p\u00e1gina de Facebook y el canal de YouTube de la instituci\u00f3n legislativa. Tambi\u00e9n pueden realizar la cobertura de forma presencial en los palcos y la oficina de Prensa del CD.<img loading=\"lazy\" decoding=\"async\" class=\"aligncenter size-full wp-image-5553\" src=\"https:\/\/cdsalta.gob.ar\/wp-content\/uploads\/2026\/03\/55155662378_be52f5a613_c.jpg\" alt=\"\" width=\"799\" height=\"533\" srcset=\"https:\/\/cdsalta.gob.ar\/wp-content\/uploads\/2026\/03\/55155662378_be52f5a613_c.jpg 799w, https:\/\/cdsalta.gob.ar\/wp-content\/uploads\/2026\/03\/55155662378_be52f5a613_c-300x200.jpg 300w, https:\/\/cdsalta.gob.ar\/wp-content\/uploads\/2026\/03\/55155662378_be52f5a613_c-768x512.jpg 768w\" sizes=\"auto, (max-width: 799px) 100vw, 799px\" \/><\/strong><\/p>\n<p style=\"text-align: justify\">En el primer punto del Orden del D\u00eda y con tratamiento preferencial se encuentra un Proyecto de Ordenanza presentado por la concejala In\u00e9s Bennassar (GSC) que propone la <strong>implementaci\u00f3n de una campa\u00f1a de concientizaci\u00f3n, sensibilizaci\u00f3n y prevenci\u00f3n en relaci\u00f3n al ciberbullying<\/strong>. El articulado contempla la definici\u00f3n del concepto, los ejes tem\u00e1ticos de la campa\u00f1a, las actividades a desarrollar y la determinaci\u00f3n de la Autoridad de Aplicaci\u00f3n, entre otros aspectos vinculados a su ejecuci\u00f3n.<\/p>\n<p style=\"text-align: justify\">El Cuerpo legislativo abordar\u00e1 tambi\u00e9n en Sesi\u00f3n Ordinaria un Proyecto de Ordenanza impulsado por el concejal Gustavo Farquharson (PS). El articulado tiene por objeto <strong>establecer el marco normativo para la utilizaci\u00f3n, impulso, adopci\u00f3n y desarrollo de tecnolog\u00edas basadas en Inteligencia Artificial (IA) en la gesti\u00f3n p\u00fablica municipal,<\/strong> con la finalidad de optimizar la administraci\u00f3n, mejorar los servicios a la ciudadan\u00eda y fortalecer la toma de decisiones basada en datos, siempre como herramienta de apoyo y sin sustituir la intervenci\u00f3n humana. En el articulado se establece adem\u00e1s que sus disposiciones ser\u00e1n de aplicaci\u00f3n en el Departamento Ejecutivo Municipal, el Concejo Deliberante, el Tribunal Administrativo de Faltas y el Tribunal de Cuentas Municipal.<\/p>\n<p style=\"text-align: justify\">Tambi\u00e9n dar\u00e1n tratamiento a un Proyecto de Ordenanza presentado por el concejal mandato cumplido Juan Pablo Linares y el concejal Dar\u00edo Madile (PS) que <strong>propone la creaci\u00f3n del \u201cCircuito Malvinero de la Ciudad de Salta\u201d. La iniciativa tiene como finalidad promover la memoria colectiva, la conciencia hist\u00f3rica y la reafirmaci\u00f3n de los derechos soberanos argentinos sobre las Islas Malvinas, Georgias del Sur, Sandwich del Sur y los espacios mar\u00edtimos e insulares correspondientes, mediante la puesta en valor y difusi\u00f3n de los espacios p\u00fablicos que rinden homenaje a dicha causa<\/strong>. El texto establece dos etapas para su implementaci\u00f3n. Una instancia digital, que prev\u00e9 la creaci\u00f3n de un micrositio o secci\u00f3n espec\u00edfica dentro del portal oficial de la Municipalidad de Salta, donde se dispondr\u00e1 un mapa interactivo con la geolocalizaci\u00f3n de los puntos que integran el circuito. La segunda etapa contempla una instancia presencial, mediante la colocaci\u00f3n de carteler\u00eda identificatoria en cada uno de los espacios.<\/p>\n<p style=\"text-align: justify\">En la Sesi\u00f3n tambi\u00e9n se tratar\u00e1 un Proyecto de Resoluci\u00f3n elaborado por la Comisi\u00f3n de Labor Parlamentaria mediante el cual se aconseja <strong>prestar acuerdo para la designaci\u00f3n de Justo Antonio Herrera como juez del Juzgado de 4\u00b0 Nominaci\u00f3n del Tribunal Administrativo de Faltas. <\/strong><\/p>\n<p style=\"text-align: justify\">De la misma Comisi\u00f3n proviene el Proyecto que dispone la <strong>designaci\u00f3n de un concejal<\/strong> en representaci\u00f3n del Concejo Deliberante <strong>como integrante de la Comisi\u00f3n Especial del Fondo de Apoyo para Bibliotecas Populares<\/strong>.<\/p>\n<p style=\"text-align: justify\">Los ediles tambi\u00e9n dar\u00e1n tratamiento a un Proyecto de Resoluci\u00f3n elaborado por la Comisi\u00f3n de Medio Ambiente, Higiene y Seguridad. La iniciativa dispone la <strong>implementaci\u00f3n de un Programa de Capacitaci\u00f3n Integral en Ambiente, destinado a concejales, funcionarios y empleados del Concejo Deliberante<\/strong>, con perspectiva de desarrollo sostenible y especial \u00e9nfasis en el cambio clim\u00e1tico, en cumplimiento de la Ley Nacional N.\u00ba 27.592 y la Ordenanza N.\u00ba 15.828.<\/p>\n<p style=\"text-align: justify\">Se agrega la iniciativa mediante la cual se solicita al <strong>Poder Ejecutivo Nacional garantizar de manera urgente el cumplimiento efectivo de la normativa vigente en materia de discapacidad, <\/strong>a fin de asegurar el normal funcionamiento del sistema de prestaciones b\u00e1sicas. Asimismo, el Proyecto requiere <strong>la adopci\u00f3n inmediata de medidas orientadas a actualizar los aranceles del sistema, <\/strong>conforme a la realidad inflacionaria, regularizar el pago de las prestaciones adeudadas a profesionales e instituciones, y eliminar las trabas administrativas que dificultan el acceso a servicios esenciales. El articulado fue elaborado por la Comisi\u00f3n de Discapacidad.<\/p>\n<p style=\"text-align: justify\">Se agrega al temario una serie de pedidos destinados al DEM vinculados a <strong>obras<\/strong> de bacheo, reparaci\u00f3n de p\u00e9rdida de agua y el reacondicionamiento de luminarias en distintos barrios de la ciudad. Tambi\u00e9n se solicita llevar a cabo la intimaci\u00f3n a propietarios de inmuebles para que realicen el mantenimiento de los mismos, el relevamiento y poda de especies arb\u00f3reas, as\u00ed como el desmalazado y acondicionamiento de espacios p\u00fablicos. Por \u00faltimo, se suman <strong>requerimientos <\/strong>relacionados al retiro de veh\u00edculos en estado de abandono, la instalaci\u00f3n de reductores de velocidad y las gestiones necesarias ante SAETA para la ampliaci\u00f3n del recorrido del corredor 3E del transporte p\u00fablico.<\/p>\n","protected":false},"excerpt":{"rendered":"<p>En el Recinto del Concejo Deliberante se llevar\u00e1 a cabo hoy, a partir de horas 16.00, una nueva Sesi\u00f3n Ordinaria [&hellip;]<\/p>\n","protected":false},"author":2,"featured_media":5553,"comment_status":"closed","ping_status":"closed","sticky":false,"template":"","format":"standard","meta":{"_uag_custom_page_level_css":"","site-sidebar-layout":"default","site-content-layout":"","ast-site-content-layout":"default","site-content-style":"default","site-sidebar-style":"default","ast-global-header-display":"","ast-banner-title-visibility":"","ast-main-header-display":"","ast-hfb-above-header-display":"","ast-hfb-below-header-display":"","ast-hfb-mobile-header-display":"","site-post-title":"","ast-breadcrumbs-content":"","ast-featured-img":"","footer-sml-layout":"","ast-disable-related-posts":"","theme-transparent-header-meta":"default","adv-header-id-meta":"","stick-header-meta":"","header-above-stick-meta":"","header-main-stick-meta":"","header-below-stick-meta":"","astra-migrate-meta-layouts":"set","ast-page-background-enabled":"default","ast-page-background-meta":{"desktop":{"background-color":"var(--ast-global-color-5)","background-image":"","background-repeat":"repeat","background-position":"center center","background-size":"auto","background-attachment":"scroll","background-type":"","background-media":"","overlay-type":"","overlay-color":"","overlay-opacity":"","overlay-gradient":""},"tablet":{"background-color":"","background-image":"","background-repeat":"repeat","background-position":"center center","background-size":"auto","background-attachment":"scroll","background-type":"","background-media":"","overlay-type":"","overlay-color":"","overlay-opacity":"","overlay-gradient":""},"mobile":{"background-color":"","background-image":"","background-repeat":"repeat","background-position":"center center","background-size":"auto","background-attachment":"scroll","background-type":"","background-media":"","overlay-type":"","overlay-color":"","overlay-opacity":"","overlay-gradient":""}},"ast-content-background-meta":{"desktop":{"background-color":"var(--ast-global-color-4)","background-image":"","background-repeat":"repeat","background-position":"center center","background-size":"auto","background-attachment":"scroll","background-type":"","background-media":"","overlay-type":"","overlay-color":"","overlay-opacity":"","overlay-gradient":""},"tablet":{"background-color":"var(--ast-global-color-4)","background-image":"","background-repeat":"repeat","background-position":"center center","background-size":"auto","background-attachment":"scroll","background-type":"","background-media":"","overlay-type":"","overlay-color":"","overlay-opacity":"","overlay-gradient":""},"mobile":{"background-color":"var(--ast-global-color-4)","background-image":"","background-repeat":"repeat","background-position":"center center","background-size":"auto","background-attachment":"scroll","background-type":"","background-media":"","overlay-type":"","overlay-color":"","overlay-opacity":"","overlay-gradient":""}},"footnotes":""},"categories":[1],"tags":[],"class_list":["post-5663","post","type-post","status-publish","format-standard","has-post-thumbnail","hentry","category-sin-categoria"],"uagb_featured_image_src":{"full":["https:\/\/cdsalta.gob.ar\/wp-content\/uploads\/2026\/03\/55155662378_be52f5a613_c.jpg",799,533,false],"thumbnail":["https:\/\/cdsalta.gob.ar\/wp-content\/uploads\/2026\/03\/55155662378_be52f5a613_c-150x150.jpg",150,150,true],"medium":["https:\/\/cdsalta.gob.ar\/wp-content\/uploads\/2026\/03\/55155662378_be52f5a613_c-300x200.jpg",300,200,true],"medium_large":["https:\/\/cdsalta.gob.ar\/wp-content\/uploads\/2026\/03\/55155662378_be52f5a613_c-768x512.jpg",768,512,true],"large":["https:\/\/cdsalta.gob.ar\/wp-content\/uploads\/2026\/03\/55155662378_be52f5a613_c.jpg",799,533,false],"1536x1536":["https:\/\/cdsalta.gob.ar\/wp-content\/uploads\/2026\/03\/55155662378_be52f5a613_c.jpg",799,533,false],"2048x2048":["https:\/\/cdsalta.gob.ar\/wp-content\/uploads\/2026\/03\/55155662378_be52f5a613_c.jpg",799,533,false],"mailpoet_newsletter_max":["https:\/\/cdsalta.gob.ar\/wp-content\/uploads\/2026\/03\/55155662378_be52f5a613_c.jpg",799,533,false]},"uagb_author_info":{"display_name":"Prensa","author_link":"https:\/\/cdsalta.gob.ar\/index.php\/author\/prensa\/"},"uagb_comment_info":0,"uagb_excerpt":"En el Recinto del Concejo Deliberante se llevar\u00e1 a cabo hoy, a partir de horas 16.00, una nueva Sesi\u00f3n Ordinaria [&hellip;]","_links":{"self":[{"href":"https:\/\/cdsalta.gob.ar\/index.php\/wp-json\/wp\/v2\/posts\/5663","targetHints":{"allow":["GET"]}}],"collection":[{"href":"https:\/\/cdsalta.gob.ar\/index.php\/wp-json\/wp\/v2\/posts"}],"about":[{"href":"https:\/\/cdsalta.gob.ar\/index.php\/wp-json\/wp\/v2\/types\/post"}],"author":[{"embeddable":true,"href":"https:\/\/cdsalta.gob.ar\/index.php\/wp-json\/wp\/v2\/users\/2"}],"replies":[{"embeddable":true,"href":"https:\/\/cdsalta.gob.ar\/index.php\/wp-json\/wp\/v2\/comments?post=5663"}],"version-history":[{"count":1,"href":"https:\/\/cdsalta.gob.ar\/index.php\/wp-json\/wp\/v2\/posts\/5663\/revisions"}],"predecessor-version":[{"id":5672,"href":"https:\/\/cdsalta.gob.ar\/index.php\/wp-json\/wp\/v2\/posts\/5663\/revisions\/5672"}],"wp:featuredmedia":[{"embeddable":true,"href":"https:\/\/cdsalta.gob.ar\/index.php\/wp-json\/wp\/v2\/media\/5553"}],"wp:attachment":[{"href":"https:\/\/cdsalta.gob.ar\/index.php\/wp-json\/wp\/v2\/media?parent=5663"}],"wp:term":[{"taxonomy":"category","embeddable":true,"href":"https:\/\/cdsalta.gob.ar\/index.php\/wp-json\/wp\/v2\/categories?post=5663"},{"taxonomy":"post_tag","embeddable":true,"href":"https:\/\/cdsalta.gob.ar\/index.php\/wp-json\/wp\/v2\/tags?post=5663"}],"curies":[{"name":"wp","href":"https:\/\/api.w.org\/{rel}","templated":true}]}}