{"id":6101,"date":"2026-04-27T13:38:13","date_gmt":"2026-04-27T16:38:13","guid":{"rendered":"https:\/\/cdsalta.gob.ar\/?p=6101"},"modified":"2026-04-27T13:38:13","modified_gmt":"2026-04-27T16:38:13","slug":"en-el-recinto-deliberativo-se-realizo-el-izamiento-de-la-bandera-del-estado-de-israel","status":"publish","type":"post","link":"https:\/\/cdsalta.gob.ar\/index.php\/2026\/04\/27\/en-el-recinto-deliberativo-se-realizo-el-izamiento-de-la-bandera-del-estado-de-israel\/","title":{"rendered":"<span style='font-size:16px;font-weight:normal;'>Con motivo del 78\u00b0 Aniversario de la Declaraci\u00f3n de su Independencia<\/span> <br> <span style='font-size:20px;font-weight:bold;'>En el Recinto deliberativo se realiz\u00f3 el  izamiento de la bandera del Estado de Israel<\/span>"},"content":{"rendered":"<p style=\"text-align: justify\"><strong><img loading=\"lazy\" decoding=\"async\" class=\"aligncenter size-full wp-image-6106\" src=\"https:\/\/cdsalta.gob.ar\/wp-content\/uploads\/2026\/04\/55233138527_18752cbc97_c.jpg\" alt=\"\" width=\"800\" height=\"534\" srcset=\"https:\/\/cdsalta.gob.ar\/wp-content\/uploads\/2026\/04\/55233138527_18752cbc97_c.jpg 800w, https:\/\/cdsalta.gob.ar\/wp-content\/uploads\/2026\/04\/55233138527_18752cbc97_c-300x200.jpg 300w, https:\/\/cdsalta.gob.ar\/wp-content\/uploads\/2026\/04\/55233138527_18752cbc97_c-768x513.jpg 768w\" sizes=\"auto, (max-width: 800px) 100vw, 800px\" \/>Al conmemorarse el 78\u00b0 Aniversario de la Declaraci\u00f3n de la Independencia del Estado de Israel, se llev\u00f3 a cabo esta ma\u00f1ana el acto de izamiento de su bandera en el Recinto Deliberativo del Concejo Deliberante de la ciudad de Salta. La ceremonia cont\u00f3 con la participaci\u00f3n de representantes de instituciones de la comunidad israelita local, establecimientos educativos, concejales de los diferentes bloques pol\u00edticos, trabajadores del organismo legislativo y p\u00fablico invitado.<\/strong><\/p>\n<p style=\"text-align: justify\"><strong>La actividad se desarroll\u00f3 en el marco de lo establecido por la Resoluci\u00f3n N\u00ba 128, normativa que dispone invitar a los Cuerpos Consulares y a asociaciones de comunidades migrantes con asiento en la ciudad, en ocasi\u00f3n de celebrarse la independencia o d\u00eda nacional de sus pa\u00edses, a realizar el izamiento de sus banderas en el edificio legislativo.<\/strong><\/p>\n<p style=\"text-align: justify\">El acto se cumpli\u00f3 en el Recinto Deliberativo del edificio legislativo, donde el presidente de la Comisi\u00f3n de Cultura, Turismo, Recreaci\u00f3n, Educaci\u00f3n, Prensa y Relaciones Interjurisdiccionales, concejal David Leiva (MM), junto a su par, Laura Jorge Saravia (LLA), as\u00ed como representantes de la Asociaci\u00f3n Alianza Israelita \u2013 Kehila de Salta, encabezados por su presidente, Rodolfo Levin, y la directora comunitaria, Georgina Herzog, tuvieron a su cargo el <strong>izamiento de las banderas de la Rep\u00fablica Argentina y del Estado de Israel. Posteriormente, se entonaron las estrofas de los respectivos himnos nacionales,<\/strong> acompa\u00f1ados por los acordes de la Banda de M\u00fasica Municipal \u201c25 de Mayo\u201d.<\/p>\n<p style=\"text-align: justify\">Durante la ceremonia, la directora de la Escuela Hatikva, Andrea Kohan, tom\u00f3 la palabra y agradeci\u00f3 la convocatoria, se\u00f1alando: \u201c<strong>Gracias por el honor de convocarme a compartir este momento en un a\u00f1o muy particular para nosotros<\/strong>, porque nos da la inmensa felicidad de poder ser parte y de estar presentes como comunidad, como pueblo y como planeta\u201d. En su intervenci\u00f3n, hizo referencia al contexto actual y al rol de la educaci\u00f3n, afirmando: \u201c<strong>Ha sido un desaf\u00edo muy grande para los docentes tener que ense\u00f1ar sobre la guerra mientras la transitamos, porque estamos preparados para ense\u00f1ar realidades que ya han concluido<\/strong>, pero hoy acompa\u00f1amos las preguntas y preocupaciones de nuestros alumnos desde el sentimiento\u201d. Asimismo, evoc\u00f3 los or\u00edgenes del Estado de Israel y el proceso hist\u00f3rico del pueblo jud\u00edo, destacando el legado de quienes impulsaron ese camino. Finalmente, remarc\u00f3: \u201c<strong>Hablamos de una sociedad democr\u00e1tica, donde conviven millones de personas no jud\u00edas con plenos derechos<\/strong>. Ese es el esp\u00edritu con el cual Israel se gest\u00f3 y se sostiene, y ese es el mensaje que queremos transmitir a nuestros ni\u00f1os: trabajar para que el deseo de paz no sea una leyenda\u201d.<\/p>\n<p style=\"text-align: justify\">Por su parte, la directora comunitaria Georgina Herzog brind\u00f3 palabras alusivas a la fecha, recordando: \u201c<strong>El 5 de Iyar de 1948 naci\u00f3 el Estado de Israel, cumpliendo un sue\u00f1o milenario del pueblo jud\u00edo: ser libre en su propia tierra<\/strong>\u201d. En su discurso, destac\u00f3 el desarrollo alcanzado por el pa\u00eds, indicando que \u201c<strong>Israel es hoy una democracia \u00fanica en Medio Oriente, una sociedad plural y diversa, comprometida con la libertad, la convivencia y la dignidad humana\u201d<\/strong>. Asimismo, record\u00f3 el dolor por los hechos del 7 de octubre de 2023 y afirm\u00f3 la necesidad de sostener la vida, fortalecer la identidad y proyectar un futuro basado en valores.<\/p>\n<p style=\"text-align: justify\">Del acto tambi\u00e9n particip\u00f3 Rub\u00e9n Melleretzky miembro de la comisi\u00f3n directiva de la Sociedad Israelita Uni\u00f3n \u2013 Jabad de Salta y alumnos de la Escuela N\u00b0 4004 C\u00f3rdoba y de la Escuela Hatikva, instituciones depositarias de la bandera del Estado de Israel.<\/p>\n","protected":false},"excerpt":{"rendered":"<p>Al conmemorarse el 78\u00b0 Aniversario de la Declaraci\u00f3n de la Independencia del Estado de Israel, se llev\u00f3 a cabo esta [&hellip;]<\/p>\n","protected":false},"author":2,"featured_media":6106,"comment_status":"closed","ping_status":"closed","sticky":false,"template":"","format":"standard","meta":{"_uag_custom_page_level_css":"","site-sidebar-layout":"default","site-content-layout":"","ast-site-content-layout":"default","site-content-style":"default","site-sidebar-style":"default","ast-global-header-display":"","ast-banner-title-visibility":"","ast-main-header-display":"","ast-hfb-above-header-display":"","ast-hfb-below-header-display":"","ast-hfb-mobile-header-display":"","site-post-title":"","ast-breadcrumbs-content":"","ast-featured-img":"","footer-sml-layout":"","ast-disable-related-posts":"","theme-transparent-header-meta":"default","adv-header-id-meta":"","stick-header-meta":"","header-above-stick-meta":"","header-main-stick-meta":"","header-below-stick-meta":"","astra-migrate-meta-layouts":"set","ast-page-background-enabled":"default","ast-page-background-meta":{"desktop":{"background-color":"var(--ast-global-color-5)","background-image":"","background-repeat":"repeat","background-position":"center center","background-size":"auto","background-attachment":"scroll","background-type":"","background-media":"","overlay-type":"","overlay-color":"","overlay-opacity":"","overlay-gradient":""},"tablet":{"background-color":"","background-image":"","background-repeat":"repeat","background-position":"center center","background-size":"auto","background-attachment":"scroll","background-type":"","background-media":"","overlay-type":"","overlay-color":"","overlay-opacity":"","overlay-gradient":""},"mobile":{"background-color":"","background-image":"","background-repeat":"repeat","background-position":"center center","background-size":"auto","background-attachment":"scroll","background-type":"","background-media":"","overlay-type":"","overlay-color":"","overlay-opacity":"","overlay-gradient":""}},"ast-content-background-meta":{"desktop":{"background-color":"var(--ast-global-color-4)","background-image":"","background-repeat":"repeat","background-position":"center center","background-size":"auto","background-attachment":"scroll","background-type":"","background-media":"","overlay-type":"","overlay-color":"","overlay-opacity":"","overlay-gradient":""},"tablet":{"background-color":"var(--ast-global-color-4)","background-image":"","background-repeat":"repeat","background-position":"center center","background-size":"auto","background-attachment":"scroll","background-type":"","background-media":"","overlay-type":"","overlay-color":"","overlay-opacity":"","overlay-gradient":""},"mobile":{"background-color":"var(--ast-global-color-4)","background-image":"","background-repeat":"repeat","background-position":"center center","background-size":"auto","background-attachment":"scroll","background-type":"","background-media":"","overlay-type":"","overlay-color":"","overlay-opacity":"","overlay-gradient":""}},"footnotes":""},"categories":[1],"tags":[],"class_list":["post-6101","post","type-post","status-publish","format-standard","has-post-thumbnail","hentry","category-sin-categoria"],"uagb_featured_image_src":{"full":["https:\/\/cdsalta.gob.ar\/wp-content\/uploads\/2026\/04\/55233138527_18752cbc97_c.jpg",800,534,false],"thumbnail":["https:\/\/cdsalta.gob.ar\/wp-content\/uploads\/2026\/04\/55233138527_18752cbc97_c-150x150.jpg",150,150,true],"medium":["https:\/\/cdsalta.gob.ar\/wp-content\/uploads\/2026\/04\/55233138527_18752cbc97_c-300x200.jpg",300,200,true],"medium_large":["https:\/\/cdsalta.gob.ar\/wp-content\/uploads\/2026\/04\/55233138527_18752cbc97_c-768x513.jpg",768,513,true],"large":["https:\/\/cdsalta.gob.ar\/wp-content\/uploads\/2026\/04\/55233138527_18752cbc97_c.jpg",800,534,false],"1536x1536":["https:\/\/cdsalta.gob.ar\/wp-content\/uploads\/2026\/04\/55233138527_18752cbc97_c.jpg",800,534,false],"2048x2048":["https:\/\/cdsalta.gob.ar\/wp-content\/uploads\/2026\/04\/55233138527_18752cbc97_c.jpg",800,534,false],"mailpoet_newsletter_max":["https:\/\/cdsalta.gob.ar\/wp-content\/uploads\/2026\/04\/55233138527_18752cbc97_c.jpg",800,534,false]},"uagb_author_info":{"display_name":"Prensa","author_link":"https:\/\/cdsalta.gob.ar\/index.php\/author\/prensa\/"},"uagb_comment_info":0,"uagb_excerpt":"Al conmemorarse el 78\u00b0 Aniversario de la Declaraci\u00f3n de la Independencia del Estado de Israel, se llev\u00f3 a cabo esta [&hellip;]","_links":{"self":[{"href":"https:\/\/cdsalta.gob.ar\/index.php\/wp-json\/wp\/v2\/posts\/6101","targetHints":{"allow":["GET"]}}],"collection":[{"href":"https:\/\/cdsalta.gob.ar\/index.php\/wp-json\/wp\/v2\/posts"}],"about":[{"href":"https:\/\/cdsalta.gob.ar\/index.php\/wp-json\/wp\/v2\/types\/post"}],"author":[{"embeddable":true,"href":"https:\/\/cdsalta.gob.ar\/index.php\/wp-json\/wp\/v2\/users\/2"}],"replies":[{"embeddable":true,"href":"https:\/\/cdsalta.gob.ar\/index.php\/wp-json\/wp\/v2\/comments?post=6101"}],"version-history":[{"count":1,"href":"https:\/\/cdsalta.gob.ar\/index.php\/wp-json\/wp\/v2\/posts\/6101\/revisions"}],"predecessor-version":[{"id":6107,"href":"https:\/\/cdsalta.gob.ar\/index.php\/wp-json\/wp\/v2\/posts\/6101\/revisions\/6107"}],"wp:featuredmedia":[{"embeddable":true,"href":"https:\/\/cdsalta.gob.ar\/index.php\/wp-json\/wp\/v2\/media\/6106"}],"wp:attachment":[{"href":"https:\/\/cdsalta.gob.ar\/index.php\/wp-json\/wp\/v2\/media?parent=6101"}],"wp:term":[{"taxonomy":"category","embeddable":true,"href":"https:\/\/cdsalta.gob.ar\/index.php\/wp-json\/wp\/v2\/categories?post=6101"},{"taxonomy":"post_tag","embeddable":true,"href":"https:\/\/cdsalta.gob.ar\/index.php\/wp-json\/wp\/v2\/tags?post=6101"}],"curies":[{"name":"wp","href":"https:\/\/api.w.org\/{rel}","templated":true}]}}