{"id":6102,"date":"2026-04-27T13:45:00","date_gmt":"2026-04-27T16:45:00","guid":{"rendered":"https:\/\/cdsalta.gob.ar\/?p=6102"},"modified":"2026-04-27T13:45:00","modified_gmt":"2026-04-27T16:45:00","slug":"dictamen-favorable-a-la-nomina-de-estudiantes-beneficiarios-de-la-beca-profesor-daniel-cordoba","status":"publish","type":"post","link":"https:\/\/cdsalta.gob.ar\/index.php\/2026\/04\/27\/dictamen-favorable-a-la-nomina-de-estudiantes-beneficiarios-de-la-beca-profesor-daniel-cordoba\/","title":{"rendered":"<span style='font-size:16px;font-weight:normal;'>Como as\u00ed tambi\u00e9n a solicitudes de condonaci\u00f3n de deudas impositivas<\/span> <br> <span style='font-size:20px;font-weight:bold;'>Dictamen favorable a la n\u00f3mina de estudiantes  beneficiarios de la Beca \u201cProfesor Daniel C\u00f3rdoba\u201d<\/span>"},"content":{"rendered":"<p style=\"text-align: justify\"><strong>Este mediod\u00eda se desarroll\u00f3 una nueva reuni\u00f3n de la Comisi\u00f3n de Acci\u00f3n Social, Becas, Asuntos Vecinales, Participaci\u00f3n Ciudadana y Defensa del Consumidor, en la que los ediles otorgaron visto bueno a Proyectos de Resoluci\u00f3n y a solicitudes de condonaci\u00f3n de deudas. La primera de las iniciativas propone la n\u00f3mina de los quince estudiantes que podr\u00e1n acceder a la Beca Estudiantil \u201cProfesor Daniel C\u00f3rdoba\u201d, beneficio que otorga el Concejo Deliberante.<\/strong><\/p>\n<p style=\"text-align: justify\"><strong>En cuanto a los pedidos de condonaci\u00f3n de deudas impositivas, se analizaron catorce expedientes presentados por vecinos de la ciudad. Los mismos se encuentran vinculados a la Tasa General de Inmuebles, el Impuesto Inmobiliario, la Tasa de Protecci\u00f3n de Personas y Bienes y la Tasa de Uso de Nicho. A fin de dar continuidad a su tratamiento legislativo, se acord\u00f3 la remisi\u00f3n de estas actuaciones a la Comisi\u00f3n de Hacienda, Presupuesto y Cuentas.<\/strong><\/p>\n<p style=\"text-align: justify\">En primer lugar, los concejales otorgaron visto bueno a un Proyecto de Resoluci\u00f3n que propone la <strong>n\u00f3mina de los quince estudiantes que cumplen con los requisitos para acceder a la Beca Estudiantil \u201cProfesor Daniel C\u00f3rdoba\u201d, beneficio que otorga el Concejo Deliberante.<\/strong><\/p>\n<p style=\"text-align: justify\">La iniciativa fue elaborada en cumplimiento de las condiciones establecidas en la Resoluci\u00f3n N\u00ba 767, mediante la cual se instituy\u00f3 en 2022 la beca \u201cProfesor Daniel C\u00f3rdoba\u201d, destinada a <strong>estudiantes de nivel superior que cursan carreras vinculadas a las ciencias exactas, ciencias naturales, tecnolog\u00eda, ingenier\u00eda, matem\u00e1tica y f\u00edsica.<\/strong> La normativa dispone el otorgamiento de quince becas anuales, cada una equivalente a mil quinientas Unidades Tributarias (1500 U.T.), abonadas en dos pagos de setecientas cincuenta (750 U.T.) en los meses de junio y octubre. El beneficio se otorga por \u00fanica vez y no es renovable.<\/p>\n<p style=\"text-align: justify\">Los concejales tambi\u00e9n analizaron diversos expedientes presentados por particulares. Disponiendo otorgar visto bueno a <strong>once requerimientos de condonaciones de deuda de la Tasa General de Inmuebles (TGI), el Impuesto Inmobiliario (II), y la Tasa de Protecci\u00f3n de Personas y Bienes<\/strong>. Adem\u00e1s, se suman <strong>tres pedidos vinculados a la Tasa de Uso de Nicho<\/strong>. Es preciso se\u00f1alar que los expedientes contaban con el informe socioecon\u00f3mico correspondiente, en donde se plasma la situaci\u00f3n de los solicitantes. Consign\u00e1ndose que se trata de personas jubiladas, en situaci\u00f3n de vulnerabilidad social o con alg\u00fan tipo de discapacidad.<\/p>\n<p style=\"text-align: justify\">Por otro lado, se acord\u00f3 remitir <strong>trece expedientes al Departamento Social y tres al Departamento Jur\u00eddico del CD<\/strong>, con el objeto de que las \u00e1reas se expidan al respecto.<\/p>\n<p style=\"text-align: justify\">La reuni\u00f3n de la Comisi\u00f3n estuvo presidida por la edila Laura Garc\u00eda (VS), quien fue acompa\u00f1ada por sus pares Eliana Chuchuy (PS), David Lieva (MM), \u00c1ngel Ortiz (UCR), Carlos Casasola y Rodrigo Quinteros (ambos de LLA).<\/p>\n","protected":false},"excerpt":{"rendered":"<p>Este mediod\u00eda se desarroll\u00f3 una nueva reuni\u00f3n de la Comisi\u00f3n de Acci\u00f3n Social, Becas, Asuntos Vecinales, Participaci\u00f3n Ciudadana y Defensa [&hellip;]<\/p>\n","protected":false},"author":2,"featured_media":6109,"comment_status":"closed","ping_status":"closed","sticky":false,"template":"","format":"standard","meta":{"_uag_custom_page_level_css":"","site-sidebar-layout":"default","site-content-layout":"","ast-site-content-layout":"default","site-content-style":"default","site-sidebar-style":"default","ast-global-header-display":"","ast-banner-title-visibility":"","ast-main-header-display":"","ast-hfb-above-header-display":"","ast-hfb-below-header-display":"","ast-hfb-mobile-header-display":"","site-post-title":"","ast-breadcrumbs-content":"","ast-featured-img":"","footer-sml-layout":"","ast-disable-related-posts":"","theme-transparent-header-meta":"default","adv-header-id-meta":"","stick-header-meta":"","header-above-stick-meta":"","header-main-stick-meta":"","header-below-stick-meta":"","astra-migrate-meta-layouts":"set","ast-page-background-enabled":"default","ast-page-background-meta":{"desktop":{"background-color":"var(--ast-global-color-5)","background-image":"","background-repeat":"repeat","background-position":"center center","background-size":"auto","background-attachment":"scroll","background-type":"","background-media":"","overlay-type":"","overlay-color":"","overlay-opacity":"","overlay-gradient":""},"tablet":{"background-color":"","background-image":"","background-repeat":"repeat","background-position":"center center","background-size":"auto","background-attachment":"scroll","background-type":"","background-media":"","overlay-type":"","overlay-color":"","overlay-opacity":"","overlay-gradient":""},"mobile":{"background-color":"","background-image":"","background-repeat":"repeat","background-position":"center center","background-size":"auto","background-attachment":"scroll","background-type":"","background-media":"","overlay-type":"","overlay-color":"","overlay-opacity":"","overlay-gradient":""}},"ast-content-background-meta":{"desktop":{"background-color":"var(--ast-global-color-4)","background-image":"","background-repeat":"repeat","background-position":"center center","background-size":"auto","background-attachment":"scroll","background-type":"","background-media":"","overlay-type":"","overlay-color":"","overlay-opacity":"","overlay-gradient":""},"tablet":{"background-color":"var(--ast-global-color-4)","background-image":"","background-repeat":"repeat","background-position":"center center","background-size":"auto","background-attachment":"scroll","background-type":"","background-media":"","overlay-type":"","overlay-color":"","overlay-opacity":"","overlay-gradient":""},"mobile":{"background-color":"var(--ast-global-color-4)","background-image":"","background-repeat":"repeat","background-position":"center center","background-size":"auto","background-attachment":"scroll","background-type":"","background-media":"","overlay-type":"","overlay-color":"","overlay-opacity":"","overlay-gradient":""}},"footnotes":""},"categories":[1],"tags":[],"class_list":["post-6102","post","type-post","status-publish","format-standard","has-post-thumbnail","hentry","category-sin-categoria"],"uagb_featured_image_src":{"full":["https:\/\/cdsalta.gob.ar\/wp-content\/uploads\/2026\/04\/55234452979_da63ce411c_c.jpg",799,533,false],"thumbnail":["https:\/\/cdsalta.gob.ar\/wp-content\/uploads\/2026\/04\/55234452979_da63ce411c_c-150x150.jpg",150,150,true],"medium":["https:\/\/cdsalta.gob.ar\/wp-content\/uploads\/2026\/04\/55234452979_da63ce411c_c-300x200.jpg",300,200,true],"medium_large":["https:\/\/cdsalta.gob.ar\/wp-content\/uploads\/2026\/04\/55234452979_da63ce411c_c-768x512.jpg",768,512,true],"large":["https:\/\/cdsalta.gob.ar\/wp-content\/uploads\/2026\/04\/55234452979_da63ce411c_c.jpg",799,533,false],"1536x1536":["https:\/\/cdsalta.gob.ar\/wp-content\/uploads\/2026\/04\/55234452979_da63ce411c_c.jpg",799,533,false],"2048x2048":["https:\/\/cdsalta.gob.ar\/wp-content\/uploads\/2026\/04\/55234452979_da63ce411c_c.jpg",799,533,false],"mailpoet_newsletter_max":["https:\/\/cdsalta.gob.ar\/wp-content\/uploads\/2026\/04\/55234452979_da63ce411c_c.jpg",799,533,false]},"uagb_author_info":{"display_name":"Prensa","author_link":"https:\/\/cdsalta.gob.ar\/index.php\/author\/prensa\/"},"uagb_comment_info":0,"uagb_excerpt":"Este mediod\u00eda se desarroll\u00f3 una nueva reuni\u00f3n de la Comisi\u00f3n de Acci\u00f3n Social, Becas, Asuntos Vecinales, Participaci\u00f3n Ciudadana y Defensa [&hellip;]","_links":{"self":[{"href":"https:\/\/cdsalta.gob.ar\/index.php\/wp-json\/wp\/v2\/posts\/6102","targetHints":{"allow":["GET"]}}],"collection":[{"href":"https:\/\/cdsalta.gob.ar\/index.php\/wp-json\/wp\/v2\/posts"}],"about":[{"href":"https:\/\/cdsalta.gob.ar\/index.php\/wp-json\/wp\/v2\/types\/post"}],"author":[{"embeddable":true,"href":"https:\/\/cdsalta.gob.ar\/index.php\/wp-json\/wp\/v2\/users\/2"}],"replies":[{"embeddable":true,"href":"https:\/\/cdsalta.gob.ar\/index.php\/wp-json\/wp\/v2\/comments?post=6102"}],"version-history":[{"count":1,"href":"https:\/\/cdsalta.gob.ar\/index.php\/wp-json\/wp\/v2\/posts\/6102\/revisions"}],"predecessor-version":[{"id":6110,"href":"https:\/\/cdsalta.gob.ar\/index.php\/wp-json\/wp\/v2\/posts\/6102\/revisions\/6110"}],"wp:featuredmedia":[{"embeddable":true,"href":"https:\/\/cdsalta.gob.ar\/index.php\/wp-json\/wp\/v2\/media\/6109"}],"wp:attachment":[{"href":"https:\/\/cdsalta.gob.ar\/index.php\/wp-json\/wp\/v2\/media?parent=6102"}],"wp:term":[{"taxonomy":"category","embeddable":true,"href":"https:\/\/cdsalta.gob.ar\/index.php\/wp-json\/wp\/v2\/categories?post=6102"},{"taxonomy":"post_tag","embeddable":true,"href":"https:\/\/cdsalta.gob.ar\/index.php\/wp-json\/wp\/v2\/tags?post=6102"}],"curies":[{"name":"wp","href":"https:\/\/api.w.org\/{rel}","templated":true}]}}