{"id":6128,"date":"2026-04-28T18:56:40","date_gmt":"2026-04-28T21:56:40","guid":{"rendered":"https:\/\/cdsalta.gob.ar\/?p=6128"},"modified":"2026-04-28T18:56:40","modified_gmt":"2026-04-28T21:56:40","slug":"temas-a-abordar-en-la-sesion-ordinaria-a-realizarse-manana-29","status":"publish","type":"post","link":"https:\/\/cdsalta.gob.ar\/index.php\/2026\/04\/28\/temas-a-abordar-en-la-sesion-ordinaria-a-realizarse-manana-29\/","title":{"rendered":"<span style='font-size:16px;font-weight:normal;'>A horas 16.00, en el Recinto de Deliberaciones<\/span> <br> <span style='font-size:20px;font-weight:bold;'>Temas a abordar en la Sesi\u00f3n  Ordinaria a realizarse ma\u00f1ana<\/span>"},"content":{"rendered":"<p style=\"text-align: justify\"><strong><img loading=\"lazy\" decoding=\"async\" class=\"aligncenter size-full wp-image-6042\" src=\"https:\/\/cdsalta.gob.ar\/wp-content\/uploads\/2026\/04\/55224917215_baf75512f6_c.jpg\" alt=\"\" width=\"799\" height=\"533\" srcset=\"https:\/\/cdsalta.gob.ar\/wp-content\/uploads\/2026\/04\/55224917215_baf75512f6_c.jpg 799w, https:\/\/cdsalta.gob.ar\/wp-content\/uploads\/2026\/04\/55224917215_baf75512f6_c-300x200.jpg 300w, https:\/\/cdsalta.gob.ar\/wp-content\/uploads\/2026\/04\/55224917215_baf75512f6_c-768x512.jpg 768w\" sizes=\"auto, (max-width: 799px) 100vw, 799px\" \/><\/strong><\/p>\n<p style=\"text-align: justify\"><strong>Ma\u00f1ana, a horas 16.00, se llevar\u00e1 a cabo una nueva Sesi\u00f3n Ordinaria del presente periodo legislativo. La misma ser\u00e1 encabezada por el titular del CD, Dar\u00edo Madile. <\/strong><\/p>\n<p style=\"text-align: justify\"><strong>Durante el desarrollo de la Sesi\u00f3n, los ediles dar\u00e1n tratamiento a 28 Proyectos legislativos con dict\u00e1menes correspondientes, los que fueron incluidos en el Orden del D\u00eda elaborado hoy por la Comisi\u00f3n de Labor Parlamentaria. <\/strong><\/p>\n<p style=\"text-align: justify\"><strong>Periodistas y p\u00fablico en general podr\u00e1n acceder a una transmisi\u00f3n en vivo y realizar un seguimiento de la Sesi\u00f3n mediante el link http:\/\/www.cdsalta.gob.ar, as\u00ed como por la p\u00e1gina de Facebook y el canal de YouTube de la instituci\u00f3n legislativa. Tambi\u00e9n pueden realizar la cobertura de forma presencial en los palcos y la oficina de prensa del CD.<\/strong><\/p>\n<p style=\"text-align: justify\">Como primer punto del Orden del D\u00eda se encuentra un Proyecto de Ordenanza de la edila Camila Lobo (PS) que propone modificar el art\u00edculo 33 e incorporar otros apartados a la Ordenanza N\u00b0 15.292. La iniciativa tiene como finalidad <strong>adecuar el procedimiento para la baja de habilitaciones comerciales, permitiendo registrar el cese de actividad sin condicionarlo a la presentaci\u00f3n de la libre deuda,<\/strong> con el objetivo de evitar la generaci\u00f3n de obligaciones tributarias posteriores al cese efectivo.<\/p>\n<p style=\"text-align: justify\">Tambi\u00e9n obtendr\u00e1 an\u00e1lisis por parte del Cuerpo un Proyecto de Ordenanza presentado por el concejal Gustavo Farquharson (PS) que propone modificar la norma N\u00b0 15.192, con el objeto de <strong>ordenar la infraestructura existente de postes destinados al tendido de cables en la v\u00eda p\u00fablica<\/strong>. La iniciativa establece la obligaci\u00f3n de las <strong>empresas de presentar informes sobre la localizaci\u00f3n<\/strong> y el estado de los postes, as\u00ed como el retiro de aquellos que se encuentren en desuso. Asimismo, contempla la <strong>actualizaci\u00f3n del r\u00e9gimen de sanciones y la incorporaci\u00f3n de herramientas que permitan al Municipio intervenir de oficio ante incumplimientos<\/strong>, ejecutando las tareas necesarias y trasladando los costos a las firmas responsables.<\/p>\n<p style=\"text-align: justify\">Se agrega a un Proyecto de Declaraci\u00f3n de la concejala Erica Castro (LLA) mediante el cual se expresa que ver\u00eda con agrado que el Ministerio de Seguridad de la provincia refuerce la <strong>presencia policial, incremente los m\u00f3viles, instale c\u00e1maras de vigilancia <\/strong>y lleve adelante acciones preventivas ante situaciones de consumo problem\u00e1tico. Los pedidos se realizan para inmediaciones de la escuela General Juan Antonio \u00c1lvarez de Arenales N\u00b0 4.028, Escuela de Comercio N\u00b0 5.063 Juan Pablo II y en la Biblioteca Popular Macacha G\u00fcemes N\u00b0 3.474, en los barrios Arenales y San Antonio.<\/p>\n<p style=\"text-align: justify\">Tambi\u00e9n se dar\u00e1 tratamiento a un Proyecto de Resoluci\u00f3n que propone la <strong>n\u00f3mina de los quince estudiantes que cumplen con los requisitos para acceder a la Beca Estudiantil \u201cProfesor Daniel C\u00f3rdoba\u201d, beneficio que otorga el Concejo Deliberante.<\/strong> La iniciativa fue elaborada en cumplimiento de las condiciones establecidas en la Resoluci\u00f3n N\u00ba 767, mediante la cual se instituy\u00f3 en 2022 la beca \u201cProfesor Daniel C\u00f3rdoba\u201d, destinada a <strong>estudiantes de nivel superior que cursan carreras vinculadas a las ciencias exactas, ciencias naturales, tecnolog\u00eda, ingenier\u00eda, matem\u00e1tica y f\u00edsica.<\/strong> La normativa dispone el otorgamiento de quince becas anuales, cada una equivalente a mil quinientas Unidades Tributarias (1500 U.T.), abonadas en dos pagos de setecientas cincuenta (750 U.T.) en los meses de junio y octubre. El beneficio se otorga por \u00fanica vez y no es renovable.<\/p>\n<p style=\"text-align: justify\">Se suman una serie de pedidos al DEM relacionados a <strong>obras<\/strong> de bacheo, pavimentaci\u00f3n, cord\u00f3n cuneta, la instalaci\u00f3n del alumbrado p\u00fablico, el retiro de restos de poda y la erradicaci\u00f3n de microbasurales en distintos barrios de la ciudad. Asimismo, se solicita el mantenimiento de juegos infantiles, intimar a los propietarios de inmuebles a realizar la limpieza de los mismos, el control de estacionamiento indebido en inmediaciones del hospital San Bernardo, el retiro de veh\u00edculos abandonados, as\u00ed como la instalaci\u00f3n de sem\u00e1foros y reductores de velocidad. Se suman iniciativas que proponen <strong>distinguir a distintas actividades<\/strong> a realizarse en el municipio y la trayectoria del Ballet Macacha G\u00fcemes.<\/p>\n","protected":false},"excerpt":{"rendered":"<p>Ma\u00f1ana, a horas 16.00, se llevar\u00e1 a cabo una nueva Sesi\u00f3n Ordinaria del presente periodo legislativo. La misma ser\u00e1 encabezada [&hellip;]<\/p>\n","protected":false},"author":2,"featured_media":6042,"comment_status":"closed","ping_status":"closed","sticky":false,"template":"","format":"standard","meta":{"_uag_custom_page_level_css":"","site-sidebar-layout":"default","site-content-layout":"","ast-site-content-layout":"default","site-content-style":"default","site-sidebar-style":"default","ast-global-header-display":"","ast-banner-title-visibility":"","ast-main-header-display":"","ast-hfb-above-header-display":"","ast-hfb-below-header-display":"","ast-hfb-mobile-header-display":"","site-post-title":"","ast-breadcrumbs-content":"","ast-featured-img":"","footer-sml-layout":"","ast-disable-related-posts":"","theme-transparent-header-meta":"default","adv-header-id-meta":"","stick-header-meta":"","header-above-stick-meta":"","header-main-stick-meta":"","header-below-stick-meta":"","astra-migrate-meta-layouts":"set","ast-page-background-enabled":"default","ast-page-background-meta":{"desktop":{"background-color":"var(--ast-global-color-5)","background-image":"","background-repeat":"repeat","background-position":"center center","background-size":"auto","background-attachment":"scroll","background-type":"","background-media":"","overlay-type":"","overlay-color":"","overlay-opacity":"","overlay-gradient":""},"tablet":{"background-color":"","background-image":"","background-repeat":"repeat","background-position":"center center","background-size":"auto","background-attachment":"scroll","background-type":"","background-media":"","overlay-type":"","overlay-color":"","overlay-opacity":"","overlay-gradient":""},"mobile":{"background-color":"","background-image":"","background-repeat":"repeat","background-position":"center center","background-size":"auto","background-attachment":"scroll","background-type":"","background-media":"","overlay-type":"","overlay-color":"","overlay-opacity":"","overlay-gradient":""}},"ast-content-background-meta":{"desktop":{"background-color":"var(--ast-global-color-4)","background-image":"","background-repeat":"repeat","background-position":"center center","background-size":"auto","background-attachment":"scroll","background-type":"","background-media":"","overlay-type":"","overlay-color":"","overlay-opacity":"","overlay-gradient":""},"tablet":{"background-color":"var(--ast-global-color-4)","background-image":"","background-repeat":"repeat","background-position":"center center","background-size":"auto","background-attachment":"scroll","background-type":"","background-media":"","overlay-type":"","overlay-color":"","overlay-opacity":"","overlay-gradient":""},"mobile":{"background-color":"var(--ast-global-color-4)","background-image":"","background-repeat":"repeat","background-position":"center center","background-size":"auto","background-attachment":"scroll","background-type":"","background-media":"","overlay-type":"","overlay-color":"","overlay-opacity":"","overlay-gradient":""}},"footnotes":""},"categories":[1],"tags":[],"class_list":["post-6128","post","type-post","status-publish","format-standard","has-post-thumbnail","hentry","category-sin-categoria"],"uagb_featured_image_src":{"full":["https:\/\/cdsalta.gob.ar\/wp-content\/uploads\/2026\/04\/55224917215_baf75512f6_c.jpg",799,533,false],"thumbnail":["https:\/\/cdsalta.gob.ar\/wp-content\/uploads\/2026\/04\/55224917215_baf75512f6_c-150x150.jpg",150,150,true],"medium":["https:\/\/cdsalta.gob.ar\/wp-content\/uploads\/2026\/04\/55224917215_baf75512f6_c-300x200.jpg",300,200,true],"medium_large":["https:\/\/cdsalta.gob.ar\/wp-content\/uploads\/2026\/04\/55224917215_baf75512f6_c-768x512.jpg",768,512,true],"large":["https:\/\/cdsalta.gob.ar\/wp-content\/uploads\/2026\/04\/55224917215_baf75512f6_c.jpg",799,533,false],"1536x1536":["https:\/\/cdsalta.gob.ar\/wp-content\/uploads\/2026\/04\/55224917215_baf75512f6_c.jpg",799,533,false],"2048x2048":["https:\/\/cdsalta.gob.ar\/wp-content\/uploads\/2026\/04\/55224917215_baf75512f6_c.jpg",799,533,false],"mailpoet_newsletter_max":["https:\/\/cdsalta.gob.ar\/wp-content\/uploads\/2026\/04\/55224917215_baf75512f6_c.jpg",799,533,false]},"uagb_author_info":{"display_name":"Prensa","author_link":"https:\/\/cdsalta.gob.ar\/index.php\/author\/prensa\/"},"uagb_comment_info":0,"uagb_excerpt":"Ma\u00f1ana, a horas 16.00, se llevar\u00e1 a cabo una nueva Sesi\u00f3n Ordinaria del presente periodo legislativo. La misma ser\u00e1 encabezada [&hellip;]","_links":{"self":[{"href":"https:\/\/cdsalta.gob.ar\/index.php\/wp-json\/wp\/v2\/posts\/6128","targetHints":{"allow":["GET"]}}],"collection":[{"href":"https:\/\/cdsalta.gob.ar\/index.php\/wp-json\/wp\/v2\/posts"}],"about":[{"href":"https:\/\/cdsalta.gob.ar\/index.php\/wp-json\/wp\/v2\/types\/post"}],"author":[{"embeddable":true,"href":"https:\/\/cdsalta.gob.ar\/index.php\/wp-json\/wp\/v2\/users\/2"}],"replies":[{"embeddable":true,"href":"https:\/\/cdsalta.gob.ar\/index.php\/wp-json\/wp\/v2\/comments?post=6128"}],"version-history":[{"count":1,"href":"https:\/\/cdsalta.gob.ar\/index.php\/wp-json\/wp\/v2\/posts\/6128\/revisions"}],"predecessor-version":[{"id":6129,"href":"https:\/\/cdsalta.gob.ar\/index.php\/wp-json\/wp\/v2\/posts\/6128\/revisions\/6129"}],"wp:featuredmedia":[{"embeddable":true,"href":"https:\/\/cdsalta.gob.ar\/index.php\/wp-json\/wp\/v2\/media\/6042"}],"wp:attachment":[{"href":"https:\/\/cdsalta.gob.ar\/index.php\/wp-json\/wp\/v2\/media?parent=6128"}],"wp:term":[{"taxonomy":"category","embeddable":true,"href":"https:\/\/cdsalta.gob.ar\/index.php\/wp-json\/wp\/v2\/categories?post=6128"},{"taxonomy":"post_tag","embeddable":true,"href":"https:\/\/cdsalta.gob.ar\/index.php\/wp-json\/wp\/v2\/tags?post=6128"}],"curies":[{"name":"wp","href":"https:\/\/api.w.org\/{rel}","templated":true}]}}