{"id":6158,"date":"2026-04-29T21:12:25","date_gmt":"2026-04-30T00:12:25","guid":{"rendered":"https:\/\/cdsalta.gob.ar\/?p=6158"},"modified":"2026-04-29T21:12:25","modified_gmt":"2026-04-30T00:12:25","slug":"piden-al-ejecutivo-la-reglamentacion-de-la-norma-de-fomento-y-proteccion-de-los-espacios-culturales-independientes","status":"publish","type":"post","link":"https:\/\/cdsalta.gob.ar\/index.php\/2026\/04\/29\/piden-al-ejecutivo-la-reglamentacion-de-la-norma-de-fomento-y-proteccion-de-los-espacios-culturales-independientes\/","title":{"rendered":"<span style='font-size:16px;font-weight:normal;'>Se trata de la Ordenanza N\u00ba 15.771<\/span> <br> <span style='font-size:20px;font-weight:bold;'>Piden al Ejecutivo la reglamentaci\u00f3n de la norma de fomento y protecci\u00f3n de los espacios culturales independientes<\/span>"},"content":{"rendered":"<p><img loading=\"lazy\" decoding=\"async\" class=\"aligncenter size-full wp-image-6176\" src=\"https:\/\/cdsalta.gob.ar\/wp-content\/uploads\/2026\/04\/55239395243_9be93fdeeb_c.jpg\" alt=\"\" width=\"799\" height=\"533\" srcset=\"https:\/\/cdsalta.gob.ar\/wp-content\/uploads\/2026\/04\/55239395243_9be93fdeeb_c.jpg 799w, https:\/\/cdsalta.gob.ar\/wp-content\/uploads\/2026\/04\/55239395243_9be93fdeeb_c-300x200.jpg 300w, https:\/\/cdsalta.gob.ar\/wp-content\/uploads\/2026\/04\/55239395243_9be93fdeeb_c-768x512.jpg 768w\" sizes=\"auto, (max-width: 799px) 100vw, 799px\" \/><\/p>\n<p style=\"text-align: justify\"><strong>Sobre Tablas, el Concejo Deliberante sancion\u00f3 en la fecha una Resoluci\u00f3n elaborada por el concejal Jos\u00e9 Garc\u00eda (YP), mediante la cual se solicita al Departamento Ejecutivo Municipal que proceda a la reglamentaci\u00f3n de la Ordenanza N\u00ba 15.771, a fin de tornar efectivos los derechos y beneficios all\u00ed establecidos. Cabe se\u00f1alar que la norma constituye el marco regulatorio para el fomento y la protecci\u00f3n de los espacios culturales independientes en el \u00e1mbito de la ciudad.<\/strong><\/p>\n<p style=\"text-align: justify\">Durante el tratamiento, el edil Jos\u00e9 Garc\u00eda (YP) expuso los fundamentos del Proyecto e indic\u00f3 que la Ordenanza fue sancionada en el a\u00f1o 2020. En ese sentido, destac\u00f3 que la <strong>normativa reconoce como espacios culturales independientes<\/strong> a aquellos \u00e1mbitos no convencionales donde se desarrollan manifestaciones art\u00edsticas en vivo, incluyendo actividades como teatro, circo, m\u00fasica, danza, poes\u00eda y artes pl\u00e1sticas, entre otras. Finalmente, Garc\u00eda subray\u00f3 <strong>la necesidad de avanzar en su reglamentaci\u00f3n como herramienta para fortalecer al sector cultural, se\u00f1alando que \u201chace falta ese incentivo para que el sector del teatro y de la cultura se vea acompa\u00f1ado con una normativa municipal\u201d.<\/strong><\/p>\n<p style=\"text-align: justify\">En los fundamentos de la iniciativa, se consigna que, a m\u00e1s de tres a\u00f1os de la promulgaci\u00f3n, la <strong>norma no ha sido reglamentada<\/strong> por el Departamento Ejecutivo Municipal, lo que impide su plena operatividad y priva a los actores culturales de las herramientas de promoci\u00f3n y resguardo previstas.<\/p>\n<p style=\"text-align: justify\">En ese contexto, tambi\u00e9n se expone que la <strong>coyuntura nacional plantea la posible derogaci\u00f3n de la Ley Nacional N\u00ba 14.800, que declara de inter\u00e9s nacional la actividad teatral, situaci\u00f3n que podr\u00eda afectar el patrimonio cultural y la continuidad de los espacios autogestionados<\/strong>. En ese marco, se destaca que la <strong>Ordenanza N\u00ba 15.771 guarda identidad de fines con la legislaci\u00f3n nacional en materia de protecci\u00f3n y reconocimiento de la actividad cultural,<\/strong> constituy\u00e9ndose como un instrumento clave de resguardo a nivel local ante la incertidumbre de los marcos regulatorios vigentes.<\/p>\n","protected":false},"excerpt":{"rendered":"<p>Sobre Tablas, el Concejo Deliberante sancion\u00f3 en la fecha una Resoluci\u00f3n elaborada por el concejal Jos\u00e9 Garc\u00eda (YP), mediante la [&hellip;]<\/p>\n","protected":false},"author":2,"featured_media":6176,"comment_status":"closed","ping_status":"closed","sticky":false,"template":"","format":"standard","meta":{"_uag_custom_page_level_css":"","site-sidebar-layout":"default","site-content-layout":"","ast-site-content-layout":"default","site-content-style":"default","site-sidebar-style":"default","ast-global-header-display":"","ast-banner-title-visibility":"","ast-main-header-display":"","ast-hfb-above-header-display":"","ast-hfb-below-header-display":"","ast-hfb-mobile-header-display":"","site-post-title":"","ast-breadcrumbs-content":"","ast-featured-img":"","footer-sml-layout":"","ast-disable-related-posts":"","theme-transparent-header-meta":"default","adv-header-id-meta":"","stick-header-meta":"","header-above-stick-meta":"","header-main-stick-meta":"","header-below-stick-meta":"","astra-migrate-meta-layouts":"set","ast-page-background-enabled":"default","ast-page-background-meta":{"desktop":{"background-color":"var(--ast-global-color-5)","background-image":"","background-repeat":"repeat","background-position":"center center","background-size":"auto","background-attachment":"scroll","background-type":"","background-media":"","overlay-type":"","overlay-color":"","overlay-opacity":"","overlay-gradient":""},"tablet":{"background-color":"","background-image":"","background-repeat":"repeat","background-position":"center center","background-size":"auto","background-attachment":"scroll","background-type":"","background-media":"","overlay-type":"","overlay-color":"","overlay-opacity":"","overlay-gradient":""},"mobile":{"background-color":"","background-image":"","background-repeat":"repeat","background-position":"center center","background-size":"auto","background-attachment":"scroll","background-type":"","background-media":"","overlay-type":"","overlay-color":"","overlay-opacity":"","overlay-gradient":""}},"ast-content-background-meta":{"desktop":{"background-color":"var(--ast-global-color-4)","background-image":"","background-repeat":"repeat","background-position":"center center","background-size":"auto","background-attachment":"scroll","background-type":"","background-media":"","overlay-type":"","overlay-color":"","overlay-opacity":"","overlay-gradient":""},"tablet":{"background-color":"var(--ast-global-color-4)","background-image":"","background-repeat":"repeat","background-position":"center center","background-size":"auto","background-attachment":"scroll","background-type":"","background-media":"","overlay-type":"","overlay-color":"","overlay-opacity":"","overlay-gradient":""},"mobile":{"background-color":"var(--ast-global-color-4)","background-image":"","background-repeat":"repeat","background-position":"center center","background-size":"auto","background-attachment":"scroll","background-type":"","background-media":"","overlay-type":"","overlay-color":"","overlay-opacity":"","overlay-gradient":""}},"footnotes":""},"categories":[1],"tags":[],"class_list":["post-6158","post","type-post","status-publish","format-standard","has-post-thumbnail","hentry","category-sin-categoria"],"uagb_featured_image_src":{"full":["https:\/\/cdsalta.gob.ar\/wp-content\/uploads\/2026\/04\/55239395243_9be93fdeeb_c.jpg",799,533,false],"thumbnail":["https:\/\/cdsalta.gob.ar\/wp-content\/uploads\/2026\/04\/55239395243_9be93fdeeb_c-150x150.jpg",150,150,true],"medium":["https:\/\/cdsalta.gob.ar\/wp-content\/uploads\/2026\/04\/55239395243_9be93fdeeb_c-300x200.jpg",300,200,true],"medium_large":["https:\/\/cdsalta.gob.ar\/wp-content\/uploads\/2026\/04\/55239395243_9be93fdeeb_c-768x512.jpg",768,512,true],"large":["https:\/\/cdsalta.gob.ar\/wp-content\/uploads\/2026\/04\/55239395243_9be93fdeeb_c.jpg",799,533,false],"1536x1536":["https:\/\/cdsalta.gob.ar\/wp-content\/uploads\/2026\/04\/55239395243_9be93fdeeb_c.jpg",799,533,false],"2048x2048":["https:\/\/cdsalta.gob.ar\/wp-content\/uploads\/2026\/04\/55239395243_9be93fdeeb_c.jpg",799,533,false],"mailpoet_newsletter_max":["https:\/\/cdsalta.gob.ar\/wp-content\/uploads\/2026\/04\/55239395243_9be93fdeeb_c.jpg",799,533,false]},"uagb_author_info":{"display_name":"Prensa","author_link":"https:\/\/cdsalta.gob.ar\/index.php\/author\/prensa\/"},"uagb_comment_info":0,"uagb_excerpt":"Sobre Tablas, el Concejo Deliberante sancion\u00f3 en la fecha una Resoluci\u00f3n elaborada por el concejal Jos\u00e9 Garc\u00eda (YP), mediante la [&hellip;]","_links":{"self":[{"href":"https:\/\/cdsalta.gob.ar\/index.php\/wp-json\/wp\/v2\/posts\/6158","targetHints":{"allow":["GET"]}}],"collection":[{"href":"https:\/\/cdsalta.gob.ar\/index.php\/wp-json\/wp\/v2\/posts"}],"about":[{"href":"https:\/\/cdsalta.gob.ar\/index.php\/wp-json\/wp\/v2\/types\/post"}],"author":[{"embeddable":true,"href":"https:\/\/cdsalta.gob.ar\/index.php\/wp-json\/wp\/v2\/users\/2"}],"replies":[{"embeddable":true,"href":"https:\/\/cdsalta.gob.ar\/index.php\/wp-json\/wp\/v2\/comments?post=6158"}],"version-history":[{"count":1,"href":"https:\/\/cdsalta.gob.ar\/index.php\/wp-json\/wp\/v2\/posts\/6158\/revisions"}],"predecessor-version":[{"id":6182,"href":"https:\/\/cdsalta.gob.ar\/index.php\/wp-json\/wp\/v2\/posts\/6158\/revisions\/6182"}],"wp:featuredmedia":[{"embeddable":true,"href":"https:\/\/cdsalta.gob.ar\/index.php\/wp-json\/wp\/v2\/media\/6176"}],"wp:attachment":[{"href":"https:\/\/cdsalta.gob.ar\/index.php\/wp-json\/wp\/v2\/media?parent=6158"}],"wp:term":[{"taxonomy":"category","embeddable":true,"href":"https:\/\/cdsalta.gob.ar\/index.php\/wp-json\/wp\/v2\/categories?post=6158"},{"taxonomy":"post_tag","embeddable":true,"href":"https:\/\/cdsalta.gob.ar\/index.php\/wp-json\/wp\/v2\/tags?post=6158"}],"curies":[{"name":"wp","href":"https:\/\/api.w.org\/{rel}","templated":true}]}}