{"id":6159,"date":"2026-04-29T21:12:58","date_gmt":"2026-04-30T00:12:58","guid":{"rendered":"https:\/\/cdsalta.gob.ar\/?p=6159"},"modified":"2026-04-29T21:12:58","modified_gmt":"2026-04-30T00:12:58","slug":"ediles-aprobaron-la-nomina-de-los-quince-estudiantes-que-recibiran-la-beca-profesor-daniel-cordoba","status":"publish","type":"post","link":"https:\/\/cdsalta.gob.ar\/index.php\/2026\/04\/29\/ediles-aprobaron-la-nomina-de-los-quince-estudiantes-que-recibiran-la-beca-profesor-daniel-cordoba\/","title":{"rendered":"<span style='font-size:16px;font-weight:normal;'>Con el objeto de promover la formaci\u00f3n en \u00e1reas vinculadas a las ciencias exactas<\/span> <br> <span style='font-size:20px;font-weight:bold;'>Ediles aprobaron la n\u00f3mina de los quince estudiantes que recibir\u00e1n la Beca \u201cProfesor Daniel C\u00f3rdoba\u201d<\/span>"},"content":{"rendered":"<p><img loading=\"lazy\" decoding=\"async\" class=\"aligncenter size-full wp-image-6175\" src=\"https:\/\/cdsalta.gob.ar\/wp-content\/uploads\/2026\/04\/55239655895_03ede719b6_c.jpg\" alt=\"\" width=\"799\" height=\"533\" srcset=\"https:\/\/cdsalta.gob.ar\/wp-content\/uploads\/2026\/04\/55239655895_03ede719b6_c.jpg 799w, https:\/\/cdsalta.gob.ar\/wp-content\/uploads\/2026\/04\/55239655895_03ede719b6_c-300x200.jpg 300w, https:\/\/cdsalta.gob.ar\/wp-content\/uploads\/2026\/04\/55239655895_03ede719b6_c-768x512.jpg 768w\" sizes=\"auto, (max-width: 799px) 100vw, 799px\" \/><\/p>\n<p style=\"text-align: justify\"><strong>En la novena Sesi\u00f3n Ordinaria, los ediles aprobaron un Proyecto de Resoluci\u00f3n mediante el cual se establece la n\u00f3mina de quince estudiantes que acceder\u00e1n a la Beca Estudiantil \u201cProfesor Daniel C\u00f3rdoba\u201d correspondiente al a\u00f1o 2026, beneficio destinado a promover la formaci\u00f3n en \u00e1reas vinculadas a las ciencias exactas, ciencias naturales, tecnolog\u00eda, ingenier\u00eda, matem\u00e1tica y f\u00edsica. En este marco, el pr\u00f3ximo lunes a horas 12:00 se realizar\u00e1 la entrega de los diplomas de reconocimiento a los estudiantes beneficiarios.<\/strong><\/p>\n<p style=\"text-align: justify\"><strong>La iniciativa fue elaborada en cumplimiento de lo dispuesto por la Resoluci\u00f3n N\u00ba 767, normativa que instituy\u00f3 en el a\u00f1o 2022 la mencionada beca. En este marco, se prev\u00e9 el otorgamiento de quince becas anuales, cada una equivalente a mil quinientas Unidades Tributarias (1500 U.T.), abonadas en dos pagos de setecientas cincuenta (750 U.T.) en los meses de junio y octubre, trat\u00e1ndose de un beneficio de car\u00e1cter \u00fanico y no renovable.<\/strong><\/p>\n<p style=\"text-align: justify\">En virtud de lo establecido, los <strong>estudiantes designados<\/strong> para obtener el beneficio son <strong>Nicol\u00e1s Alejandro Martearena B\u00e1ez<\/strong> quien particip\u00f3 en el a\u00f1o 2023 en la instancia local sede Salta de la Olimpiada Argentina de F\u00edsica, donde obtuvo el puntaje m\u00e1s alto en el Nivel 1, el Premio Alberto Pascual Maiztegui y el Premio V\u00edctor Hugo Hamity a la mejor soluci\u00f3n de la prueba te\u00f3rica; asimismo, clasific\u00f3 a instancias del Certamen Regional de la Olimpiada Matem\u00e1tica Argentina y recibi\u00f3 reconocimientos en diversos eventos acad\u00e9micos. Por su parte, <strong>El\u00edas Salim Nicol\u00e1s Cordero<\/strong> obtuvo en 2023 el 3\u00ba premio en la instancia local de la Olimpiada Argentina de F\u00edsica y accedi\u00f3 a la ronda final del torneo de Geometr\u00eda e Imaginaci\u00f3n, donde recibi\u00f3 menci\u00f3n de honor. En tanto<strong>, Lucas Guillermo Llanos<\/strong> form\u00f3 parte en 2019 del Certamen Provincial y Regional de la Olimpiada Matem\u00e1tica Argentina, en el Nivel 3.<\/p>\n<p style=\"text-align: justify\"><strong>Ignacio Alexis Soria <\/strong>registr\u00f3 actuaciones en 2023 en instancias zonales y regionales de la Olimpiada Matem\u00e1tica Argentina, as\u00ed como en el Pretorneo de las Ciudades; adem\u00e1s, intervino en el torneo de Geometr\u00eda e Imaginaci\u00f3n y en el taller \u201cHashtag Geometr\u00eda\u201d organizado por la Facultad de Ciencias Exactas de la Universidad Nacional de Salta. A su vez, <strong>Walter Adri\u00e1n M\u00e1rquez<\/strong> obtuvo en 2019 menci\u00f3n de honor en la Olimpiada de Biolog\u00eda Intercolegial y fue alumno titular en el Certamen Intercolegial de la Olimpiada Argentina de Biolog\u00eda en la provincia de C\u00f3rdoba.<\/p>\n<p style=\"text-align: justify\"><strong>Antonella Bel\u00e9n D\u00edaz Barro<\/strong> intervino en 2025 en la instancia local sede Salta de la Olimpiada Argentina de F\u00edsica, donde obtuvo menci\u00f3n de honor, y curs\u00f3 el taller \u201cLa F\u00edsica al Alcance de Todos Profesor Daniel C\u00f3rdoba\u201d. Por su parte, <strong>Juan Diego Duarte Arias<\/strong> obtuvo en 2023 el segundo premio en la instancia local de la Olimpiada Argentina de F\u00edsica y complet\u00f3 el Nivel 3 del taller \u201cLa F\u00edsica al Alcance de Todos Profesor Daniel C\u00f3rdoba\u201d; posteriormente, en 2025, realiz\u00f3 un curso de programaci\u00f3n Python avanzado certificado por el Instituto de Innovaci\u00f3n y Tecnolog\u00eda Aplicada.<\/p>\n<p style=\"text-align: justify\"><strong>Rosario Agostina Muzzei Muratore<\/strong> intervino en 2017 en el concurso Canguro Matem\u00e1tico, mientras que <strong>Eugenia Guadalupe Cruz Rivero<\/strong> registr\u00f3 actuaci\u00f3n en 2025 en la instancia local de la Olimpiada Argentina de F\u00edsica, donde obtuvo menci\u00f3n de honor. En tanto, <strong>Micaela Bel\u00e9n Iturre Punti<\/strong> obtuvo en 2017 medalla de plata en el concurso Canguro Matem\u00e1tico y, entre los a\u00f1os 2017 y 2025, recibi\u00f3 menciones de honor en distintas instancias de las Olimp\u00edadas Matem\u00e1ticas \u00d1and\u00fa.<\/p>\n<p style=\"text-align: justify\"><strong>Alexis Mauricio Nolasco<\/strong> curs\u00f3 el taller \u201cLa F\u00edsica al Alcance de Todos Profesor Daniel C\u00f3rdoba\u201d y obtuvo el 3\u00ba premio en la instancia nacional de la Olimpiada Argentina de F\u00edsica realizada en la provincia de C\u00f3rdoba. Por su parte, <strong>Mart\u00edn Nahir Caucota<\/strong> form\u00f3 parte en 2024 del Certamen Regional de la Olimpiada Matem\u00e1tica Argentina.<\/p>\n<p style=\"text-align: justify\"><strong>Micaela Alejandra Macias<\/strong> obtuvo certificaciones por su desempe\u00f1o en olimp\u00edadas matem\u00e1ticas a nivel zonal y regional de la Cuenca del Bermejo y, en 2024, accedi\u00f3 a la ronda nacional del 28\u00ba Concurso de Literatura y Matem\u00e1ticas \u201cCuentos con Cuentas\u201d. Finalmente, <strong>Mat\u00edas Tom\u00e1s Santiago Tuyon<\/strong> intervino en 2017 en el Certamen Nacional de la Olimpiada Argentina de Biolog\u00eda, donde fue distinguido con Diploma de Honor, y<strong> Melina Romano Correa<\/strong> clasific\u00f3 en 2023 en la 40\u00ba Olimpiada Matem\u00e1tica Argentina, en el Nivel 2.<\/p>\n<p style=\"text-align: justify\">Cabe se\u00f1alar que la n\u00f3mina fue elaborada por la Comisi\u00f3n de Seguimiento Beca Estudiantil \u201cProfesor Daniel C\u00f3rdoba\u201d, quien tuvo a su cargo el an\u00e1lisis de las postulaciones. El espacio est\u00e1 integrado por los concejales Laura Jorge Saravia (LLA) y David Leiva (MM), en representaci\u00f3n de la Comisi\u00f3n de Acci\u00f3n Social, Becas, Asuntos Vecinales, Participaci\u00f3n Ciudadana y Defensa del Consumidor; y las concejalas Camila Lobo (PS) y Agustina \u00c1lvarez Eichele (J), en representaci\u00f3n de la Comisi\u00f3n de Hacienda, Presupuesto y Cuentas. A ellos se suman representantes de la Asociaci\u00f3n Civil Daniel C\u00f3rdoba y de la Delegaci\u00f3n Salta de la Olimpiada Matem\u00e1tica Argentina (OMA).<\/p>\n","protected":false},"excerpt":{"rendered":"<p>En la novena Sesi\u00f3n Ordinaria, los ediles aprobaron un Proyecto de Resoluci\u00f3n mediante el cual se establece la n\u00f3mina de [&hellip;]<\/p>\n","protected":false},"author":2,"featured_media":6175,"comment_status":"closed","ping_status":"closed","sticky":false,"template":"","format":"standard","meta":{"_uag_custom_page_level_css":"","site-sidebar-layout":"default","site-content-layout":"","ast-site-content-layout":"default","site-content-style":"default","site-sidebar-style":"default","ast-global-header-display":"","ast-banner-title-visibility":"","ast-main-header-display":"","ast-hfb-above-header-display":"","ast-hfb-below-header-display":"","ast-hfb-mobile-header-display":"","site-post-title":"","ast-breadcrumbs-content":"","ast-featured-img":"","footer-sml-layout":"","ast-disable-related-posts":"","theme-transparent-header-meta":"default","adv-header-id-meta":"","stick-header-meta":"","header-above-stick-meta":"","header-main-stick-meta":"","header-below-stick-meta":"","astra-migrate-meta-layouts":"set","ast-page-background-enabled":"default","ast-page-background-meta":{"desktop":{"background-color":"var(--ast-global-color-5)","background-image":"","background-repeat":"repeat","background-position":"center center","background-size":"auto","background-attachment":"scroll","background-type":"","background-media":"","overlay-type":"","overlay-color":"","overlay-opacity":"","overlay-gradient":""},"tablet":{"background-color":"","background-image":"","background-repeat":"repeat","background-position":"center center","background-size":"auto","background-attachment":"scroll","background-type":"","background-media":"","overlay-type":"","overlay-color":"","overlay-opacity":"","overlay-gradient":""},"mobile":{"background-color":"","background-image":"","background-repeat":"repeat","background-position":"center center","background-size":"auto","background-attachment":"scroll","background-type":"","background-media":"","overlay-type":"","overlay-color":"","overlay-opacity":"","overlay-gradient":""}},"ast-content-background-meta":{"desktop":{"background-color":"var(--ast-global-color-4)","background-image":"","background-repeat":"repeat","background-position":"center center","background-size":"auto","background-attachment":"scroll","background-type":"","background-media":"","overlay-type":"","overlay-color":"","overlay-opacity":"","overlay-gradient":""},"tablet":{"background-color":"var(--ast-global-color-4)","background-image":"","background-repeat":"repeat","background-position":"center center","background-size":"auto","background-attachment":"scroll","background-type":"","background-media":"","overlay-type":"","overlay-color":"","overlay-opacity":"","overlay-gradient":""},"mobile":{"background-color":"var(--ast-global-color-4)","background-image":"","background-repeat":"repeat","background-position":"center center","background-size":"auto","background-attachment":"scroll","background-type":"","background-media":"","overlay-type":"","overlay-color":"","overlay-opacity":"","overlay-gradient":""}},"footnotes":""},"categories":[1],"tags":[],"class_list":["post-6159","post","type-post","status-publish","format-standard","has-post-thumbnail","hentry","category-sin-categoria"],"uagb_featured_image_src":{"full":["https:\/\/cdsalta.gob.ar\/wp-content\/uploads\/2026\/04\/55239655895_03ede719b6_c.jpg",799,533,false],"thumbnail":["https:\/\/cdsalta.gob.ar\/wp-content\/uploads\/2026\/04\/55239655895_03ede719b6_c-150x150.jpg",150,150,true],"medium":["https:\/\/cdsalta.gob.ar\/wp-content\/uploads\/2026\/04\/55239655895_03ede719b6_c-300x200.jpg",300,200,true],"medium_large":["https:\/\/cdsalta.gob.ar\/wp-content\/uploads\/2026\/04\/55239655895_03ede719b6_c-768x512.jpg",768,512,true],"large":["https:\/\/cdsalta.gob.ar\/wp-content\/uploads\/2026\/04\/55239655895_03ede719b6_c.jpg",799,533,false],"1536x1536":["https:\/\/cdsalta.gob.ar\/wp-content\/uploads\/2026\/04\/55239655895_03ede719b6_c.jpg",799,533,false],"2048x2048":["https:\/\/cdsalta.gob.ar\/wp-content\/uploads\/2026\/04\/55239655895_03ede719b6_c.jpg",799,533,false],"mailpoet_newsletter_max":["https:\/\/cdsalta.gob.ar\/wp-content\/uploads\/2026\/04\/55239655895_03ede719b6_c.jpg",799,533,false]},"uagb_author_info":{"display_name":"Prensa","author_link":"https:\/\/cdsalta.gob.ar\/index.php\/author\/prensa\/"},"uagb_comment_info":0,"uagb_excerpt":"En la novena Sesi\u00f3n Ordinaria, los ediles aprobaron un Proyecto de Resoluci\u00f3n mediante el cual se establece la n\u00f3mina de [&hellip;]","_links":{"self":[{"href":"https:\/\/cdsalta.gob.ar\/index.php\/wp-json\/wp\/v2\/posts\/6159","targetHints":{"allow":["GET"]}}],"collection":[{"href":"https:\/\/cdsalta.gob.ar\/index.php\/wp-json\/wp\/v2\/posts"}],"about":[{"href":"https:\/\/cdsalta.gob.ar\/index.php\/wp-json\/wp\/v2\/types\/post"}],"author":[{"embeddable":true,"href":"https:\/\/cdsalta.gob.ar\/index.php\/wp-json\/wp\/v2\/users\/2"}],"replies":[{"embeddable":true,"href":"https:\/\/cdsalta.gob.ar\/index.php\/wp-json\/wp\/v2\/comments?post=6159"}],"version-history":[{"count":1,"href":"https:\/\/cdsalta.gob.ar\/index.php\/wp-json\/wp\/v2\/posts\/6159\/revisions"}],"predecessor-version":[{"id":6183,"href":"https:\/\/cdsalta.gob.ar\/index.php\/wp-json\/wp\/v2\/posts\/6159\/revisions\/6183"}],"wp:featuredmedia":[{"embeddable":true,"href":"https:\/\/cdsalta.gob.ar\/index.php\/wp-json\/wp\/v2\/media\/6175"}],"wp:attachment":[{"href":"https:\/\/cdsalta.gob.ar\/index.php\/wp-json\/wp\/v2\/media?parent=6159"}],"wp:term":[{"taxonomy":"category","embeddable":true,"href":"https:\/\/cdsalta.gob.ar\/index.php\/wp-json\/wp\/v2\/categories?post=6159"},{"taxonomy":"post_tag","embeddable":true,"href":"https:\/\/cdsalta.gob.ar\/index.php\/wp-json\/wp\/v2\/tags?post=6159"}],"curies":[{"name":"wp","href":"https:\/\/api.w.org\/{rel}","templated":true}]}}