{"id":6160,"date":"2026-04-29T21:13:39","date_gmt":"2026-04-30T00:13:39","guid":{"rendered":"https:\/\/cdsalta.gob.ar\/?p=6160"},"modified":"2026-04-29T21:13:39","modified_gmt":"2026-04-30T00:13:39","slug":"manana-se-reune-la-comision-de-disciplina-del-concejo-deliberante","status":"publish","type":"post","link":"https:\/\/cdsalta.gob.ar\/index.php\/2026\/04\/29\/manana-se-reune-la-comision-de-disciplina-del-concejo-deliberante\/","title":{"rendered":"<span style='font-size:16px;font-weight:normal;'>Fue citado al encuentro el concejal Carlos Casasola<\/span> <br> <span style='font-size:20px;font-weight:bold;'>Ma\u00f1ana se re\u00fane la Comisi\u00f3n de  Disciplina del Concejo Deliberante<\/span>"},"content":{"rendered":"<p><strong><img loading=\"lazy\" decoding=\"async\" class=\"aligncenter size-full wp-image-6085\" src=\"https:\/\/cdsalta.gob.ar\/wp-content\/uploads\/2026\/04\/55227919958_4b108a0a89_c.jpg\" alt=\"\" width=\"799\" height=\"522\" srcset=\"https:\/\/cdsalta.gob.ar\/wp-content\/uploads\/2026\/04\/55227919958_4b108a0a89_c.jpg 799w, https:\/\/cdsalta.gob.ar\/wp-content\/uploads\/2026\/04\/55227919958_4b108a0a89_c-300x196.jpg 300w, https:\/\/cdsalta.gob.ar\/wp-content\/uploads\/2026\/04\/55227919958_4b108a0a89_c-768x502.jpg 768w\" sizes=\"auto, (max-width: 799px) 100vw, 799px\" \/>En el marco de lo resuelto en la \u00faltima reuni\u00f3n de la Comisi\u00f3n de Disciplina, Juicio Pol\u00edtico y Responsabilidad Patrimonial, se dispuso citar al concejal Carlos Casasola al encuentro previsto para ma\u00f1ana, jueves 30 de abril, a horas 10:00. La convocatoria se realiza a fin de dar continuidad al tratamiento de cuestiones vinculadas a su conducta, en relaci\u00f3n con hechos de p\u00fablico conocimiento.<\/strong><\/p>\n<p>Cabe recordar que el espacio es encabezado por el titular del Concejo Deliberante, concejal Dar\u00edo Madile (PS), quien est\u00e1 acompa\u00f1ado por los presidentes de bloque Eliana Chuchuy (PS), Jos\u00e9 Garc\u00eda (YP), Malvina Gareca (PC), In\u00e9s Bennassar (GSC), Laura Garc\u00eda (VS), Laura Jorge Saravia (LLA), David Leiva (MM), Pablo L\u00f3pez (LP), Gonzalo Nieva (J) y \u00c1ngel Ortiz (UCR).<\/p>\n","protected":false},"excerpt":{"rendered":"<p>En el marco de lo resuelto en la \u00faltima reuni\u00f3n de la Comisi\u00f3n de Disciplina, Juicio Pol\u00edtico y Responsabilidad Patrimonial, [&hellip;]<\/p>\n","protected":false},"author":2,"featured_media":6085,"comment_status":"closed","ping_status":"closed","sticky":false,"template":"","format":"standard","meta":{"_uag_custom_page_level_css":"","site-sidebar-layout":"default","site-content-layout":"","ast-site-content-layout":"default","site-content-style":"default","site-sidebar-style":"default","ast-global-header-display":"","ast-banner-title-visibility":"","ast-main-header-display":"","ast-hfb-above-header-display":"","ast-hfb-below-header-display":"","ast-hfb-mobile-header-display":"","site-post-title":"","ast-breadcrumbs-content":"","ast-featured-img":"","footer-sml-layout":"","ast-disable-related-posts":"","theme-transparent-header-meta":"default","adv-header-id-meta":"","stick-header-meta":"","header-above-stick-meta":"","header-main-stick-meta":"","header-below-stick-meta":"","astra-migrate-meta-layouts":"set","ast-page-background-enabled":"default","ast-page-background-meta":{"desktop":{"background-color":"var(--ast-global-color-5)","background-image":"","background-repeat":"repeat","background-position":"center center","background-size":"auto","background-attachment":"scroll","background-type":"","background-media":"","overlay-type":"","overlay-color":"","overlay-opacity":"","overlay-gradient":""},"tablet":{"background-color":"","background-image":"","background-repeat":"repeat","background-position":"center center","background-size":"auto","background-attachment":"scroll","background-type":"","background-media":"","overlay-type":"","overlay-color":"","overlay-opacity":"","overlay-gradient":""},"mobile":{"background-color":"","background-image":"","background-repeat":"repeat","background-position":"center center","background-size":"auto","background-attachment":"scroll","background-type":"","background-media":"","overlay-type":"","overlay-color":"","overlay-opacity":"","overlay-gradient":""}},"ast-content-background-meta":{"desktop":{"background-color":"var(--ast-global-color-4)","background-image":"","background-repeat":"repeat","background-position":"center center","background-size":"auto","background-attachment":"scroll","background-type":"","background-media":"","overlay-type":"","overlay-color":"","overlay-opacity":"","overlay-gradient":""},"tablet":{"background-color":"var(--ast-global-color-4)","background-image":"","background-repeat":"repeat","background-position":"center center","background-size":"auto","background-attachment":"scroll","background-type":"","background-media":"","overlay-type":"","overlay-color":"","overlay-opacity":"","overlay-gradient":""},"mobile":{"background-color":"var(--ast-global-color-4)","background-image":"","background-repeat":"repeat","background-position":"center center","background-size":"auto","background-attachment":"scroll","background-type":"","background-media":"","overlay-type":"","overlay-color":"","overlay-opacity":"","overlay-gradient":""}},"footnotes":""},"categories":[1],"tags":[],"class_list":["post-6160","post","type-post","status-publish","format-standard","has-post-thumbnail","hentry","category-sin-categoria"],"uagb_featured_image_src":{"full":["https:\/\/cdsalta.gob.ar\/wp-content\/uploads\/2026\/04\/55227919958_4b108a0a89_c.jpg",799,522,false],"thumbnail":["https:\/\/cdsalta.gob.ar\/wp-content\/uploads\/2026\/04\/55227919958_4b108a0a89_c-150x150.jpg",150,150,true],"medium":["https:\/\/cdsalta.gob.ar\/wp-content\/uploads\/2026\/04\/55227919958_4b108a0a89_c-300x196.jpg",300,196,true],"medium_large":["https:\/\/cdsalta.gob.ar\/wp-content\/uploads\/2026\/04\/55227919958_4b108a0a89_c-768x502.jpg",768,502,true],"large":["https:\/\/cdsalta.gob.ar\/wp-content\/uploads\/2026\/04\/55227919958_4b108a0a89_c.jpg",799,522,false],"1536x1536":["https:\/\/cdsalta.gob.ar\/wp-content\/uploads\/2026\/04\/55227919958_4b108a0a89_c.jpg",799,522,false],"2048x2048":["https:\/\/cdsalta.gob.ar\/wp-content\/uploads\/2026\/04\/55227919958_4b108a0a89_c.jpg",799,522,false],"mailpoet_newsletter_max":["https:\/\/cdsalta.gob.ar\/wp-content\/uploads\/2026\/04\/55227919958_4b108a0a89_c.jpg",799,522,false]},"uagb_author_info":{"display_name":"Prensa","author_link":"https:\/\/cdsalta.gob.ar\/index.php\/author\/prensa\/"},"uagb_comment_info":0,"uagb_excerpt":"En el marco de lo resuelto en la \u00faltima reuni\u00f3n de la Comisi\u00f3n de Disciplina, Juicio Pol\u00edtico y Responsabilidad Patrimonial, [&hellip;]","_links":{"self":[{"href":"https:\/\/cdsalta.gob.ar\/index.php\/wp-json\/wp\/v2\/posts\/6160","targetHints":{"allow":["GET"]}}],"collection":[{"href":"https:\/\/cdsalta.gob.ar\/index.php\/wp-json\/wp\/v2\/posts"}],"about":[{"href":"https:\/\/cdsalta.gob.ar\/index.php\/wp-json\/wp\/v2\/types\/post"}],"author":[{"embeddable":true,"href":"https:\/\/cdsalta.gob.ar\/index.php\/wp-json\/wp\/v2\/users\/2"}],"replies":[{"embeddable":true,"href":"https:\/\/cdsalta.gob.ar\/index.php\/wp-json\/wp\/v2\/comments?post=6160"}],"version-history":[{"count":1,"href":"https:\/\/cdsalta.gob.ar\/index.php\/wp-json\/wp\/v2\/posts\/6160\/revisions"}],"predecessor-version":[{"id":6184,"href":"https:\/\/cdsalta.gob.ar\/index.php\/wp-json\/wp\/v2\/posts\/6160\/revisions\/6184"}],"wp:featuredmedia":[{"embeddable":true,"href":"https:\/\/cdsalta.gob.ar\/index.php\/wp-json\/wp\/v2\/media\/6085"}],"wp:attachment":[{"href":"https:\/\/cdsalta.gob.ar\/index.php\/wp-json\/wp\/v2\/media?parent=6160"}],"wp:term":[{"taxonomy":"category","embeddable":true,"href":"https:\/\/cdsalta.gob.ar\/index.php\/wp-json\/wp\/v2\/categories?post=6160"},{"taxonomy":"post_tag","embeddable":true,"href":"https:\/\/cdsalta.gob.ar\/index.php\/wp-json\/wp\/v2\/tags?post=6160"}],"curies":[{"name":"wp","href":"https:\/\/api.w.org\/{rel}","templated":true}]}}