{"id":6161,"date":"2026-04-29T21:14:06","date_gmt":"2026-04-30T00:14:06","guid":{"rendered":"https:\/\/cdsalta.gob.ar\/?p=6161"},"modified":"2026-04-29T21:14:06","modified_gmt":"2026-04-30T00:14:06","slug":"actualizan-la-normativa-que-regula-la-infraestructura-de-postes-y-cableado-en-la-via-publica","status":"publish","type":"post","link":"https:\/\/cdsalta.gob.ar\/index.php\/2026\/04\/29\/actualizan-la-normativa-que-regula-la-infraestructura-de-postes-y-cableado-en-la-via-publica\/","title":{"rendered":"<span style='font-size:16px;font-weight:normal;'>Estableciendo obligaciones a las empresas<\/span> <br> <span style='font-size:20px;font-weight:bold;'>Actualizan la normativa que regula la  infraestructura de postes y cableado en la v\u00eda p\u00fablica<\/span>"},"content":{"rendered":"<p style=\"text-align: justify\"><strong><img loading=\"lazy\" decoding=\"async\" class=\"aligncenter size-full wp-image-6177\" src=\"https:\/\/cdsalta.gob.ar\/wp-content\/uploads\/2026\/04\/55239655870_1a72b25f83_c.jpg\" alt=\"\" width=\"799\" height=\"533\" srcset=\"https:\/\/cdsalta.gob.ar\/wp-content\/uploads\/2026\/04\/55239655870_1a72b25f83_c.jpg 799w, https:\/\/cdsalta.gob.ar\/wp-content\/uploads\/2026\/04\/55239655870_1a72b25f83_c-300x200.jpg 300w, https:\/\/cdsalta.gob.ar\/wp-content\/uploads\/2026\/04\/55239655870_1a72b25f83_c-768x512.jpg 768w\" sizes=\"auto, (max-width: 799px) 100vw, 799px\" \/>En el marco de la Sesi\u00f3n Ordinaria desarrollada en la fecha, el Concejo Deliberante sancion\u00f3 una Ordenanza impulsada por el concejal Gustavo Farquharson (PS), mediante la cual se introducen modificaciones a la norma N\u00b0 15.192, con el objeto de ordenar la infraestructura de postes y cableado instalado en la v\u00eda p\u00fablica. La iniciativa establece la obligaci\u00f3n de las empresas de informar sobre el estado y ubicaci\u00f3n de sus estructuras, retirar las que est\u00e9n en desuso y prev\u00e9 sanciones, facultando adem\u00e1s al Municipio a intervenir de oficio a costas de las firmas responsables.<\/strong><\/p>\n<p style=\"text-align: justify\"><strong>Durante el tratamiento de la iniciativa, el concejal Gustavo Farquharson (PS) se\u00f1al\u00f3 que la propuesta busca dotar al Ejecutivo Municipal de herramientas para ordenar el uso del espacio p\u00fablico. Asimismo, advirti\u00f3 sobre la proliferaci\u00f3n de infraestructura en desuso y sin identificaci\u00f3n, remarcando que \u201chay postes que no se pueden identificar a qu\u00e9 empresa corresponden y cables que abundan en muchos barrios, poniendo en riesgo la seguridad de los vecinos\u201d. Finalmente, subray\u00f3 que la iniciativa tambi\u00e9n apunta a fortalecer el rol del Estado municipal, al considerar que \u201cesto permite recuperar funciones que en alg\u00fan momento se han visto debilitadas\u201d, y concluy\u00f3 que el objetivo es \u201cavanzar hacia una ciudad m\u00e1s limpia, m\u00e1s segura y m\u00e1s ordenada\u201d.<\/strong><\/p>\n<p style=\"text-align: justify\">La norma modifica el art\u00edculo 3\u00ba, estableciendo que las <strong>empresas prestatarias de servicios<\/strong>, sean de car\u00e1cter p\u00fablico o privado, que <strong>utilicen postes y espacio a\u00e9reo en la v\u00eda p\u00fablica de la ciudad de Salta, son responsables de su correcto estado de conservaci\u00f3n, seguridad estructural y mantenimiento permanente de sus instalaciones.<\/strong> En virtud de dicha responsabilidad, quedan obligadas a presentar anualmente, ante la Autoridad de Aplicaci\u00f3n, con car\u00e1cter de <strong>declaraci\u00f3n jurada, un relevamiento t\u00e9cnico de la totalidad de postes y cables, individualizando en planos georreferenciados su emplazamiento y estado de conservaci\u00f3n, junto a un plan detallado que incluya un cronograma de reparaci\u00f3n o reemplazo de aquella infraestructura que presente da\u00f1o o riesgo estructural.<\/strong> Asimismo, deber\u00e1n identificar, retirar y despejar los postes y el cableado que se encuentren en desuso, inactivos, abandonados o que representen un riesgo inminente para la seguridad p\u00fablica.<\/p>\n<p style=\"text-align: justify\">Por otro lado, el nuevo texto del art\u00edculo 4, fija un nuevo r\u00e9gimen de sanciones ante el incumplimiento de las obligaciones establecidas en la Ordenanza, sin perjuicio de la <strong>potestad del Departamento Ejecutivo Municipal de obrar de oficio y ejecutar la acci\u00f3n directa de corte y remoci\u00f3n a costa de la empresa infractora. <\/strong><\/p>\n<p style=\"text-align: justify\">En tanto, se dispone que los da\u00f1os y perjuicios, sean materiales o lucro cesante, sufridos por las empresas prestatarias y\/o sus respectivos usuarios, derivados del ejercicio leg\u00edtimo de la acci\u00f3n directa de corte, despeje y remoci\u00f3n de infraestructura por parte del Departamento Ejecutivo Municipal en ejercicio de su poder de polic\u00eda, no generar\u00e1n derecho a indemnizaci\u00f3n alguna por parte del municipio.<\/p>\n<p style=\"text-align: justify\">Asimismo, se establece que el <strong>plazo para el cumplimiento de las disposiciones contenidas en la Ordenanza comenzar\u00e1 a regir a partir del 01 de octubre de 2026,<\/strong> debiendo los titulares de los postes y cables presentar la documentaci\u00f3n que acredite el cumplimiento de lo establecido.<\/p>\n<p style=\"text-align: justify\">Por su parte, el art\u00edculo 7\u00ba faculta al Departamento Ejecutivo Municipal a <strong>retirar de la v\u00eda p\u00fablica aquellos postes y cables que no fueron reconocidos por los sujetos responsables,<\/strong> sean personas humanas o jur\u00eddicas, debiendo la Autoridad de Aplicaci\u00f3n adoptar los recaudos t\u00e9cnicos y legales necesarios.<\/p>\n<p style=\"text-align: justify\">Los concejales Eliana Chuchuy, Camila Lobo (ambas de PS), Agustina \u00c1lvarez Eichele (J), Malvina Gareca (PC), Pablo L\u00f3pez (LP), Jos\u00e9 Garc\u00eda (YP) y Laura Garc\u00eda (VS) manifestaron su acompa\u00f1amiento a la iniciativa durante su tratamiento. En tanto, las edilas Laura Jorge Saravia y Erica Castro (ambas de LLA) adelantaron su voto negativo.<\/p>\n","protected":false},"excerpt":{"rendered":"<p>En el marco de la Sesi\u00f3n Ordinaria desarrollada en la fecha, el Concejo Deliberante sancion\u00f3 una Ordenanza impulsada por el [&hellip;]<\/p>\n","protected":false},"author":2,"featured_media":6177,"comment_status":"closed","ping_status":"closed","sticky":false,"template":"","format":"standard","meta":{"_uag_custom_page_level_css":"","site-sidebar-layout":"default","site-content-layout":"","ast-site-content-layout":"default","site-content-style":"default","site-sidebar-style":"default","ast-global-header-display":"","ast-banner-title-visibility":"","ast-main-header-display":"","ast-hfb-above-header-display":"","ast-hfb-below-header-display":"","ast-hfb-mobile-header-display":"","site-post-title":"","ast-breadcrumbs-content":"","ast-featured-img":"","footer-sml-layout":"","ast-disable-related-posts":"","theme-transparent-header-meta":"default","adv-header-id-meta":"","stick-header-meta":"","header-above-stick-meta":"","header-main-stick-meta":"","header-below-stick-meta":"","astra-migrate-meta-layouts":"set","ast-page-background-enabled":"default","ast-page-background-meta":{"desktop":{"background-color":"var(--ast-global-color-5)","background-image":"","background-repeat":"repeat","background-position":"center center","background-size":"auto","background-attachment":"scroll","background-type":"","background-media":"","overlay-type":"","overlay-color":"","overlay-opacity":"","overlay-gradient":""},"tablet":{"background-color":"","background-image":"","background-repeat":"repeat","background-position":"center center","background-size":"auto","background-attachment":"scroll","background-type":"","background-media":"","overlay-type":"","overlay-color":"","overlay-opacity":"","overlay-gradient":""},"mobile":{"background-color":"","background-image":"","background-repeat":"repeat","background-position":"center center","background-size":"auto","background-attachment":"scroll","background-type":"","background-media":"","overlay-type":"","overlay-color":"","overlay-opacity":"","overlay-gradient":""}},"ast-content-background-meta":{"desktop":{"background-color":"var(--ast-global-color-4)","background-image":"","background-repeat":"repeat","background-position":"center center","background-size":"auto","background-attachment":"scroll","background-type":"","background-media":"","overlay-type":"","overlay-color":"","overlay-opacity":"","overlay-gradient":""},"tablet":{"background-color":"var(--ast-global-color-4)","background-image":"","background-repeat":"repeat","background-position":"center center","background-size":"auto","background-attachment":"scroll","background-type":"","background-media":"","overlay-type":"","overlay-color":"","overlay-opacity":"","overlay-gradient":""},"mobile":{"background-color":"var(--ast-global-color-4)","background-image":"","background-repeat":"repeat","background-position":"center center","background-size":"auto","background-attachment":"scroll","background-type":"","background-media":"","overlay-type":"","overlay-color":"","overlay-opacity":"","overlay-gradient":""}},"footnotes":""},"categories":[1],"tags":[],"class_list":["post-6161","post","type-post","status-publish","format-standard","has-post-thumbnail","hentry","category-sin-categoria"],"uagb_featured_image_src":{"full":["https:\/\/cdsalta.gob.ar\/wp-content\/uploads\/2026\/04\/55239655870_1a72b25f83_c.jpg",799,533,false],"thumbnail":["https:\/\/cdsalta.gob.ar\/wp-content\/uploads\/2026\/04\/55239655870_1a72b25f83_c-150x150.jpg",150,150,true],"medium":["https:\/\/cdsalta.gob.ar\/wp-content\/uploads\/2026\/04\/55239655870_1a72b25f83_c-300x200.jpg",300,200,true],"medium_large":["https:\/\/cdsalta.gob.ar\/wp-content\/uploads\/2026\/04\/55239655870_1a72b25f83_c-768x512.jpg",768,512,true],"large":["https:\/\/cdsalta.gob.ar\/wp-content\/uploads\/2026\/04\/55239655870_1a72b25f83_c.jpg",799,533,false],"1536x1536":["https:\/\/cdsalta.gob.ar\/wp-content\/uploads\/2026\/04\/55239655870_1a72b25f83_c.jpg",799,533,false],"2048x2048":["https:\/\/cdsalta.gob.ar\/wp-content\/uploads\/2026\/04\/55239655870_1a72b25f83_c.jpg",799,533,false],"mailpoet_newsletter_max":["https:\/\/cdsalta.gob.ar\/wp-content\/uploads\/2026\/04\/55239655870_1a72b25f83_c.jpg",799,533,false]},"uagb_author_info":{"display_name":"Prensa","author_link":"https:\/\/cdsalta.gob.ar\/index.php\/author\/prensa\/"},"uagb_comment_info":0,"uagb_excerpt":"En el marco de la Sesi\u00f3n Ordinaria desarrollada en la fecha, el Concejo Deliberante sancion\u00f3 una Ordenanza impulsada por el [&hellip;]","_links":{"self":[{"href":"https:\/\/cdsalta.gob.ar\/index.php\/wp-json\/wp\/v2\/posts\/6161","targetHints":{"allow":["GET"]}}],"collection":[{"href":"https:\/\/cdsalta.gob.ar\/index.php\/wp-json\/wp\/v2\/posts"}],"about":[{"href":"https:\/\/cdsalta.gob.ar\/index.php\/wp-json\/wp\/v2\/types\/post"}],"author":[{"embeddable":true,"href":"https:\/\/cdsalta.gob.ar\/index.php\/wp-json\/wp\/v2\/users\/2"}],"replies":[{"embeddable":true,"href":"https:\/\/cdsalta.gob.ar\/index.php\/wp-json\/wp\/v2\/comments?post=6161"}],"version-history":[{"count":1,"href":"https:\/\/cdsalta.gob.ar\/index.php\/wp-json\/wp\/v2\/posts\/6161\/revisions"}],"predecessor-version":[{"id":6185,"href":"https:\/\/cdsalta.gob.ar\/index.php\/wp-json\/wp\/v2\/posts\/6161\/revisions\/6185"}],"wp:featuredmedia":[{"embeddable":true,"href":"https:\/\/cdsalta.gob.ar\/index.php\/wp-json\/wp\/v2\/media\/6177"}],"wp:attachment":[{"href":"https:\/\/cdsalta.gob.ar\/index.php\/wp-json\/wp\/v2\/media?parent=6161"}],"wp:term":[{"taxonomy":"category","embeddable":true,"href":"https:\/\/cdsalta.gob.ar\/index.php\/wp-json\/wp\/v2\/categories?post=6161"},{"taxonomy":"post_tag","embeddable":true,"href":"https:\/\/cdsalta.gob.ar\/index.php\/wp-json\/wp\/v2\/tags?post=6161"}],"curies":[{"name":"wp","href":"https:\/\/api.w.org\/{rel}","templated":true}]}}