{"id":6193,"date":"2026-04-30T13:43:04","date_gmt":"2026-04-30T16:43:04","guid":{"rendered":"https:\/\/cdsalta.gob.ar\/?p=6193"},"modified":"2026-04-30T13:43:04","modified_gmt":"2026-04-30T16:43:04","slug":"reconocieron-la-trayectoria-de-las-kinesiologas-marta-dolores-lipnik-y-maria-jose-rusinek","status":"publish","type":"post","link":"https:\/\/cdsalta.gob.ar\/index.php\/2026\/04\/30\/reconocieron-la-trayectoria-de-las-kinesiologas-marta-dolores-lipnik-y-maria-jose-rusinek\/","title":{"rendered":"<span style='font-size:16px;font-weight:normal;'>Por su experiencia, compromiso y profesionalismo<\/span> <br> <span style='font-size:20px;font-weight:bold;'>Reconocieron la trayectoria de las kinesi\u00f3logas Marta Dolores Lipnik y Mar\u00eda Jos\u00e9 Rusinek<\/span>"},"content":{"rendered":"<p style=\"text-align: justify\"><strong><img loading=\"lazy\" decoding=\"async\" class=\"aligncenter size-full wp-image-6202\" src=\"https:\/\/cdsalta.gob.ar\/wp-content\/uploads\/2026\/04\/55240520748_4659bea0b9_c.jpg\" alt=\"\" width=\"799\" height=\"533\" srcset=\"https:\/\/cdsalta.gob.ar\/wp-content\/uploads\/2026\/04\/55240520748_4659bea0b9_c.jpg 799w, https:\/\/cdsalta.gob.ar\/wp-content\/uploads\/2026\/04\/55240520748_4659bea0b9_c-300x200.jpg 300w, https:\/\/cdsalta.gob.ar\/wp-content\/uploads\/2026\/04\/55240520748_4659bea0b9_c-768x512.jpg 768w\" sizes=\"auto, (max-width: 799px) 100vw, 799px\" \/>Esta ma\u00f1ana, en instalaciones del CD, se llev\u00f3 a cabo el acto de entrega de distinciones a la trayectoria de las licenciadas Marta Dolores Lipnik y Mar\u00eda Jos\u00e9 Rusinek. Esto por su experiencia, compromiso y profesionalismo en el ejercicio responsable de su profesi\u00f3n. Durante la ceremonia el titular del CD, Dar\u00edo Madile, hizo entrega de copia de la Resoluci\u00f3n de Presidencia N\u00b0 37 y Placa Recordatoria a las kinesi\u00f3logas. Tambi\u00e9n particip\u00f3 de la actividad la presidenta del Colegio de Fisioterapeutas, Kinesi\u00f3logos y Terapistas F\u00edsicos de Salta (COKISa), Griselda Carrizo.<\/strong><\/p>\n<p style=\"text-align: justify\"><strong>Al tomar la palabra, Madile sostuvo: \u201cComo instituci\u00f3n no quer\u00edamos dejar pasar la oportunidad de destacar la trayectoria de Marta y Mar\u00eda, y en nombre de ellas, a todos los que trabajan en el \u00e1mbito de la fisioterapia\u201d. En este sentido puso en valor la labor del sector, resaltando \u201cla tarea en la recuperaci\u00f3n y rehabilitaci\u00f3n de las personas, lo cual requiere un acompa\u00f1amiento humano distinto que hace la diferencia\u201d. <\/strong><\/p>\n<p style=\"text-align: justify\">Por su parte, <strong>Marta Lipnik<\/strong> agradeci\u00f3 el reconocimiento, sosteniendo: <strong>\u201cEsto no es f\u00e1cil, a veces es un camino lleno de espinas, pero la recompensa es mucha. En estos 42 a\u00f1os de trayectoria comparto esto con cada familia que ha hecho de m\u00ed una mejor persona, ya que esto no es m\u00edo es solo el producto de su compa\u00f1\u00eda\u201d<\/strong>. A su turno, <strong>Mar\u00eda Jos\u00e9 Rusinek<\/strong> resalt\u00f3: <strong>\u201cTambi\u00e9n quiero agradecer, sobre todo, al grupo de colegas que ayud\u00f3 a que hoy los kinesi\u00f3logos estemos presentes en las escuelas de educaci\u00f3n especial, porque es una tarea muy importante\u201d<\/strong>.<\/p>\n<p style=\"text-align: justify\">En los <strong>Considerandos<\/strong> de la Resoluci\u00f3n de Presidencia se se\u00f1ala que las profesionistas se destacan por su labor en el \u00e1rea de rehabilitaci\u00f3n neurol\u00f3gica pedi\u00e1trica en el caso de Lipnik. Mientras que Rusinek es reconocida por su participaci\u00f3n en el proyecto de creaci\u00f3n del cargo de Asistente Escolar de Kinesiolog\u00eda dentro de las instituciones de educaci\u00f3n especial de la Provincia.<\/p>\n","protected":false},"excerpt":{"rendered":"<p>Esta ma\u00f1ana, en instalaciones del CD, se llev\u00f3 a cabo el acto de entrega de distinciones a la trayectoria de [&hellip;]<\/p>\n","protected":false},"author":2,"featured_media":6202,"comment_status":"closed","ping_status":"closed","sticky":false,"template":"","format":"standard","meta":{"_uag_custom_page_level_css":"","site-sidebar-layout":"default","site-content-layout":"","ast-site-content-layout":"default","site-content-style":"default","site-sidebar-style":"default","ast-global-header-display":"","ast-banner-title-visibility":"","ast-main-header-display":"","ast-hfb-above-header-display":"","ast-hfb-below-header-display":"","ast-hfb-mobile-header-display":"","site-post-title":"","ast-breadcrumbs-content":"","ast-featured-img":"","footer-sml-layout":"","ast-disable-related-posts":"","theme-transparent-header-meta":"default","adv-header-id-meta":"","stick-header-meta":"","header-above-stick-meta":"","header-main-stick-meta":"","header-below-stick-meta":"","astra-migrate-meta-layouts":"set","ast-page-background-enabled":"default","ast-page-background-meta":{"desktop":{"background-color":"var(--ast-global-color-5)","background-image":"","background-repeat":"repeat","background-position":"center center","background-size":"auto","background-attachment":"scroll","background-type":"","background-media":"","overlay-type":"","overlay-color":"","overlay-opacity":"","overlay-gradient":""},"tablet":{"background-color":"","background-image":"","background-repeat":"repeat","background-position":"center center","background-size":"auto","background-attachment":"scroll","background-type":"","background-media":"","overlay-type":"","overlay-color":"","overlay-opacity":"","overlay-gradient":""},"mobile":{"background-color":"","background-image":"","background-repeat":"repeat","background-position":"center center","background-size":"auto","background-attachment":"scroll","background-type":"","background-media":"","overlay-type":"","overlay-color":"","overlay-opacity":"","overlay-gradient":""}},"ast-content-background-meta":{"desktop":{"background-color":"var(--ast-global-color-4)","background-image":"","background-repeat":"repeat","background-position":"center center","background-size":"auto","background-attachment":"scroll","background-type":"","background-media":"","overlay-type":"","overlay-color":"","overlay-opacity":"","overlay-gradient":""},"tablet":{"background-color":"var(--ast-global-color-4)","background-image":"","background-repeat":"repeat","background-position":"center center","background-size":"auto","background-attachment":"scroll","background-type":"","background-media":"","overlay-type":"","overlay-color":"","overlay-opacity":"","overlay-gradient":""},"mobile":{"background-color":"var(--ast-global-color-4)","background-image":"","background-repeat":"repeat","background-position":"center center","background-size":"auto","background-attachment":"scroll","background-type":"","background-media":"","overlay-type":"","overlay-color":"","overlay-opacity":"","overlay-gradient":""}},"footnotes":""},"categories":[1],"tags":[],"class_list":["post-6193","post","type-post","status-publish","format-standard","has-post-thumbnail","hentry","category-sin-categoria"],"uagb_featured_image_src":{"full":["https:\/\/cdsalta.gob.ar\/wp-content\/uploads\/2026\/04\/55240520748_4659bea0b9_c.jpg",799,533,false],"thumbnail":["https:\/\/cdsalta.gob.ar\/wp-content\/uploads\/2026\/04\/55240520748_4659bea0b9_c-150x150.jpg",150,150,true],"medium":["https:\/\/cdsalta.gob.ar\/wp-content\/uploads\/2026\/04\/55240520748_4659bea0b9_c-300x200.jpg",300,200,true],"medium_large":["https:\/\/cdsalta.gob.ar\/wp-content\/uploads\/2026\/04\/55240520748_4659bea0b9_c-768x512.jpg",768,512,true],"large":["https:\/\/cdsalta.gob.ar\/wp-content\/uploads\/2026\/04\/55240520748_4659bea0b9_c.jpg",799,533,false],"1536x1536":["https:\/\/cdsalta.gob.ar\/wp-content\/uploads\/2026\/04\/55240520748_4659bea0b9_c.jpg",799,533,false],"2048x2048":["https:\/\/cdsalta.gob.ar\/wp-content\/uploads\/2026\/04\/55240520748_4659bea0b9_c.jpg",799,533,false],"mailpoet_newsletter_max":["https:\/\/cdsalta.gob.ar\/wp-content\/uploads\/2026\/04\/55240520748_4659bea0b9_c.jpg",799,533,false]},"uagb_author_info":{"display_name":"Prensa","author_link":"https:\/\/cdsalta.gob.ar\/index.php\/author\/prensa\/"},"uagb_comment_info":0,"uagb_excerpt":"Esta ma\u00f1ana, en instalaciones del CD, se llev\u00f3 a cabo el acto de entrega de distinciones a la trayectoria de [&hellip;]","_links":{"self":[{"href":"https:\/\/cdsalta.gob.ar\/index.php\/wp-json\/wp\/v2\/posts\/6193","targetHints":{"allow":["GET"]}}],"collection":[{"href":"https:\/\/cdsalta.gob.ar\/index.php\/wp-json\/wp\/v2\/posts"}],"about":[{"href":"https:\/\/cdsalta.gob.ar\/index.php\/wp-json\/wp\/v2\/types\/post"}],"author":[{"embeddable":true,"href":"https:\/\/cdsalta.gob.ar\/index.php\/wp-json\/wp\/v2\/users\/2"}],"replies":[{"embeddable":true,"href":"https:\/\/cdsalta.gob.ar\/index.php\/wp-json\/wp\/v2\/comments?post=6193"}],"version-history":[{"count":1,"href":"https:\/\/cdsalta.gob.ar\/index.php\/wp-json\/wp\/v2\/posts\/6193\/revisions"}],"predecessor-version":[{"id":6210,"href":"https:\/\/cdsalta.gob.ar\/index.php\/wp-json\/wp\/v2\/posts\/6193\/revisions\/6210"}],"wp:featuredmedia":[{"embeddable":true,"href":"https:\/\/cdsalta.gob.ar\/index.php\/wp-json\/wp\/v2\/media\/6202"}],"wp:attachment":[{"href":"https:\/\/cdsalta.gob.ar\/index.php\/wp-json\/wp\/v2\/media?parent=6193"}],"wp:term":[{"taxonomy":"category","embeddable":true,"href":"https:\/\/cdsalta.gob.ar\/index.php\/wp-json\/wp\/v2\/categories?post=6193"},{"taxonomy":"post_tag","embeddable":true,"href":"https:\/\/cdsalta.gob.ar\/index.php\/wp-json\/wp\/v2\/tags?post=6193"}],"curies":[{"name":"wp","href":"https:\/\/api.w.org\/{rel}","templated":true}]}}