{"id":6194,"date":"2026-04-30T13:43:30","date_gmt":"2026-04-30T16:43:30","guid":{"rendered":"https:\/\/cdsalta.gob.ar\/?p=6194"},"modified":"2026-04-30T13:45:13","modified_gmt":"2026-04-30T16:45:13","slug":"ediles-recibieron-al-coordinador-del-ente-de-turismo-y-analizaron-lineamientos-de-gestion-y-de-planificacion","status":"publish","type":"post","link":"https:\/\/cdsalta.gob.ar\/index.php\/2026\/04\/30\/ediles-recibieron-al-coordinador-del-ente-de-turismo-y-analizaron-lineamientos-de-gestion-y-de-planificacion\/","title":{"rendered":"<span style='font-size:16px;font-weight:normal;'>As\u00ed como la actualizaci\u00f3n normativa del sector tur\u00edstico<\/span> <br> <span style='font-size:20px;font-weight:bold;'>Ediles recibieron al coordinador del Ente de Turismo y analizaron lineamientos de gesti\u00f3n y de planificaci\u00f3n<\/span>"},"content":{"rendered":"<p style=\"text-align: justify\"><strong><img loading=\"lazy\" decoding=\"async\" class=\"aligncenter size-full wp-image-6200\" src=\"https:\/\/cdsalta.gob.ar\/wp-content\/uploads\/2026\/04\/55240743840_1129b84173_c.jpg\" alt=\"\" width=\"799\" height=\"534\" srcset=\"https:\/\/cdsalta.gob.ar\/wp-content\/uploads\/2026\/04\/55240743840_1129b84173_c.jpg 799w, https:\/\/cdsalta.gob.ar\/wp-content\/uploads\/2026\/04\/55240743840_1129b84173_c-300x201.jpg 300w, https:\/\/cdsalta.gob.ar\/wp-content\/uploads\/2026\/04\/55240743840_1129b84173_c-768x513.jpg 768w\" sizes=\"auto, (max-width: 799px) 100vw, 799px\" \/>Esta ma\u00f1ana, los concejales que integran la Comisi\u00f3n de Cultura, Turismo, Recreaci\u00f3n, Educaci\u00f3n, Prensa y Relaciones Interjurisdiccionales recibieron al coordinador del Ente de Turismo Municipal, Federico Garc\u00eda Soria. Durante el encuentro, el funcionario expuso los principales lineamientos del trabajo del \u00e1rea de Turismo, haciendo foco en la planificaci\u00f3n del sector, la profesionalizaci\u00f3n de la gesti\u00f3n y la articulaci\u00f3n con el sector privado. En ese sentido, se\u00f1al\u00f3 la necesidad de actualizar el marco normativo vigente y fortalecer las herramientas de gesti\u00f3n, con el objetivo de consolidar un modelo tur\u00edstico m\u00e1s integrado y con mayor diversidad de propuestas para la ciudad.<\/strong><\/p>\n<p style=\"text-align: justify\">En su exposici\u00f3n, Garc\u00eda Soria present\u00f3 <strong>indicadores vinculados a la actividad tur\u00edstica<\/strong> local, informando que durante 2025 se <strong>registraron entre 641.000 y 642.000 arribos tur\u00edsticos<\/strong> en establecimientos registrados. Asimismo, precis\u00f3 que se alcanzaron aproximadamente 1,5 millones de pernoctaciones anuales, con una <strong>ocupaci\u00f3n hotelera promedio del 44%,<\/strong> sujeta a variaciones estacionales.<\/p>\n<p style=\"text-align: justify\">En relaci\u00f3n al comportamiento del sector, indic\u00f3 que el turismo local presenta una marcada estacionalidad, con picos de actividad durante vacaciones de invierno, carnaval y Semana Santa, y una baja relativa en los meses de mayo y junio. En t\u00e9rminos comparativos, <strong>se\u00f1al\u00f3 que los niveles actuales se encuentran aproximadamente 20 puntos por debajo de los registros de 2022<\/strong>, en un contexto asociado a la ca\u00edda del consumo y al incremento de la competencia entre destinos.<\/p>\n<p style=\"text-align: justify\">Por otra parte, destac\u00f3 la implementaci\u00f3n del <strong>Observatorio Tur\u00edstico Municipal<\/strong> como herramienta de seguimiento y an\u00e1lisis, que permite medir de manera sistem\u00e1tica la ocupaci\u00f3n hotelera, los arribos y las pernoctaciones, con series estad\u00edsticas consolidadas desde 2019, posibilitando la evaluaci\u00f3n de la evoluci\u00f3n interanual del sector.<\/p>\n<p style=\"text-align: justify\">En otro tramo de su exposici\u00f3n, el funcionario hizo referencia al proceso de <strong>profesionalizaci\u00f3n del \u00e1rea y al cambio de enfoque en la planificaci\u00f3n tur\u00edstica<\/strong>. En ese sentido, se\u00f1al\u00f3 que la ciudad pas\u00f3 de funcionar principalmente como un destino de paso, con alta ocupaci\u00f3n hotelera pero escaso desarrollo de actividades complementarias, a un esquema orientado a consolidarse como un destino integral, <strong>con mayor diversidad de experiencias y propuestas<\/strong>. Asimismo, destac\u00f3 la importancia de <strong>trabajar sobre la identificaci\u00f3n y desarrollo de nichos espec\u00edficos de demanda tur\u00edstica<\/strong>, a fin de diversificar la oferta, mejorar la segmentaci\u00f3n del mercado y adecuar las propuestas a distintos perfiles de visitantes.<\/p>\n<p style=\"text-align: justify\">Asimismo, destac\u00f3 la importancia de la <strong>articulaci\u00f3n entre el sector p\u00fablico, el sector privado y el \u00e1mbito acad\u00e9mico<\/strong>, se\u00f1alando que la pol\u00edtica tur\u00edstica se construye de manera conjunta con distintos actores. En esa l\u00ednea, indic\u00f3 que se trabaja con universidades e institutos de formaci\u00f3n para fortalecer el desarrollo del sector.<\/p>\n<p style=\"text-align: justify\">Respecto de la actualizaci\u00f3n normativa, Garc\u00eda Soria se\u00f1al\u00f3 la necesidad de <strong>avanzar en una revisi\u00f3n del marco regulatorio vigente en articulaci\u00f3n con el sector privado,<\/strong> con el objetivo de adecuarlo a las din\u00e1micas actuales de la actividad tur\u00edstica. En ese sentido, indic\u00f3 que existen normas que han quedado desactualizadas, lo que genera procesos administrativos complejos y mayores costos operativos. Finalmente, remarc\u00f3 la importancia <strong>de reordenar el sistema normativo y avanzar en herramientas que permitan mejorar la gesti\u00f3n, con criterios de eficiencia, seguridad y planificaci\u00f3n del desarrollo tur\u00edstico a futuro.<\/strong><\/p>\n<p style=\"text-align: justify\">Al finalizar la reuni\u00f3n, los concejales acordaron continuar trabajando de manera articulada con el \u00e1rea municipal, a fin de <strong>elaborar herramientas legislativas que den respuesta a las necesidades de actualizaci\u00f3n normativa y fortalecimiento de la gesti\u00f3n tur\u00edstica.<\/strong><\/p>\n<p style=\"text-align: justify\">La reuni\u00f3n de Comisi\u00f3n fue encabezada por el edil David Leiva (MM), quien estuvo acompa\u00f1ado por sus pares Jos\u00e9 Garc\u00eda (YP), Pablo L\u00f3pez (LP), Malvina Gareca (PC), \u00c9rica Castro, Florencia Le\u00f3n y Carlos Casasola (todos de LLA).<\/p>\n","protected":false},"excerpt":{"rendered":"<p>Esta ma\u00f1ana, los concejales que integran la Comisi\u00f3n de Cultura, Turismo, Recreaci\u00f3n, Educaci\u00f3n, Prensa y Relaciones Interjurisdiccionales recibieron al coordinador [&hellip;]<\/p>\n","protected":false},"author":2,"featured_media":6200,"comment_status":"closed","ping_status":"closed","sticky":false,"template":"","format":"standard","meta":{"_uag_custom_page_level_css":"","site-sidebar-layout":"default","site-content-layout":"","ast-site-content-layout":"default","site-content-style":"default","site-sidebar-style":"default","ast-global-header-display":"","ast-banner-title-visibility":"","ast-main-header-display":"","ast-hfb-above-header-display":"","ast-hfb-below-header-display":"","ast-hfb-mobile-header-display":"","site-post-title":"","ast-breadcrumbs-content":"","ast-featured-img":"","footer-sml-layout":"","ast-disable-related-posts":"","theme-transparent-header-meta":"default","adv-header-id-meta":"","stick-header-meta":"","header-above-stick-meta":"","header-main-stick-meta":"","header-below-stick-meta":"","astra-migrate-meta-layouts":"set","ast-page-background-enabled":"default","ast-page-background-meta":{"desktop":{"background-color":"var(--ast-global-color-5)","background-image":"","background-repeat":"repeat","background-position":"center center","background-size":"auto","background-attachment":"scroll","background-type":"","background-media":"","overlay-type":"","overlay-color":"","overlay-opacity":"","overlay-gradient":""},"tablet":{"background-color":"","background-image":"","background-repeat":"repeat","background-position":"center center","background-size":"auto","background-attachment":"scroll","background-type":"","background-media":"","overlay-type":"","overlay-color":"","overlay-opacity":"","overlay-gradient":""},"mobile":{"background-color":"","background-image":"","background-repeat":"repeat","background-position":"center center","background-size":"auto","background-attachment":"scroll","background-type":"","background-media":"","overlay-type":"","overlay-color":"","overlay-opacity":"","overlay-gradient":""}},"ast-content-background-meta":{"desktop":{"background-color":"var(--ast-global-color-4)","background-image":"","background-repeat":"repeat","background-position":"center center","background-size":"auto","background-attachment":"scroll","background-type":"","background-media":"","overlay-type":"","overlay-color":"","overlay-opacity":"","overlay-gradient":""},"tablet":{"background-color":"var(--ast-global-color-4)","background-image":"","background-repeat":"repeat","background-position":"center center","background-size":"auto","background-attachment":"scroll","background-type":"","background-media":"","overlay-type":"","overlay-color":"","overlay-opacity":"","overlay-gradient":""},"mobile":{"background-color":"var(--ast-global-color-4)","background-image":"","background-repeat":"repeat","background-position":"center center","background-size":"auto","background-attachment":"scroll","background-type":"","background-media":"","overlay-type":"","overlay-color":"","overlay-opacity":"","overlay-gradient":""}},"footnotes":""},"categories":[1],"tags":[],"class_list":["post-6194","post","type-post","status-publish","format-standard","has-post-thumbnail","hentry","category-sin-categoria"],"uagb_featured_image_src":{"full":["https:\/\/cdsalta.gob.ar\/wp-content\/uploads\/2026\/04\/55240743840_1129b84173_c.jpg",799,534,false],"thumbnail":["https:\/\/cdsalta.gob.ar\/wp-content\/uploads\/2026\/04\/55240743840_1129b84173_c-150x150.jpg",150,150,true],"medium":["https:\/\/cdsalta.gob.ar\/wp-content\/uploads\/2026\/04\/55240743840_1129b84173_c-300x201.jpg",300,201,true],"medium_large":["https:\/\/cdsalta.gob.ar\/wp-content\/uploads\/2026\/04\/55240743840_1129b84173_c-768x513.jpg",768,513,true],"large":["https:\/\/cdsalta.gob.ar\/wp-content\/uploads\/2026\/04\/55240743840_1129b84173_c.jpg",799,534,false],"1536x1536":["https:\/\/cdsalta.gob.ar\/wp-content\/uploads\/2026\/04\/55240743840_1129b84173_c.jpg",799,534,false],"2048x2048":["https:\/\/cdsalta.gob.ar\/wp-content\/uploads\/2026\/04\/55240743840_1129b84173_c.jpg",799,534,false],"mailpoet_newsletter_max":["https:\/\/cdsalta.gob.ar\/wp-content\/uploads\/2026\/04\/55240743840_1129b84173_c.jpg",799,534,false]},"uagb_author_info":{"display_name":"Prensa","author_link":"https:\/\/cdsalta.gob.ar\/index.php\/author\/prensa\/"},"uagb_comment_info":0,"uagb_excerpt":"Esta ma\u00f1ana, los concejales que integran la Comisi\u00f3n de Cultura, Turismo, Recreaci\u00f3n, Educaci\u00f3n, Prensa y Relaciones Interjurisdiccionales recibieron al coordinador [&hellip;]","_links":{"self":[{"href":"https:\/\/cdsalta.gob.ar\/index.php\/wp-json\/wp\/v2\/posts\/6194","targetHints":{"allow":["GET"]}}],"collection":[{"href":"https:\/\/cdsalta.gob.ar\/index.php\/wp-json\/wp\/v2\/posts"}],"about":[{"href":"https:\/\/cdsalta.gob.ar\/index.php\/wp-json\/wp\/v2\/types\/post"}],"author":[{"embeddable":true,"href":"https:\/\/cdsalta.gob.ar\/index.php\/wp-json\/wp\/v2\/users\/2"}],"replies":[{"embeddable":true,"href":"https:\/\/cdsalta.gob.ar\/index.php\/wp-json\/wp\/v2\/comments?post=6194"}],"version-history":[{"count":2,"href":"https:\/\/cdsalta.gob.ar\/index.php\/wp-json\/wp\/v2\/posts\/6194\/revisions"}],"predecessor-version":[{"id":6215,"href":"https:\/\/cdsalta.gob.ar\/index.php\/wp-json\/wp\/v2\/posts\/6194\/revisions\/6215"}],"wp:featuredmedia":[{"embeddable":true,"href":"https:\/\/cdsalta.gob.ar\/index.php\/wp-json\/wp\/v2\/media\/6200"}],"wp:attachment":[{"href":"https:\/\/cdsalta.gob.ar\/index.php\/wp-json\/wp\/v2\/media?parent=6194"}],"wp:term":[{"taxonomy":"category","embeddable":true,"href":"https:\/\/cdsalta.gob.ar\/index.php\/wp-json\/wp\/v2\/categories?post=6194"},{"taxonomy":"post_tag","embeddable":true,"href":"https:\/\/cdsalta.gob.ar\/index.php\/wp-json\/wp\/v2\/tags?post=6194"}],"curies":[{"name":"wp","href":"https:\/\/api.w.org\/{rel}","templated":true}]}}