{"id":6195,"date":"2026-04-30T13:43:55","date_gmt":"2026-04-30T16:43:55","guid":{"rendered":"https:\/\/cdsalta.gob.ar\/?p=6195"},"modified":"2026-04-30T13:43:55","modified_gmt":"2026-04-30T16:43:55","slug":"concejales-analizaron-un-proyecto-de-ordenanza-junto-al-vicepresidente-de-la-agencia-salta-deportes","status":"publish","type":"post","link":"https:\/\/cdsalta.gob.ar\/index.php\/2026\/04\/30\/concejales-analizaron-un-proyecto-de-ordenanza-junto-al-vicepresidente-de-la-agencia-salta-deportes\/","title":{"rendered":"<span style='font-size:16px;font-weight:normal;'>La iniciativa busca crear la Liga de F\u00fatbol Municipal Amateur<\/span> <br> <span style='font-size:20px;font-weight:bold;'>Concejales analizaron un Proyecto de Ordenanza junto al vicepresidente de la Agencia Salta Deportes<\/span>"},"content":{"rendered":"<p style=\"text-align: justify\"><strong><img loading=\"lazy\" decoding=\"async\" class=\"aligncenter size-full wp-image-6198\" src=\"https:\/\/cdsalta.gob.ar\/wp-content\/uploads\/2026\/04\/55240131191_13b0a0df14_c.jpg\" alt=\"\" width=\"800\" height=\"534\" srcset=\"https:\/\/cdsalta.gob.ar\/wp-content\/uploads\/2026\/04\/55240131191_13b0a0df14_c.jpg 800w, https:\/\/cdsalta.gob.ar\/wp-content\/uploads\/2026\/04\/55240131191_13b0a0df14_c-300x200.jpg 300w, https:\/\/cdsalta.gob.ar\/wp-content\/uploads\/2026\/04\/55240131191_13b0a0df14_c-768x513.jpg 768w\" sizes=\"auto, (max-width: 800px) 100vw, 800px\" \/>Esta ma\u00f1ana se llev\u00f3 a cabo una nueva reuni\u00f3n de la Comisi\u00f3n de Salud, Deportes, Infancia, Juventud y Tercera Edad. En la oportunidad, los concejales recibieron al vicepresidente de la Agencia Salta Deportes Municipal, Claudio Fern\u00e1ndez, a los fines de analizar de manera conjunta el Proyecto de Ordenanza que propone la creaci\u00f3n del Ente\/Liga de F\u00fatbol Municipal Amateur en el \u00e1mbito de la ciudad de Salta. El funcionario dio a conocer la labor que lleva a cabo el \u00e1rea de deportes, como as\u00ed tambi\u00e9n abord\u00f3 distintos puntos de la iniciativa y los desaf\u00edos econ\u00f3micos de su implementaci\u00f3n en el contexto actual. A partir de la informaci\u00f3n recibida, los miembros de la Comisi\u00f3n acordaron convocar a la pr\u00f3xima reuni\u00f3n al presidente de la Liga Salte\u00f1a de F\u00fatbol, Sergio Chib\u00e1n, as\u00ed como a funcionarios de las \u00e1reas de Deportes y Hacienda del DEM con el objetivo de continuar el tratamiento del Proyecto.<\/strong><\/p>\n<p style=\"text-align: justify\">Al inicio de la reuni\u00f3n, <strong>la concejala que preside el espacio de trabajo, In\u00e9s Bennassar (GSC), dio la bienvenida al funcionario y expuso los objetivos del encuentro<\/strong>. Seguidamente, <strong>el concejal Jos\u00e9 Luis Arias (YP) manifest\u00f3 aspectos del Proyecto de su autor\u00eda que propone la creaci\u00f3n del Ente\/Liga de F\u00fatbol Municipal Amateur en los barrios de la ciudad<\/strong>. \u201cTodos sabemos que se juegan partidos en los barrios los fines de semana, a pesar de que no hay una liga que los pueda contener. La idea es llevarles tranquilidad y seguridad a las personas que participan, d\u00e1ndole a la actividad un marco normativo\u201d, afirm\u00f3 el edil Arias. Por su parte, <strong>el vicepresidente de la Agencia Salta Deportes Municipal, Claudio Fern\u00e1ndez, puso de relieve las distintas actividades deportivas impulsadas por la Agencia y los recursos necesarios que implicar\u00eda la puesta en marcha de una liga municipal<\/strong>. Fern\u00e1ndez <strong>destac\u00f3 los objetivos de la iniciativa, al tiempo que se\u00f1al\u00f3 los desaf\u00edos econ\u00f3micos y log\u00edsticos de su implementaci\u00f3n<\/strong> en un deporte con amplia demanda como la pr\u00e1ctica del f\u00fatbol. En ese marco, la mesa de trabajo sugiri\u00f3 realizar un relevamiento sobre la ejecuci\u00f3n que desarrollan otros Municipios en relaci\u00f3n a la tem\u00e1tica. A los fines de dar continuidad al tratamiento del Proyecto, los concejales invitaron a la pr\u00f3xima reuni\u00f3n al vicepresidente Claudio Fern\u00e1ndez, junto a los secretarios de Deporte, Cultura y Turismo y de Hacienda del DEM, Agustina Agolio y Facundo Furi\u00f3, respectivamente, as\u00ed como al presidente de la Liga Salte\u00f1a de F\u00fatbol, Sergio Chib\u00e1n.<\/p>\n<p style=\"text-align: justify\">Tambi\u00e9n participaron del encuentro los ediles Pablo L\u00f3pez (LP), Jos\u00e9 Garc\u00eda (YP) y Florencia Le\u00f3n (LLA).<\/p>\n","protected":false},"excerpt":{"rendered":"<p>Esta ma\u00f1ana se llev\u00f3 a cabo una nueva reuni\u00f3n de la Comisi\u00f3n de Salud, Deportes, Infancia, Juventud y Tercera Edad. [&hellip;]<\/p>\n","protected":false},"author":2,"featured_media":6198,"comment_status":"closed","ping_status":"closed","sticky":false,"template":"","format":"standard","meta":{"_uag_custom_page_level_css":"","site-sidebar-layout":"default","site-content-layout":"","ast-site-content-layout":"default","site-content-style":"default","site-sidebar-style":"default","ast-global-header-display":"","ast-banner-title-visibility":"","ast-main-header-display":"","ast-hfb-above-header-display":"","ast-hfb-below-header-display":"","ast-hfb-mobile-header-display":"","site-post-title":"","ast-breadcrumbs-content":"","ast-featured-img":"","footer-sml-layout":"","ast-disable-related-posts":"","theme-transparent-header-meta":"default","adv-header-id-meta":"","stick-header-meta":"","header-above-stick-meta":"","header-main-stick-meta":"","header-below-stick-meta":"","astra-migrate-meta-layouts":"set","ast-page-background-enabled":"default","ast-page-background-meta":{"desktop":{"background-color":"var(--ast-global-color-5)","background-image":"","background-repeat":"repeat","background-position":"center center","background-size":"auto","background-attachment":"scroll","background-type":"","background-media":"","overlay-type":"","overlay-color":"","overlay-opacity":"","overlay-gradient":""},"tablet":{"background-color":"","background-image":"","background-repeat":"repeat","background-position":"center center","background-size":"auto","background-attachment":"scroll","background-type":"","background-media":"","overlay-type":"","overlay-color":"","overlay-opacity":"","overlay-gradient":""},"mobile":{"background-color":"","background-image":"","background-repeat":"repeat","background-position":"center center","background-size":"auto","background-attachment":"scroll","background-type":"","background-media":"","overlay-type":"","overlay-color":"","overlay-opacity":"","overlay-gradient":""}},"ast-content-background-meta":{"desktop":{"background-color":"var(--ast-global-color-4)","background-image":"","background-repeat":"repeat","background-position":"center center","background-size":"auto","background-attachment":"scroll","background-type":"","background-media":"","overlay-type":"","overlay-color":"","overlay-opacity":"","overlay-gradient":""},"tablet":{"background-color":"var(--ast-global-color-4)","background-image":"","background-repeat":"repeat","background-position":"center center","background-size":"auto","background-attachment":"scroll","background-type":"","background-media":"","overlay-type":"","overlay-color":"","overlay-opacity":"","overlay-gradient":""},"mobile":{"background-color":"var(--ast-global-color-4)","background-image":"","background-repeat":"repeat","background-position":"center center","background-size":"auto","background-attachment":"scroll","background-type":"","background-media":"","overlay-type":"","overlay-color":"","overlay-opacity":"","overlay-gradient":""}},"footnotes":""},"categories":[1],"tags":[],"class_list":["post-6195","post","type-post","status-publish","format-standard","has-post-thumbnail","hentry","category-sin-categoria"],"uagb_featured_image_src":{"full":["https:\/\/cdsalta.gob.ar\/wp-content\/uploads\/2026\/04\/55240131191_13b0a0df14_c.jpg",800,534,false],"thumbnail":["https:\/\/cdsalta.gob.ar\/wp-content\/uploads\/2026\/04\/55240131191_13b0a0df14_c-150x150.jpg",150,150,true],"medium":["https:\/\/cdsalta.gob.ar\/wp-content\/uploads\/2026\/04\/55240131191_13b0a0df14_c-300x200.jpg",300,200,true],"medium_large":["https:\/\/cdsalta.gob.ar\/wp-content\/uploads\/2026\/04\/55240131191_13b0a0df14_c-768x513.jpg",768,513,true],"large":["https:\/\/cdsalta.gob.ar\/wp-content\/uploads\/2026\/04\/55240131191_13b0a0df14_c.jpg",800,534,false],"1536x1536":["https:\/\/cdsalta.gob.ar\/wp-content\/uploads\/2026\/04\/55240131191_13b0a0df14_c.jpg",800,534,false],"2048x2048":["https:\/\/cdsalta.gob.ar\/wp-content\/uploads\/2026\/04\/55240131191_13b0a0df14_c.jpg",800,534,false],"mailpoet_newsletter_max":["https:\/\/cdsalta.gob.ar\/wp-content\/uploads\/2026\/04\/55240131191_13b0a0df14_c.jpg",800,534,false]},"uagb_author_info":{"display_name":"Prensa","author_link":"https:\/\/cdsalta.gob.ar\/index.php\/author\/prensa\/"},"uagb_comment_info":0,"uagb_excerpt":"Esta ma\u00f1ana se llev\u00f3 a cabo una nueva reuni\u00f3n de la Comisi\u00f3n de Salud, Deportes, Infancia, Juventud y Tercera Edad. [&hellip;]","_links":{"self":[{"href":"https:\/\/cdsalta.gob.ar\/index.php\/wp-json\/wp\/v2\/posts\/6195","targetHints":{"allow":["GET"]}}],"collection":[{"href":"https:\/\/cdsalta.gob.ar\/index.php\/wp-json\/wp\/v2\/posts"}],"about":[{"href":"https:\/\/cdsalta.gob.ar\/index.php\/wp-json\/wp\/v2\/types\/post"}],"author":[{"embeddable":true,"href":"https:\/\/cdsalta.gob.ar\/index.php\/wp-json\/wp\/v2\/users\/2"}],"replies":[{"embeddable":true,"href":"https:\/\/cdsalta.gob.ar\/index.php\/wp-json\/wp\/v2\/comments?post=6195"}],"version-history":[{"count":1,"href":"https:\/\/cdsalta.gob.ar\/index.php\/wp-json\/wp\/v2\/posts\/6195\/revisions"}],"predecessor-version":[{"id":6212,"href":"https:\/\/cdsalta.gob.ar\/index.php\/wp-json\/wp\/v2\/posts\/6195\/revisions\/6212"}],"wp:featuredmedia":[{"embeddable":true,"href":"https:\/\/cdsalta.gob.ar\/index.php\/wp-json\/wp\/v2\/media\/6198"}],"wp:attachment":[{"href":"https:\/\/cdsalta.gob.ar\/index.php\/wp-json\/wp\/v2\/media?parent=6195"}],"wp:term":[{"taxonomy":"category","embeddable":true,"href":"https:\/\/cdsalta.gob.ar\/index.php\/wp-json\/wp\/v2\/categories?post=6195"},{"taxonomy":"post_tag","embeddable":true,"href":"https:\/\/cdsalta.gob.ar\/index.php\/wp-json\/wp\/v2\/tags?post=6195"}],"curies":[{"name":"wp","href":"https:\/\/api.w.org\/{rel}","templated":true}]}}