{"id":6196,"date":"2026-04-30T13:44:29","date_gmt":"2026-04-30T16:44:29","guid":{"rendered":"https:\/\/cdsalta.gob.ar\/?p=6196"},"modified":"2026-04-30T13:47:09","modified_gmt":"2026-04-30T16:47:09","slug":"el-2-de-mayo-es-el-dia-municipal-contra-el-acoso-escolar-o-bullying","status":"publish","type":"post","link":"https:\/\/cdsalta.gob.ar\/index.php\/2026\/04\/30\/el-2-de-mayo-es-el-dia-municipal-contra-el-acoso-escolar-o-bullying\/","title":{"rendered":"<span style='font-size:16px;font-weight:normal;'>El Concejo Deliberante sancion\u00f3 diversas normas relacionadas a la tem\u00e1tica<\/span> <br> <span style='font-size:20px;font-weight:bold;'>El 2 de mayo es el D\u00eda Municipal  Contra el Acoso Escolar o Bullying<\/span>"},"content":{"rendered":"<p style=\"text-align: justify\"><strong><img loading=\"lazy\" decoding=\"async\" class=\"aligncenter size-full wp-image-6213\" src=\"https:\/\/cdsalta.gob.ar\/wp-content\/uploads\/2026\/04\/1000180943-1.png\" alt=\"\" width=\"1080\" height=\"720\" srcset=\"https:\/\/cdsalta.gob.ar\/wp-content\/uploads\/2026\/04\/1000180943-1.png 1080w, https:\/\/cdsalta.gob.ar\/wp-content\/uploads\/2026\/04\/1000180943-1-300x200.png 300w, https:\/\/cdsalta.gob.ar\/wp-content\/uploads\/2026\/04\/1000180943-1-1024x683.png 1024w, https:\/\/cdsalta.gob.ar\/wp-content\/uploads\/2026\/04\/1000180943-1-768x512.png 768w\" sizes=\"auto, (max-width: 1080px) 100vw, 1080px\" \/>Este s\u00e1bado 2 de mayo, como cada a\u00f1o, se conmemora el D\u00eda Contra el Acoso Escolar o Bullying en la ciudad de Salta. La fecha recordatoria fue establecida mediante Ordenanza N\u00b0 15.577 en 2019, adhiriendo a la iniciativa aprobada por la UNESCO a nivel mundial. La norma establece adem\u00e1s que el Departamento Ejecutivo Municipal realizar\u00e1 actividades de formaci\u00f3n y concientizaci\u00f3n contra el acoso escolar o bullying durante la semana que comprenda el 2 del corriente mes.<\/strong><\/p>\n<p style=\"text-align: justify\"><strong>El Concejo Deliberante abord\u00f3 la tem\u00e1tica mediante la sanci\u00f3n de diversas normativas en el \u00faltimo tiempo. Tales como la implementaci\u00f3n de una Campa\u00f1a Permanente de concientizaci\u00f3n, sensibilizaci\u00f3n y prevenci\u00f3n del ciberbullying o la incorporaci\u00f3n de e<\/strong><strong>spacios de reflexi\u00f3n en colonias de vacaciones organizadas por la Municipalidad. Se agregan iniciativas en el marco del programa \u201cConcejales por un D\u00eda\u201d vinculadas a la elaboraci\u00f3n de un Protocolo de Actuaci\u00f3n ante Situaciones de Acoso Escolar o Bullying y la implementaci\u00f3n de jornadas de sensibilizaci\u00f3n sobre la tem\u00e1tica en colegios de la ciudad. <\/strong><\/p>\n<p style=\"text-align: justify\">En relaci\u00f3n a la fecha recordatoria, el <strong>concejal David Leiva (MM), presidente de la Comisi\u00f3n de Cultura, Turismo, Recreaci\u00f3n, Educaci\u00f3n, Prensa y Relaciones Interjurisdiccionales<\/strong>, sostuvo: <strong>\u201cEs importante poder concientizar y trabajar desde todos los lugares que nos toca ocupar para que, tanto el bullying como el acoso sea abordado, buscando que ni\u00f1os, adolescentes o quienes lo sufren puedan advertirlo\u201d<\/strong>. A lo que agreg\u00f3: \u201cMuchas veces tenemos casos de chicos que naturalizan la violencia que deviene del contexto que viven, eso luego lo trasladan a las escuelas y lamentablemente tiene sus consecuencias<strong>\u201d. Resalt\u00f3 adem\u00e1s que el Estado, desde todos sus \u00e1mbitos, debe trabajar proyectos e impulsar acciones de concientizaci\u00f3n y formaci\u00f3n<\/strong> con el objetivo de generar conciencia sobre quienes ejercen violencia. Esto en pos de mejorar las condiciones de convivencia entre las infancias y juventudes. <strong>\u201cTodas las normas que pretendan ser el puntapi\u00e9 de campa\u00f1as y puedan tener efectiva llegada son bienvenidas. Es fundamental ir al encuentro de la charla y del debate con los chicos\u201d<\/strong>, afirm\u00f3 el edil Leiva.<\/p>\n<p style=\"text-align: justify\">Desde el Concejo Deliberante la tem\u00e1tica se abord\u00f3 mediante la sanci\u00f3n de normas y la generaci\u00f3n de acciones. Durante el presente periodo legislativo, el Cuerpo aprob\u00f3 la Ordenanza que establece la implementaci\u00f3n de una <strong>Campa\u00f1a Permanente de concientizaci\u00f3n, sensibilizaci\u00f3n y prevenci\u00f3n del ciberbullying, destinada a ni\u00f1as, ni\u00f1os, adolescentes, sus familias y a la ciudadan\u00eda en general<\/strong>. La campa\u00f1a estar\u00e1 basada en principios de protecci\u00f3n integral de derechos, incluye acciones educativas, de concientizaci\u00f3n, asistencia y participaci\u00f3n comunitaria y la articulaci\u00f3n con distintas instituciones.<\/p>\n<p style=\"text-align: justify\">Por otra parte, la <strong>Ordenanza N\u00b0 16.064 establece espacios de concientizaci\u00f3n, reflexi\u00f3n y sensibilizaci\u00f3n acerca del bullying<\/strong>, discriminaci\u00f3n, abuso sexual infantil, violencia de g\u00e9nero, derechos de los ni\u00f1os, ni\u00f1as y adolescentes, resoluci\u00f3n pac\u00edfica de conflictos, entre otras tem\u00e1ticas, en las colonias de vacaciones organizadas por la Municipalidad de la ciudad de Salta.<\/p>\n<p style=\"text-align: justify\">Tambi\u00e9n se sancion\u00f3 la <strong>Resoluci\u00f3n N\u00b0 117\/19<\/strong> que dispone remitir al Ministerio de Educaci\u00f3n, Ciencia y Tecnolog\u00eda de la provincia de Salta el <strong>Protocolo de Actuaci\u00f3n ante Situaciones de Acoso Escolar o Bullying,<\/strong> elaborado en el marco del programa \u201cConcejales por un D\u00eda\u201d. El documento tiene por <strong>objeto<\/strong> establecer principios de acci\u00f3n b\u00e1sicos, ante diferentes situaciones de bullying que se produzcan en el \u00e1mbito de las instituciones educativas, a fin de proteger a eventuales v\u00edctimas, involucrando a educadores, personal de las instituciones y tambi\u00e9n a las familias. En el mismo, se detallan los conceptos, caracter\u00edsticas y tipos de bullying, as\u00ed como los distintos tipos de actores ante una situaci\u00f3n de violencia: victima, agresor y espectador, entre otros aspectos. Cabe se\u00f1alar que el escrito fue implementado en distintas instituciones educativas de la ciudad de Salta durante el dictado del taller denominado \u201cLo que no se habla, no cambia\u201d que forma parte del programa CPUD.<\/p>\n<p style=\"text-align: justify\">En similar sentido, <strong>el a\u00f1o pasado el Concejo Deliberante impuls\u00f3 un ciclo jornadas de sensibilizaci\u00f3n sobre bullying<\/strong> que tienen como prop\u00f3sito generar espacios de di\u00e1logo, brindar herramientas para identificar situaciones de acoso y promover la convivencia respetuosa entre pares. <strong>Estos encuentros permitieron a estudiantes de distintos colegios de la ciudad participar activamente de instancias de aprendizaje y debate, a los fines de fortalecer v\u00ednculos saludables dentro del \u00e1mbito escolar y fomentar una cultura basada en el respeto, la empat\u00eda y la no violencia<\/strong>. El abordaje de los contenidos se llev\u00f3 a cabo en conjunto por parte de profesionales de la Oficina de Asesoramiento y Contenci\u00f3n ante Casos de Violencia por Razones de G\u00e9nero y\/o Discriminaci\u00f3n, y el Departamento de Digesto del CD.<\/p>\n<p style=\"text-align: justify\">Se suma una <strong>Declaraci\u00f3n<\/strong> aprobada en el marco de la \u00faltima Sesi\u00f3n Ordinaria del 2025. El texto consigna que <strong>ver\u00eda con agrado que los miembros del Honorable Congreso de la Naci\u00f3n den tratamiento y aprobaci\u00f3n al proyecto de ley nacional referente al programa nacional de prevenci\u00f3n y abordaje integral de la violencia digital en \u00e1mbitos educativos, denominado Ley Ema,<\/strong> de la C\u00e1mara de Diputados de la Naci\u00f3n.<\/p>\n","protected":false},"excerpt":{"rendered":"<p>Este s\u00e1bado 2 de mayo, como cada a\u00f1o, se conmemora el D\u00eda Contra el Acoso Escolar o Bullying en la [&hellip;]<\/p>\n","protected":false},"author":2,"featured_media":6213,"comment_status":"closed","ping_status":"closed","sticky":false,"template":"","format":"standard","meta":{"_uag_custom_page_level_css":"","site-sidebar-layout":"default","site-content-layout":"","ast-site-content-layout":"default","site-content-style":"default","site-sidebar-style":"default","ast-global-header-display":"","ast-banner-title-visibility":"","ast-main-header-display":"","ast-hfb-above-header-display":"","ast-hfb-below-header-display":"","ast-hfb-mobile-header-display":"","site-post-title":"","ast-breadcrumbs-content":"","ast-featured-img":"","footer-sml-layout":"","ast-disable-related-posts":"","theme-transparent-header-meta":"default","adv-header-id-meta":"","stick-header-meta":"","header-above-stick-meta":"","header-main-stick-meta":"","header-below-stick-meta":"","astra-migrate-meta-layouts":"set","ast-page-background-enabled":"default","ast-page-background-meta":{"desktop":{"background-color":"var(--ast-global-color-5)","background-image":"","background-repeat":"repeat","background-position":"center center","background-size":"auto","background-attachment":"scroll","background-type":"","background-media":"","overlay-type":"","overlay-color":"","overlay-opacity":"","overlay-gradient":""},"tablet":{"background-color":"","background-image":"","background-repeat":"repeat","background-position":"center center","background-size":"auto","background-attachment":"scroll","background-type":"","background-media":"","overlay-type":"","overlay-color":"","overlay-opacity":"","overlay-gradient":""},"mobile":{"background-color":"","background-image":"","background-repeat":"repeat","background-position":"center center","background-size":"auto","background-attachment":"scroll","background-type":"","background-media":"","overlay-type":"","overlay-color":"","overlay-opacity":"","overlay-gradient":""}},"ast-content-background-meta":{"desktop":{"background-color":"var(--ast-global-color-4)","background-image":"","background-repeat":"repeat","background-position":"center center","background-size":"auto","background-attachment":"scroll","background-type":"","background-media":"","overlay-type":"","overlay-color":"","overlay-opacity":"","overlay-gradient":""},"tablet":{"background-color":"var(--ast-global-color-4)","background-image":"","background-repeat":"repeat","background-position":"center center","background-size":"auto","background-attachment":"scroll","background-type":"","background-media":"","overlay-type":"","overlay-color":"","overlay-opacity":"","overlay-gradient":""},"mobile":{"background-color":"var(--ast-global-color-4)","background-image":"","background-repeat":"repeat","background-position":"center center","background-size":"auto","background-attachment":"scroll","background-type":"","background-media":"","overlay-type":"","overlay-color":"","overlay-opacity":"","overlay-gradient":""}},"footnotes":""},"categories":[1],"tags":[],"class_list":["post-6196","post","type-post","status-publish","format-standard","has-post-thumbnail","hentry","category-sin-categoria"],"uagb_featured_image_src":{"full":["https:\/\/cdsalta.gob.ar\/wp-content\/uploads\/2026\/04\/1000180943-1.png",1080,720,false],"thumbnail":["https:\/\/cdsalta.gob.ar\/wp-content\/uploads\/2026\/04\/1000180943-1-150x150.png",150,150,true],"medium":["https:\/\/cdsalta.gob.ar\/wp-content\/uploads\/2026\/04\/1000180943-1-300x200.png",300,200,true],"medium_large":["https:\/\/cdsalta.gob.ar\/wp-content\/uploads\/2026\/04\/1000180943-1-768x512.png",768,512,true],"large":["https:\/\/cdsalta.gob.ar\/wp-content\/uploads\/2026\/04\/1000180943-1-1024x683.png",1024,683,true],"1536x1536":["https:\/\/cdsalta.gob.ar\/wp-content\/uploads\/2026\/04\/1000180943-1.png",1080,720,false],"2048x2048":["https:\/\/cdsalta.gob.ar\/wp-content\/uploads\/2026\/04\/1000180943-1.png",1080,720,false],"mailpoet_newsletter_max":["https:\/\/cdsalta.gob.ar\/wp-content\/uploads\/2026\/04\/1000180943-1.png",1080,720,false]},"uagb_author_info":{"display_name":"Prensa","author_link":"https:\/\/cdsalta.gob.ar\/index.php\/author\/prensa\/"},"uagb_comment_info":0,"uagb_excerpt":"Este s\u00e1bado 2 de mayo, como cada a\u00f1o, se conmemora el D\u00eda Contra el Acoso Escolar o Bullying en la [&hellip;]","_links":{"self":[{"href":"https:\/\/cdsalta.gob.ar\/index.php\/wp-json\/wp\/v2\/posts\/6196","targetHints":{"allow":["GET"]}}],"collection":[{"href":"https:\/\/cdsalta.gob.ar\/index.php\/wp-json\/wp\/v2\/posts"}],"about":[{"href":"https:\/\/cdsalta.gob.ar\/index.php\/wp-json\/wp\/v2\/types\/post"}],"author":[{"embeddable":true,"href":"https:\/\/cdsalta.gob.ar\/index.php\/wp-json\/wp\/v2\/users\/2"}],"replies":[{"embeddable":true,"href":"https:\/\/cdsalta.gob.ar\/index.php\/wp-json\/wp\/v2\/comments?post=6196"}],"version-history":[{"count":2,"href":"https:\/\/cdsalta.gob.ar\/index.php\/wp-json\/wp\/v2\/posts\/6196\/revisions"}],"predecessor-version":[{"id":6221,"href":"https:\/\/cdsalta.gob.ar\/index.php\/wp-json\/wp\/v2\/posts\/6196\/revisions\/6221"}],"wp:featuredmedia":[{"embeddable":true,"href":"https:\/\/cdsalta.gob.ar\/index.php\/wp-json\/wp\/v2\/media\/6213"}],"wp:attachment":[{"href":"https:\/\/cdsalta.gob.ar\/index.php\/wp-json\/wp\/v2\/media?parent=6196"}],"wp:term":[{"taxonomy":"category","embeddable":true,"href":"https:\/\/cdsalta.gob.ar\/index.php\/wp-json\/wp\/v2\/categories?post=6196"},{"taxonomy":"post_tag","embeddable":true,"href":"https:\/\/cdsalta.gob.ar\/index.php\/wp-json\/wp\/v2\/tags?post=6196"}],"curies":[{"name":"wp","href":"https:\/\/api.w.org\/{rel}","templated":true}]}}