{"id":6205,"date":"2026-04-30T13:45:54","date_gmt":"2026-04-30T16:45:54","guid":{"rendered":"https:\/\/cdsalta.gob.ar\/?p=6205"},"modified":"2026-04-30T13:46:30","modified_gmt":"2026-04-30T16:46:30","slug":"se-reunio-hoy-la-comision-de-disciplina-del-concejo-deliberante-2","status":"publish","type":"post","link":"https:\/\/cdsalta.gob.ar\/index.php\/2026\/04\/30\/se-reunio-hoy-la-comision-de-disciplina-del-concejo-deliberante-2\/","title":{"rendered":"<span style='font-size:16px;font-weight:normal;'>Continuaron el an\u00e1lisis de hechos vinculados a la situaci\u00f3n de un concejal<\/span> <br> <span style='font-size:20px;font-weight:bold;'>Se reuni\u00f3 hoy la Comisi\u00f3n de  Disciplina del Concejo Deliberante<\/span>"},"content":{"rendered":"<p style=\"text-align: justify\"><strong><img loading=\"lazy\" decoding=\"async\" class=\"aligncenter size-full wp-image-6199\" src=\"https:\/\/cdsalta.gob.ar\/wp-content\/uploads\/2026\/04\/55240460913_78e8b30302_c.jpg\" alt=\"\" width=\"800\" height=\"600\" srcset=\"https:\/\/cdsalta.gob.ar\/wp-content\/uploads\/2026\/04\/55240460913_78e8b30302_c.jpg 800w, https:\/\/cdsalta.gob.ar\/wp-content\/uploads\/2026\/04\/55240460913_78e8b30302_c-300x225.jpg 300w, https:\/\/cdsalta.gob.ar\/wp-content\/uploads\/2026\/04\/55240460913_78e8b30302_c-768x576.jpg 768w\" sizes=\"auto, (max-width: 800px) 100vw, 800px\" \/>Esta ma\u00f1ana, los concejales que integran la Comisi\u00f3n de Disciplina, Juicio Pol\u00edtico y Responsabilidad Patrimonial recibieron al edil Carlos Casasola, en el marco del tratamiento de cuestiones vinculadas a su conducta en relaci\u00f3n con hechos de p\u00fablico conocimiento, brind\u00e1ndole la posibilidad de que pueda expresarse en ejercicio de su derecho, dando cumplimiento as\u00ed al procedimiento que marca la normativa. En la oportunidad, el legislador brind\u00f3 informaci\u00f3n en relaci\u00f3n a los hechos expuestos. Se acord\u00f3 adem\u00e1s dar continuidad al tratamiento del tema en el encuentro previsto para el martes 5 de mayo a horas 12.00.<\/strong><\/p>\n","protected":false},"excerpt":{"rendered":"<p>Esta ma\u00f1ana, los concejales que integran la Comisi\u00f3n de Disciplina, Juicio Pol\u00edtico y Responsabilidad Patrimonial recibieron al edil Carlos Casasola, [&hellip;]<\/p>\n","protected":false},"author":2,"featured_media":6199,"comment_status":"closed","ping_status":"closed","sticky":false,"template":"","format":"standard","meta":{"_uag_custom_page_level_css":"","site-sidebar-layout":"default","site-content-layout":"","ast-site-content-layout":"default","site-content-style":"default","site-sidebar-style":"default","ast-global-header-display":"","ast-banner-title-visibility":"","ast-main-header-display":"","ast-hfb-above-header-display":"","ast-hfb-below-header-display":"","ast-hfb-mobile-header-display":"","site-post-title":"","ast-breadcrumbs-content":"","ast-featured-img":"","footer-sml-layout":"","ast-disable-related-posts":"","theme-transparent-header-meta":"default","adv-header-id-meta":"","stick-header-meta":"","header-above-stick-meta":"","header-main-stick-meta":"","header-below-stick-meta":"","astra-migrate-meta-layouts":"set","ast-page-background-enabled":"default","ast-page-background-meta":{"desktop":{"background-color":"var(--ast-global-color-5)","background-image":"","background-repeat":"repeat","background-position":"center center","background-size":"auto","background-attachment":"scroll","background-type":"","background-media":"","overlay-type":"","overlay-color":"","overlay-opacity":"","overlay-gradient":""},"tablet":{"background-color":"","background-image":"","background-repeat":"repeat","background-position":"center center","background-size":"auto","background-attachment":"scroll","background-type":"","background-media":"","overlay-type":"","overlay-color":"","overlay-opacity":"","overlay-gradient":""},"mobile":{"background-color":"","background-image":"","background-repeat":"repeat","background-position":"center center","background-size":"auto","background-attachment":"scroll","background-type":"","background-media":"","overlay-type":"","overlay-color":"","overlay-opacity":"","overlay-gradient":""}},"ast-content-background-meta":{"desktop":{"background-color":"var(--ast-global-color-4)","background-image":"","background-repeat":"repeat","background-position":"center center","background-size":"auto","background-attachment":"scroll","background-type":"","background-media":"","overlay-type":"","overlay-color":"","overlay-opacity":"","overlay-gradient":""},"tablet":{"background-color":"var(--ast-global-color-4)","background-image":"","background-repeat":"repeat","background-position":"center center","background-size":"auto","background-attachment":"scroll","background-type":"","background-media":"","overlay-type":"","overlay-color":"","overlay-opacity":"","overlay-gradient":""},"mobile":{"background-color":"var(--ast-global-color-4)","background-image":"","background-repeat":"repeat","background-position":"center center","background-size":"auto","background-attachment":"scroll","background-type":"","background-media":"","overlay-type":"","overlay-color":"","overlay-opacity":"","overlay-gradient":""}},"footnotes":""},"categories":[1],"tags":[],"class_list":["post-6205","post","type-post","status-publish","format-standard","has-post-thumbnail","hentry","category-sin-categoria"],"uagb_featured_image_src":{"full":["https:\/\/cdsalta.gob.ar\/wp-content\/uploads\/2026\/04\/55240460913_78e8b30302_c.jpg",800,600,false],"thumbnail":["https:\/\/cdsalta.gob.ar\/wp-content\/uploads\/2026\/04\/55240460913_78e8b30302_c-150x150.jpg",150,150,true],"medium":["https:\/\/cdsalta.gob.ar\/wp-content\/uploads\/2026\/04\/55240460913_78e8b30302_c-300x225.jpg",300,225,true],"medium_large":["https:\/\/cdsalta.gob.ar\/wp-content\/uploads\/2026\/04\/55240460913_78e8b30302_c-768x576.jpg",768,576,true],"large":["https:\/\/cdsalta.gob.ar\/wp-content\/uploads\/2026\/04\/55240460913_78e8b30302_c.jpg",800,600,false],"1536x1536":["https:\/\/cdsalta.gob.ar\/wp-content\/uploads\/2026\/04\/55240460913_78e8b30302_c.jpg",800,600,false],"2048x2048":["https:\/\/cdsalta.gob.ar\/wp-content\/uploads\/2026\/04\/55240460913_78e8b30302_c.jpg",800,600,false],"mailpoet_newsletter_max":["https:\/\/cdsalta.gob.ar\/wp-content\/uploads\/2026\/04\/55240460913_78e8b30302_c.jpg",800,600,false]},"uagb_author_info":{"display_name":"Prensa","author_link":"https:\/\/cdsalta.gob.ar\/index.php\/author\/prensa\/"},"uagb_comment_info":0,"uagb_excerpt":"Esta ma\u00f1ana, los concejales que integran la Comisi\u00f3n de Disciplina, Juicio Pol\u00edtico y Responsabilidad Patrimonial recibieron al edil Carlos Casasola, [&hellip;]","_links":{"self":[{"href":"https:\/\/cdsalta.gob.ar\/index.php\/wp-json\/wp\/v2\/posts\/6205","targetHints":{"allow":["GET"]}}],"collection":[{"href":"https:\/\/cdsalta.gob.ar\/index.php\/wp-json\/wp\/v2\/posts"}],"about":[{"href":"https:\/\/cdsalta.gob.ar\/index.php\/wp-json\/wp\/v2\/types\/post"}],"author":[{"embeddable":true,"href":"https:\/\/cdsalta.gob.ar\/index.php\/wp-json\/wp\/v2\/users\/2"}],"replies":[{"embeddable":true,"href":"https:\/\/cdsalta.gob.ar\/index.php\/wp-json\/wp\/v2\/comments?post=6205"}],"version-history":[{"count":2,"href":"https:\/\/cdsalta.gob.ar\/index.php\/wp-json\/wp\/v2\/posts\/6205\/revisions"}],"predecessor-version":[{"id":6219,"href":"https:\/\/cdsalta.gob.ar\/index.php\/wp-json\/wp\/v2\/posts\/6205\/revisions\/6219"}],"wp:featuredmedia":[{"embeddable":true,"href":"https:\/\/cdsalta.gob.ar\/index.php\/wp-json\/wp\/v2\/media\/6199"}],"wp:attachment":[{"href":"https:\/\/cdsalta.gob.ar\/index.php\/wp-json\/wp\/v2\/media?parent=6205"}],"wp:term":[{"taxonomy":"category","embeddable":true,"href":"https:\/\/cdsalta.gob.ar\/index.php\/wp-json\/wp\/v2\/categories?post=6205"},{"taxonomy":"post_tag","embeddable":true,"href":"https:\/\/cdsalta.gob.ar\/index.php\/wp-json\/wp\/v2\/tags?post=6205"}],"curies":[{"name":"wp","href":"https:\/\/api.w.org\/{rel}","templated":true}]}}