{"id":8452,"date":"2026-08-31T13:41:21","date_gmt":"2026-08-31T16:41:21","guid":{"rendered":"https:\/\/cdsalta.gob.ar\/?p=8452"},"modified":"2026-08-31T13:41:21","modified_gmt":"2026-08-31T16:41:21","slug":"dictaminaron-a-favor-de-dos-proyectos-de-solicitud-de-informe-y-17-pedidos-de-condonaciones-de-deudas","status":"publish","type":"post","link":"https:\/\/cdsalta.gob.ar\/index.php\/2026\/08\/31\/dictaminaron-a-favor-de-dos-proyectos-de-solicitud-de-informe-y-17-pedidos-de-condonaciones-de-deudas\/","title":{"rendered":"<span style='font-size:16px;font-weight:normal;'>En Comisi\u00f3n de Acci\u00f3n Social<\/span> <br> <span style='font-size:20px;font-weight:bold;'>Dictaminaron a favor de dos Proyectos de Solicitud  de Informe y 17 pedidos de condonaciones de deudas<\/span>"},"content":{"rendered":"<p style=\"text-align: justify\"><strong><img loading=\"lazy\" decoding=\"async\" class=\"aligncenter size-full wp-image-8460\" src=\"https:\/\/cdsalta.gob.ar\/wp-content\/uploads\/2026\/08\/55498987742_a887ec0fa0_c.jpg\" alt=\"\" width=\"799\" height=\"533\" srcset=\"https:\/\/cdsalta.gob.ar\/wp-content\/uploads\/2026\/08\/55498987742_a887ec0fa0_c.jpg 799w, https:\/\/cdsalta.gob.ar\/wp-content\/uploads\/2026\/08\/55498987742_a887ec0fa0_c-300x200.jpg 300w, https:\/\/cdsalta.gob.ar\/wp-content\/uploads\/2026\/08\/55498987742_a887ec0fa0_c-768x512.jpg 768w\" sizes=\"auto, (max-width: 799px) 100vw, 799px\" \/>Este mediod\u00eda se desarroll\u00f3 una nueva reuni\u00f3n de la Comisi\u00f3n de Acci\u00f3n Social, Becas, Asuntos Vecinales, Participaci\u00f3n Ciudadana y Defensa del Consumidor. Durante el encuentro, los ediles otorgaron visto bueno a dos Proyectos de Solicitud de Informe y pedidos de condonaciones de deudas. Los primeros requieren al DEM datos vinculados a <\/strong><strong>la implementaci\u00f3n del denominado \u00abPrograma Punto Alimentario\u00bb y detalles vinculados al CIC de barrio Uni\u00f3n.<\/strong><\/p>\n<p style=\"text-align: justify\"><strong>Se suman 18 expedientes de solicitud condonaci\u00f3n de deudas presentados por vecinos de la ciudad. Los mismos se encuentran vinculados a la Tasa General de Inmuebles, el Impuesto Inmobiliario, la Tasa de Protecci\u00f3n de Personas y Bienes y la Tasa de Uso de Nicho. A fin de dar continuidad a su tratamiento legislativo, se acord\u00f3 la remisi\u00f3n de los escritos a la Comisi\u00f3n de Hacienda, Presupuesto y Cuentas.<\/strong><\/p>\n<p style=\"text-align: justify\">Reunidos en Comisi\u00f3n los concejales analizaron y dieron visto bueno a un Proyecto de Solicitud de Informe de autor\u00eda de la edila Agustina \u00c1lvarez Eichele (LLA). La propuesta pide al DEM <strong>informaci\u00f3n vinculada a la implementaci\u00f3n del denominado \u00abPrograma Punto Alimentario\u00bb<\/strong>, destinado a brindar asistencia alimentaria a familias de distintos barrios de la ciudad.<\/p>\n<p style=\"text-align: justify\">Tambi\u00e9n dictaminaron a favor del Pedido de Informe elaborado por la edila Erica Castro (LLA). El texto solicita <strong>datos sobre el Centro Integrador Comunitario del barrio Uni\u00f3n<\/strong>, en relaci\u00f3n al organigrama del personal a cargo de la gesti\u00f3n, coordinaci\u00f3n, atenci\u00f3n y servicios del CIC; motivos y\/o fundamentos por los cuales fue retirada de las instalaciones la imagen de la Virgen del Carmen; entre otros puntos.<\/p>\n<p style=\"text-align: justify\">Se agregan diversos expedientes presentados por particulares. Disponiendo otorgar visto bueno a <strong>13 requerimientos de condonaciones de deuda de la Tasa General de Inmuebles (TGI), el Impuesto Inmobiliario (II) y la Tasa de Protecci\u00f3n de Personas y Bienes<\/strong>. Adem\u00e1s, se suman <strong>5 pedidos vinculados a la Tasa de Uso de Nicho<\/strong>. Es preciso se\u00f1alar que los expedientes contaban con el informe socioecon\u00f3mico correspondiente, en donde se plasma la situaci\u00f3n de los solicitantes. Consign\u00e1ndose que se trata de personas jubiladas, en situaci\u00f3n de vulnerabilidad social o con alg\u00fan tipo de discapacidad.<\/p>\n<p style=\"text-align: justify\">Por otro lado, se acord\u00f3 <strong>remitir 41 expedientes al Departamento Social y 7 al Jur\u00eddico del CD<\/strong>, con el objeto de que las \u00e1reas se expidan al respecto.<\/p>\n<p style=\"text-align: justify\">La reuni\u00f3n de la Comisi\u00f3n estuvo presidida por la edila Laura Garc\u00eda (VS), quien estuvo acompa\u00f1ada por sus pares Eliana Chuchuy (PS), David Leiva (MM), Rodrigo Quinteros y Laura Jorge Saravia (ambos de LLA).<\/p>\n","protected":false},"excerpt":{"rendered":"<p>Este mediod\u00eda se desarroll\u00f3 una nueva reuni\u00f3n de la Comisi\u00f3n de Acci\u00f3n Social, Becas, Asuntos Vecinales, Participaci\u00f3n Ciudadana y Defensa [&hellip;]<\/p>\n","protected":false},"author":2,"featured_media":8460,"comment_status":"closed","ping_status":"closed","sticky":false,"template":"","format":"standard","meta":{"_uag_custom_page_level_css":"","site-sidebar-layout":"default","site-content-layout":"","ast-site-content-layout":"default","site-content-style":"default","site-sidebar-style":"default","ast-global-header-display":"","ast-banner-title-visibility":"","ast-main-header-display":"","ast-hfb-above-header-display":"","ast-hfb-below-header-display":"","ast-hfb-mobile-header-display":"","site-post-title":"","ast-breadcrumbs-content":"","ast-featured-img":"","footer-sml-layout":"","ast-disable-related-posts":"","theme-transparent-header-meta":"default","adv-header-id-meta":"","stick-header-meta":"","header-above-stick-meta":"","header-main-stick-meta":"","header-below-stick-meta":"","astra-migrate-meta-layouts":"set","ast-page-background-enabled":"default","ast-page-background-meta":{"desktop":{"background-color":"var(--ast-global-color-5)","background-image":"","background-repeat":"repeat","background-position":"center center","background-size":"auto","background-attachment":"scroll","background-type":"","background-media":"","overlay-type":"","overlay-color":"","overlay-opacity":"","overlay-gradient":""},"tablet":{"background-color":"","background-image":"","background-repeat":"repeat","background-position":"center center","background-size":"auto","background-attachment":"scroll","background-type":"","background-media":"","overlay-type":"","overlay-color":"","overlay-opacity":"","overlay-gradient":""},"mobile":{"background-color":"","background-image":"","background-repeat":"repeat","background-position":"center center","background-size":"auto","background-attachment":"scroll","background-type":"","background-media":"","overlay-type":"","overlay-color":"","overlay-opacity":"","overlay-gradient":""}},"ast-content-background-meta":{"desktop":{"background-color":"var(--ast-global-color-4)","background-image":"","background-repeat":"repeat","background-position":"center center","background-size":"auto","background-attachment":"scroll","background-type":"","background-media":"","overlay-type":"","overlay-color":"","overlay-opacity":"","overlay-gradient":""},"tablet":{"background-color":"var(--ast-global-color-4)","background-image":"","background-repeat":"repeat","background-position":"center center","background-size":"auto","background-attachment":"scroll","background-type":"","background-media":"","overlay-type":"","overlay-color":"","overlay-opacity":"","overlay-gradient":""},"mobile":{"background-color":"var(--ast-global-color-4)","background-image":"","background-repeat":"repeat","background-position":"center center","background-size":"auto","background-attachment":"scroll","background-type":"","background-media":"","overlay-type":"","overlay-color":"","overlay-opacity":"","overlay-gradient":""}},"footnotes":"","_members_access_role":[],"_members_access_error":""},"categories":[1],"tags":[],"class_list":["post-8452","post","type-post","status-publish","format-standard","has-post-thumbnail","hentry","category-sin-categoria"],"uagb_featured_image_src":{"full":["https:\/\/cdsalta.gob.ar\/wp-content\/uploads\/2026\/08\/55498987742_a887ec0fa0_c.jpg",799,533,false],"thumbnail":["https:\/\/cdsalta.gob.ar\/wp-content\/uploads\/2026\/08\/55498987742_a887ec0fa0_c-150x150.jpg",150,150,true],"medium":["https:\/\/cdsalta.gob.ar\/wp-content\/uploads\/2026\/08\/55498987742_a887ec0fa0_c-300x200.jpg",300,200,true],"medium_large":["https:\/\/cdsalta.gob.ar\/wp-content\/uploads\/2026\/08\/55498987742_a887ec0fa0_c-768x512.jpg",768,512,true],"large":["https:\/\/cdsalta.gob.ar\/wp-content\/uploads\/2026\/08\/55498987742_a887ec0fa0_c.jpg",799,533,false],"1536x1536":["https:\/\/cdsalta.gob.ar\/wp-content\/uploads\/2026\/08\/55498987742_a887ec0fa0_c.jpg",799,533,false],"2048x2048":["https:\/\/cdsalta.gob.ar\/wp-content\/uploads\/2026\/08\/55498987742_a887ec0fa0_c.jpg",799,533,false],"mailpoet_newsletter_max":["https:\/\/cdsalta.gob.ar\/wp-content\/uploads\/2026\/08\/55498987742_a887ec0fa0_c.jpg",799,533,false]},"uagb_author_info":{"display_name":"Prensa","author_link":"https:\/\/cdsalta.gob.ar\/index.php\/author\/prensa\/"},"uagb_comment_info":0,"uagb_excerpt":"Este mediod\u00eda se desarroll\u00f3 una nueva reuni\u00f3n de la Comisi\u00f3n de Acci\u00f3n Social, Becas, Asuntos Vecinales, Participaci\u00f3n Ciudadana y Defensa [&hellip;]","_links":{"self":[{"href":"https:\/\/cdsalta.gob.ar\/index.php\/wp-json\/wp\/v2\/posts\/8452","targetHints":{"allow":["GET"]}}],"collection":[{"href":"https:\/\/cdsalta.gob.ar\/index.php\/wp-json\/wp\/v2\/posts"}],"about":[{"href":"https:\/\/cdsalta.gob.ar\/index.php\/wp-json\/wp\/v2\/types\/post"}],"author":[{"embeddable":true,"href":"https:\/\/cdsalta.gob.ar\/index.php\/wp-json\/wp\/v2\/users\/2"}],"replies":[{"embeddable":true,"href":"https:\/\/cdsalta.gob.ar\/index.php\/wp-json\/wp\/v2\/comments?post=8452"}],"version-history":[{"count":1,"href":"https:\/\/cdsalta.gob.ar\/index.php\/wp-json\/wp\/v2\/posts\/8452\/revisions"}],"predecessor-version":[{"id":8464,"href":"https:\/\/cdsalta.gob.ar\/index.php\/wp-json\/wp\/v2\/posts\/8452\/revisions\/8464"}],"wp:featuredmedia":[{"embeddable":true,"href":"https:\/\/cdsalta.gob.ar\/index.php\/wp-json\/wp\/v2\/media\/8460"}],"wp:attachment":[{"href":"https:\/\/cdsalta.gob.ar\/index.php\/wp-json\/wp\/v2\/media?parent=8452"}],"wp:term":[{"taxonomy":"category","embeddable":true,"href":"https:\/\/cdsalta.gob.ar\/index.php\/wp-json\/wp\/v2\/categories?post=8452"},{"taxonomy":"post_tag","embeddable":true,"href":"https:\/\/cdsalta.gob.ar\/index.php\/wp-json\/wp\/v2\/tags?post=8452"}],"curies":[{"name":"wp","href":"https:\/\/api.w.org\/{rel}","templated":true}]}}