{"id":8453,"date":"2026-08-31T13:42:31","date_gmt":"2026-08-31T16:42:31","guid":{"rendered":"https:\/\/cdsalta.gob.ar\/?p=8453"},"modified":"2026-08-31T13:42:31","modified_gmt":"2026-08-31T16:42:31","slug":"el-proyecto-que-busca-instituir-el-dia-municipal-contra-la-trata-de-personas-obtuvo-dictamen-favorable","status":"publish","type":"post","link":"https:\/\/cdsalta.gob.ar\/index.php\/2026\/08\/31\/el-proyecto-que-busca-instituir-el-dia-municipal-contra-la-trata-de-personas-obtuvo-dictamen-favorable\/","title":{"rendered":"<span style='font-size:16px;font-weight:normal;'>En la reuni\u00f3n de Comisi\u00f3n de Derechos Humanos, Mujeres, G\u00e9neros y Diversidad de la fecha<\/span> <br> <span style='font-size:20px;font-weight:bold;'>El Proyecto que busca instituir el D\u00eda Municipal contra la Trata de Personas obtuvo dictamen favorable<\/span>"},"content":{"rendered":"<p style=\"text-align: justify\"><strong><img loading=\"lazy\" decoding=\"async\" class=\"aligncenter size-full wp-image-8461\" src=\"https:\/\/cdsalta.gob.ar\/wp-content\/uploads\/2026\/08\/55500021543_74454444bb_c.jpg\" alt=\"\" width=\"800\" height=\"534\" srcset=\"https:\/\/cdsalta.gob.ar\/wp-content\/uploads\/2026\/08\/55500021543_74454444bb_c.jpg 800w, https:\/\/cdsalta.gob.ar\/wp-content\/uploads\/2026\/08\/55500021543_74454444bb_c-300x200.jpg 300w, https:\/\/cdsalta.gob.ar\/wp-content\/uploads\/2026\/08\/55500021543_74454444bb_c-768x513.jpg 768w\" sizes=\"auto, (max-width: 800px) 100vw, 800px\" \/>Esa ma\u00f1ana, durante el desarrollo de la Comisi\u00f3n de Derechos Humanos, Mujeres, G\u00e9neros y Diversidad, los concejales otorgaron visto bueno a un Proyecto de Ordenanza que propone instituir el 30 de julio de cada a\u00f1o como el D\u00eda Municipal contra la Trata de Personas en la ciudad de Salta, en concordancia con la fecha establecida por la Organizaci\u00f3n de las Naciones Unidas (ONU). La iniciativa tiene como objetivo promover y contribuir, desde el \u00e1mbito municipal, a la prevenci\u00f3n y lucha contra la trata y tr\u00e1fico de personas y la explotaci\u00f3n sexual en todas sus manifestaciones. <\/strong><strong>El expediente fue remitido a la Comisi\u00f3n de Legislaci\u00f3n General para continuar su estudio.<\/strong><\/p>\n<p style=\"text-align: justify\">El Proyecto elaborado por la edila Laura Jorge Saravia (LLA), establece la <strong>incorporaci\u00f3n de la fecha al Calendario Municipal Anual de Fechas Conmemorativas<\/strong> y prev\u00e9 la realizaci\u00f3n de <strong>campa\u00f1as de informaci\u00f3n y concientizaci\u00f3n<\/strong> sobre la normativa vigente, medidas de prevenci\u00f3n y canales de denuncia, con especial <strong>difusi\u00f3n de la L\u00ednea Nacional 145<\/strong>. Tambi\u00e9n contempla la articulaci\u00f3n con organismos p\u00fablicos, privados y organizaciones vinculadas a la tem\u00e1tica.<\/p>\n<p style=\"text-align: justify\">El Proyecto propone adem\u00e1s la <strong>conformaci\u00f3n de una Comisi\u00f3n Inter\u00e1reas para la Prevenci\u00f3n y Abordaje de la Trata y el Tr\u00e1fico de Personas en la ciudad de Salta,<\/strong> integrada por representantes del Ejecutivo Municipal y el Concejo Deliberante, con participaci\u00f3n de organismos provinciales y sociales vinculados a la materia.<\/p>\n<p style=\"text-align: justify\">Finalmente, la iniciativa establece <strong>sanciones para los locales comerciales en los que se comprueben situaciones vinculadas con la trata<\/strong>, tr\u00e1fico de personas o explotaci\u00f3n sexual, incluyendo la clausura preventiva y la caducidad de las habilitaciones una vez firme la infracci\u00f3n, adem\u00e1s de la obligaci\u00f3n de efectuar las denuncias correspondientes ante las autoridades competentes.<\/p>\n<p style=\"text-align: justify\">El Proyecto establece adem\u00e1s la derogaci\u00f3n de la Ordenanza N.\u00ba 14.370, con el prop\u00f3sito de actualizar y unificar el marco normativo municipal vigente en la materia. \u00a0De la reuni\u00f3n participaron los ediles Malvina Gareca (PC), Gustavo Farquharson (PS), Laura Jorge Saravia, \u00c9rica Castro y Florencia Le\u00f3n (todas de \u00a0LLA).<\/p>\n","protected":false},"excerpt":{"rendered":"<p>Esa ma\u00f1ana, durante el desarrollo de la Comisi\u00f3n de Derechos Humanos, Mujeres, G\u00e9neros y Diversidad, los concejales otorgaron visto bueno [&hellip;]<\/p>\n","protected":false},"author":2,"featured_media":8461,"comment_status":"closed","ping_status":"closed","sticky":false,"template":"","format":"standard","meta":{"_uag_custom_page_level_css":"","site-sidebar-layout":"default","site-content-layout":"","ast-site-content-layout":"default","site-content-style":"default","site-sidebar-style":"default","ast-global-header-display":"","ast-banner-title-visibility":"","ast-main-header-display":"","ast-hfb-above-header-display":"","ast-hfb-below-header-display":"","ast-hfb-mobile-header-display":"","site-post-title":"","ast-breadcrumbs-content":"","ast-featured-img":"","footer-sml-layout":"","ast-disable-related-posts":"","theme-transparent-header-meta":"default","adv-header-id-meta":"","stick-header-meta":"","header-above-stick-meta":"","header-main-stick-meta":"","header-below-stick-meta":"","astra-migrate-meta-layouts":"set","ast-page-background-enabled":"default","ast-page-background-meta":{"desktop":{"background-color":"var(--ast-global-color-5)","background-image":"","background-repeat":"repeat","background-position":"center center","background-size":"auto","background-attachment":"scroll","background-type":"","background-media":"","overlay-type":"","overlay-color":"","overlay-opacity":"","overlay-gradient":""},"tablet":{"background-color":"","background-image":"","background-repeat":"repeat","background-position":"center center","background-size":"auto","background-attachment":"scroll","background-type":"","background-media":"","overlay-type":"","overlay-color":"","overlay-opacity":"","overlay-gradient":""},"mobile":{"background-color":"","background-image":"","background-repeat":"repeat","background-position":"center center","background-size":"auto","background-attachment":"scroll","background-type":"","background-media":"","overlay-type":"","overlay-color":"","overlay-opacity":"","overlay-gradient":""}},"ast-content-background-meta":{"desktop":{"background-color":"var(--ast-global-color-4)","background-image":"","background-repeat":"repeat","background-position":"center center","background-size":"auto","background-attachment":"scroll","background-type":"","background-media":"","overlay-type":"","overlay-color":"","overlay-opacity":"","overlay-gradient":""},"tablet":{"background-color":"var(--ast-global-color-4)","background-image":"","background-repeat":"repeat","background-position":"center center","background-size":"auto","background-attachment":"scroll","background-type":"","background-media":"","overlay-type":"","overlay-color":"","overlay-opacity":"","overlay-gradient":""},"mobile":{"background-color":"var(--ast-global-color-4)","background-image":"","background-repeat":"repeat","background-position":"center center","background-size":"auto","background-attachment":"scroll","background-type":"","background-media":"","overlay-type":"","overlay-color":"","overlay-opacity":"","overlay-gradient":""}},"footnotes":"","_members_access_role":[],"_members_access_error":""},"categories":[1],"tags":[],"class_list":["post-8453","post","type-post","status-publish","format-standard","has-post-thumbnail","hentry","category-sin-categoria"],"uagb_featured_image_src":{"full":["https:\/\/cdsalta.gob.ar\/wp-content\/uploads\/2026\/08\/55500021543_74454444bb_c.jpg",800,534,false],"thumbnail":["https:\/\/cdsalta.gob.ar\/wp-content\/uploads\/2026\/08\/55500021543_74454444bb_c-150x150.jpg",150,150,true],"medium":["https:\/\/cdsalta.gob.ar\/wp-content\/uploads\/2026\/08\/55500021543_74454444bb_c-300x200.jpg",300,200,true],"medium_large":["https:\/\/cdsalta.gob.ar\/wp-content\/uploads\/2026\/08\/55500021543_74454444bb_c-768x513.jpg",768,513,true],"large":["https:\/\/cdsalta.gob.ar\/wp-content\/uploads\/2026\/08\/55500021543_74454444bb_c.jpg",800,534,false],"1536x1536":["https:\/\/cdsalta.gob.ar\/wp-content\/uploads\/2026\/08\/55500021543_74454444bb_c.jpg",800,534,false],"2048x2048":["https:\/\/cdsalta.gob.ar\/wp-content\/uploads\/2026\/08\/55500021543_74454444bb_c.jpg",800,534,false],"mailpoet_newsletter_max":["https:\/\/cdsalta.gob.ar\/wp-content\/uploads\/2026\/08\/55500021543_74454444bb_c.jpg",800,534,false]},"uagb_author_info":{"display_name":"Prensa","author_link":"https:\/\/cdsalta.gob.ar\/index.php\/author\/prensa\/"},"uagb_comment_info":0,"uagb_excerpt":"Esa ma\u00f1ana, durante el desarrollo de la Comisi\u00f3n de Derechos Humanos, Mujeres, G\u00e9neros y Diversidad, los concejales otorgaron visto bueno [&hellip;]","_links":{"self":[{"href":"https:\/\/cdsalta.gob.ar\/index.php\/wp-json\/wp\/v2\/posts\/8453","targetHints":{"allow":["GET"]}}],"collection":[{"href":"https:\/\/cdsalta.gob.ar\/index.php\/wp-json\/wp\/v2\/posts"}],"about":[{"href":"https:\/\/cdsalta.gob.ar\/index.php\/wp-json\/wp\/v2\/types\/post"}],"author":[{"embeddable":true,"href":"https:\/\/cdsalta.gob.ar\/index.php\/wp-json\/wp\/v2\/users\/2"}],"replies":[{"embeddable":true,"href":"https:\/\/cdsalta.gob.ar\/index.php\/wp-json\/wp\/v2\/comments?post=8453"}],"version-history":[{"count":2,"href":"https:\/\/cdsalta.gob.ar\/index.php\/wp-json\/wp\/v2\/posts\/8453\/revisions"}],"predecessor-version":[{"id":8466,"href":"https:\/\/cdsalta.gob.ar\/index.php\/wp-json\/wp\/v2\/posts\/8453\/revisions\/8466"}],"wp:featuredmedia":[{"embeddable":true,"href":"https:\/\/cdsalta.gob.ar\/index.php\/wp-json\/wp\/v2\/media\/8461"}],"wp:attachment":[{"href":"https:\/\/cdsalta.gob.ar\/index.php\/wp-json\/wp\/v2\/media?parent=8453"}],"wp:term":[{"taxonomy":"category","embeddable":true,"href":"https:\/\/cdsalta.gob.ar\/index.php\/wp-json\/wp\/v2\/categories?post=8453"},{"taxonomy":"post_tag","embeddable":true,"href":"https:\/\/cdsalta.gob.ar\/index.php\/wp-json\/wp\/v2\/tags?post=8453"}],"curies":[{"name":"wp","href":"https:\/\/api.w.org\/{rel}","templated":true}]}}