{"id":8455,"date":"2026-08-31T13:43:09","date_gmt":"2026-08-31T16:43:09","guid":{"rendered":"https:\/\/cdsalta.gob.ar\/?p=8455"},"modified":"2026-08-31T13:43:09","modified_gmt":"2026-08-31T16:43:09","slug":"concejales-mantuvieron-una-reunion-virtual-con-el-secretario-de-transito-de-la-municipalidad","status":"publish","type":"post","link":"https:\/\/cdsalta.gob.ar\/index.php\/2026\/08\/31\/concejales-mantuvieron-una-reunion-virtual-con-el-secretario-de-transito-de-la-municipalidad\/","title":{"rendered":"<span style='font-size:16px;font-weight:normal;'>Tambi\u00e9n dieron visto bueno a Proyectos vinculados a la seguridad vial<\/span> <br> <span style='font-size:20px;font-weight:bold;'>Concejales mantuvieron una reuni\u00f3n virtual con el secretario de Tr\u00e1nsito de la Municipalidad<\/span>"},"content":{"rendered":"<p style=\"text-align: justify\"><strong><img loading=\"lazy\" decoding=\"async\" class=\"aligncenter size-full wp-image-8463\" src=\"https:\/\/cdsalta.gob.ar\/wp-content\/uploads\/2026\/08\/55500063705_a86215315e_c.jpg\" alt=\"\" width=\"799\" height=\"533\" srcset=\"https:\/\/cdsalta.gob.ar\/wp-content\/uploads\/2026\/08\/55500063705_a86215315e_c.jpg 799w, https:\/\/cdsalta.gob.ar\/wp-content\/uploads\/2026\/08\/55500063705_a86215315e_c-300x200.jpg 300w, https:\/\/cdsalta.gob.ar\/wp-content\/uploads\/2026\/08\/55500063705_a86215315e_c-768x512.jpg 768w\" sizes=\"auto, (max-width: 799px) 100vw, 799px\" \/>En el desarrollo de una nueva reuni\u00f3n de la Comisi\u00f3n de Tr\u00e1nsito, Transporte y Seguridad Vial, los ediles recibieron de manera virtual al secretario de Tr\u00e1nsito y Seguridad Vial de la Municipalidad de Salta, Mat\u00edas Assennato. En la oportunidad recibieron informaci\u00f3n referida a nomencladores y numeraci\u00f3n domiciliaria en barrio Grand Bourg. <\/strong><\/p>\n<p style=\"text-align: justify\"><strong>En otro momento, los concejales dieron visto bueno a un Proyecto de Ordenanza y a dos Proyectos de Resoluci\u00f3n. El primero propone designar con el nombre de Fort\u00edn Argentino Aybar a una calle de los barrios San Benito y C\u00edrculo VI. El expediente fue remitido a la Comisi\u00f3n de Legislaci\u00f3n General para continuar su estudio. Los Proyectos restantes requieren al DEM la instalaci\u00f3n de reductores de velocidad, sem\u00e1foros y carteles nomencladores en distintos puntos de la ciudad.<\/strong><\/p>\n<p style=\"text-align: justify\"><strong>Adem\u00e1s, acordaron convocar a la pr\u00f3xima reuni\u00f3n al jefe de Gabinete Municipal, Jos\u00e9 Manuel Chalabe, a los fines de analizar conjuntamente un Proyecto de Ordenanza que propone la creaci\u00f3n del Sistema Municipal de Transparencia, Control y Trazabilidad del Parque Automotor. Al encuentro invitar\u00e1n tambi\u00e9n a la coordinadora de Planificaci\u00f3n Territorial de la Municipalidad, Mariana Zoricich, a fin de tratar temas de agenda de la Comisi\u00f3n de Ad Hoc vinculados a la donaci\u00f3n de espacios. <\/strong><\/p>\n<p style=\"text-align: justify\">Al inicio de la reuni\u00f3n, la edila que preside la Comisi\u00f3n de Tr\u00e1nsito, <strong>Agustina \u00c1lvarez Eichele (LLA), dio la bienvenida al funcionario y expuso los objetivos de la convocatoria<\/strong>. La invitaci\u00f3n fue acordada por los concejales con el fin de analizar conjuntamente aspectos vinculados a los <strong>nomencladores instalados en arterias de barrio Grand Bourg<\/strong>.<\/p>\n<p style=\"text-align: justify\">En este marco, <strong>el secretario de Tr\u00e1nsito y Seguridad Vial de la Municipalidad, Mat\u00edas Assennato, puso de relieve las acciones que lleva adelante el \u00e1rea en relaci\u00f3n con esta tem\u00e1tica<\/strong>. En primer lugar, se\u00f1al\u00f3 que la <strong>instalaci\u00f3n de carteles nomencladores en la ciudad<\/strong> est\u00e1 sujeta a lo dispuesto por las normas municipales que establecen la denominaci\u00f3n de las calles y los barrios. Durante su exposici\u00f3n, se refiri\u00f3 a la situaci\u00f3n de barrio Grand Bourg y explic\u00f3 que la problem\u00e1tica planteada por los vecinos respecto de los nomencladores instalados en la zona se origina en la utilizaci\u00f3n de una numeraci\u00f3n establecida por usos y costumbres y no por los fijados en la norma. En este sentido, <strong>consider\u00f3 positivo mantener el principio de continuidad de las arterias que fija la Ordenanza<\/strong> a los fines de garantizar el orden en la circulaci\u00f3n. La mesa de trabajo acord\u00f3 continuar el an\u00e1lisis de la tem\u00e1tica en futuras reuniones de la Comisi\u00f3n.<\/p>\n<p style=\"text-align: justify\">Por otra parte, los concejales elaboraron y aprobaron un Proyecto de Ordenanza a instancias de un expediente remitido por la Comisi\u00f3n Ad Hoc. El mismo propone <strong>designar con el nombre de Fort\u00edn Argentino Aybar<\/strong>, a la calle de barrios San Benito y C\u00edrculo VI, orientada de norte a sur, que limita al este con Matr\u00edcula N\u00b0 102.606 y Manzana N\u00b0 331a, 331b, 331c, 332a, 332b, 332c y 332d, y al oeste con Matr\u00edcula 101.029, todas de la Secci\u00f3n \u00abP\u00bb del Departamento Capital.<\/p>\n<p style=\"text-align: justify\">El edil V\u00edctor Lamberto (PS) es autor del escrito que solicita al Departamento Ejecutivo Municipal <strong>una serie de acciones en distintas calles de barrio San Jos\u00e9<\/strong>. Los pedidos incluyen la reparaci\u00f3n, sustituci\u00f3n e instalaci\u00f3n de luminarias con tecnolog\u00eda del tipo LED; as\u00ed como la instalaci\u00f3n de sem\u00e1foros y reductores de velocidad con la demarcaci\u00f3n y se\u00f1alizaci\u00f3n horizontal y vertical correspondientes.<\/p>\n<p style=\"text-align: justify\">Se suma un Proyecto de Resoluci\u00f3n que requiere al DEM la <strong>instalaci\u00f3n de carteles nomencladores<\/strong> con nombre, numeraci\u00f3n y sentido de circulaci\u00f3n en calle Lorenzo Maur\u00edn, entre calles Doctor Luis G\u00fcemes y Luis Patr\u00f3n Costas de villa Luj\u00e1n. La presentaci\u00f3n estuvo a cargo de la edila Laura Jorge Saravia (LLA).<\/p>\n<p style=\"text-align: justify\">Tambi\u00e9n formaron parte de la reuni\u00f3n los ediles Laura Jorge Saravia (LLA), Gustavo Farquharson, Eliana Chuchuy (ambos de PS) y Gonzalo Nieva (J).<\/p>\n","protected":false},"excerpt":{"rendered":"<p>En el desarrollo de una nueva reuni\u00f3n de la Comisi\u00f3n de Tr\u00e1nsito, Transporte y Seguridad Vial, los ediles recibieron de [&hellip;]<\/p>\n","protected":false},"author":2,"featured_media":8463,"comment_status":"closed","ping_status":"closed","sticky":false,"template":"","format":"standard","meta":{"_uag_custom_page_level_css":"","site-sidebar-layout":"default","site-content-layout":"","ast-site-content-layout":"default","site-content-style":"default","site-sidebar-style":"default","ast-global-header-display":"","ast-banner-title-visibility":"","ast-main-header-display":"","ast-hfb-above-header-display":"","ast-hfb-below-header-display":"","ast-hfb-mobile-header-display":"","site-post-title":"","ast-breadcrumbs-content":"","ast-featured-img":"","footer-sml-layout":"","ast-disable-related-posts":"","theme-transparent-header-meta":"default","adv-header-id-meta":"","stick-header-meta":"","header-above-stick-meta":"","header-main-stick-meta":"","header-below-stick-meta":"","astra-migrate-meta-layouts":"set","ast-page-background-enabled":"default","ast-page-background-meta":{"desktop":{"background-color":"var(--ast-global-color-5)","background-image":"","background-repeat":"repeat","background-position":"center center","background-size":"auto","background-attachment":"scroll","background-type":"","background-media":"","overlay-type":"","overlay-color":"","overlay-opacity":"","overlay-gradient":""},"tablet":{"background-color":"","background-image":"","background-repeat":"repeat","background-position":"center center","background-size":"auto","background-attachment":"scroll","background-type":"","background-media":"","overlay-type":"","overlay-color":"","overlay-opacity":"","overlay-gradient":""},"mobile":{"background-color":"","background-image":"","background-repeat":"repeat","background-position":"center center","background-size":"auto","background-attachment":"scroll","background-type":"","background-media":"","overlay-type":"","overlay-color":"","overlay-opacity":"","overlay-gradient":""}},"ast-content-background-meta":{"desktop":{"background-color":"var(--ast-global-color-4)","background-image":"","background-repeat":"repeat","background-position":"center center","background-size":"auto","background-attachment":"scroll","background-type":"","background-media":"","overlay-type":"","overlay-color":"","overlay-opacity":"","overlay-gradient":""},"tablet":{"background-color":"var(--ast-global-color-4)","background-image":"","background-repeat":"repeat","background-position":"center center","background-size":"auto","background-attachment":"scroll","background-type":"","background-media":"","overlay-type":"","overlay-color":"","overlay-opacity":"","overlay-gradient":""},"mobile":{"background-color":"var(--ast-global-color-4)","background-image":"","background-repeat":"repeat","background-position":"center center","background-size":"auto","background-attachment":"scroll","background-type":"","background-media":"","overlay-type":"","overlay-color":"","overlay-opacity":"","overlay-gradient":""}},"footnotes":"","_members_access_role":[],"_members_access_error":""},"categories":[1],"tags":[],"class_list":["post-8455","post","type-post","status-publish","format-standard","has-post-thumbnail","hentry","category-sin-categoria"],"uagb_featured_image_src":{"full":["https:\/\/cdsalta.gob.ar\/wp-content\/uploads\/2026\/08\/55500063705_a86215315e_c.jpg",799,533,false],"thumbnail":["https:\/\/cdsalta.gob.ar\/wp-content\/uploads\/2026\/08\/55500063705_a86215315e_c-150x150.jpg",150,150,true],"medium":["https:\/\/cdsalta.gob.ar\/wp-content\/uploads\/2026\/08\/55500063705_a86215315e_c-300x200.jpg",300,200,true],"medium_large":["https:\/\/cdsalta.gob.ar\/wp-content\/uploads\/2026\/08\/55500063705_a86215315e_c-768x512.jpg",768,512,true],"large":["https:\/\/cdsalta.gob.ar\/wp-content\/uploads\/2026\/08\/55500063705_a86215315e_c.jpg",799,533,false],"1536x1536":["https:\/\/cdsalta.gob.ar\/wp-content\/uploads\/2026\/08\/55500063705_a86215315e_c.jpg",799,533,false],"2048x2048":["https:\/\/cdsalta.gob.ar\/wp-content\/uploads\/2026\/08\/55500063705_a86215315e_c.jpg",799,533,false],"mailpoet_newsletter_max":["https:\/\/cdsalta.gob.ar\/wp-content\/uploads\/2026\/08\/55500063705_a86215315e_c.jpg",799,533,false]},"uagb_author_info":{"display_name":"Prensa","author_link":"https:\/\/cdsalta.gob.ar\/index.php\/author\/prensa\/"},"uagb_comment_info":0,"uagb_excerpt":"En el desarrollo de una nueva reuni\u00f3n de la Comisi\u00f3n de Tr\u00e1nsito, Transporte y Seguridad Vial, los ediles recibieron de [&hellip;]","_links":{"self":[{"href":"https:\/\/cdsalta.gob.ar\/index.php\/wp-json\/wp\/v2\/posts\/8455","targetHints":{"allow":["GET"]}}],"collection":[{"href":"https:\/\/cdsalta.gob.ar\/index.php\/wp-json\/wp\/v2\/posts"}],"about":[{"href":"https:\/\/cdsalta.gob.ar\/index.php\/wp-json\/wp\/v2\/types\/post"}],"author":[{"embeddable":true,"href":"https:\/\/cdsalta.gob.ar\/index.php\/wp-json\/wp\/v2\/users\/2"}],"replies":[{"embeddable":true,"href":"https:\/\/cdsalta.gob.ar\/index.php\/wp-json\/wp\/v2\/comments?post=8455"}],"version-history":[{"count":1,"href":"https:\/\/cdsalta.gob.ar\/index.php\/wp-json\/wp\/v2\/posts\/8455\/revisions"}],"predecessor-version":[{"id":8467,"href":"https:\/\/cdsalta.gob.ar\/index.php\/wp-json\/wp\/v2\/posts\/8455\/revisions\/8467"}],"wp:featuredmedia":[{"embeddable":true,"href":"https:\/\/cdsalta.gob.ar\/index.php\/wp-json\/wp\/v2\/media\/8463"}],"wp:attachment":[{"href":"https:\/\/cdsalta.gob.ar\/index.php\/wp-json\/wp\/v2\/media?parent=8455"}],"wp:term":[{"taxonomy":"category","embeddable":true,"href":"https:\/\/cdsalta.gob.ar\/index.php\/wp-json\/wp\/v2\/categories?post=8455"},{"taxonomy":"post_tag","embeddable":true,"href":"https:\/\/cdsalta.gob.ar\/index.php\/wp-json\/wp\/v2\/tags?post=8455"}],"curies":[{"name":"wp","href":"https:\/\/api.w.org\/{rel}","templated":true}]}}