{"id":8456,"date":"2026-08-31T13:43:58","date_gmt":"2026-08-31T16:43:58","guid":{"rendered":"https:\/\/cdsalta.gob.ar\/?p=8456"},"modified":"2026-08-31T13:43:58","modified_gmt":"2026-08-31T16:43:58","slug":"visto-bueno-al-proyecto-que-propone-crear-un-programa-municipal-de-rehabilitacion-basada-en-la-comunidad","status":"publish","type":"post","link":"https:\/\/cdsalta.gob.ar\/index.php\/2026\/08\/31\/visto-bueno-al-proyecto-que-propone-crear-un-programa-municipal-de-rehabilitacion-basada-en-la-comunidad\/","title":{"rendered":"<span style='font-size:16px;font-weight:normal;'>En la reuni\u00f3n de la Comisi\u00f3n de Discapacidad<\/span> <br> <span style='font-size:20px;font-weight:bold;'>Visto bueno al Proyecto que propone crear un Programa Municipal de Rehabilitaci\u00f3n Basada en la Comunidad<\/span>"},"content":{"rendered":"<p style=\"text-align: justify\"><strong><img loading=\"lazy\" decoding=\"async\" class=\"aligncenter size-full wp-image-8462\" src=\"https:\/\/cdsalta.gob.ar\/wp-content\/uploads\/2026\/08\/55498683352_41f3bb851d_c.jpg\" alt=\"\" width=\"799\" height=\"533\" srcset=\"https:\/\/cdsalta.gob.ar\/wp-content\/uploads\/2026\/08\/55498683352_41f3bb851d_c.jpg 799w, https:\/\/cdsalta.gob.ar\/wp-content\/uploads\/2026\/08\/55498683352_41f3bb851d_c-300x200.jpg 300w, https:\/\/cdsalta.gob.ar\/wp-content\/uploads\/2026\/08\/55498683352_41f3bb851d_c-768x512.jpg 768w\" sizes=\"auto, (max-width: 799px) 100vw, 799px\" \/>La Comisi\u00f3n de Discapacidad del Concejo Deliberante otorg\u00f3 visto bueno a un Proyecto de Ordenanza que propone crear el Programa Municipal de Rehabilitaci\u00f3n Basada en la Comunidad (RBC), destinado a promover la inclusi\u00f3n social y mejorar la calidad de vida de las personas con discapacidad y sus grupos familiares. La iniciativa establece que el programa se implementar\u00e1 de manera progresiva en los Centros Integradores Comunitarios (CIC) dependientes del Departamento Ejecutivo Municipal, aprovechando la infraestructura territorial existente. El Proyecto fue remitido a la Comisi\u00f3n de Legislaci\u00f3n General a fin de dar continuidad a su estudio.<\/strong><\/p>\n<p style=\"text-align: justify\"><strong>En otro momento del encuentro, acordaron participar de la reuni\u00f3n convocada por la Comisi\u00f3n de Salud, a la que fueron invitados funcionarios de la Secretar\u00eda de Desarrollo Social, en respuesta a una nota presentada por esa \u00e1rea municipal. El objetivo ser\u00e1 abordar las normativas vigentes que regulan las actividades de hoteler\u00eda, hospedaje y residenciales en el Municipio, en relaci\u00f3n con las condiciones destinadas a personas mayores.<\/strong><\/p>\n<p style=\"text-align: justify\">En el Proyecto de Ordenanza impulsado por la legisladora Malvina Gareca (PS) se consigna que las <strong>finalidades del programa<\/strong> son fortalecer las capacidades del personal municipal mediante capacitaciones especializadas en RBC; promover la autonom\u00eda, participaci\u00f3n y empoderamiento de las personas con discapacidad y sus familias; y generar mecanismos de articulaci\u00f3n con el Centro Provincial de Rehabilitaci\u00f3n F\u00edsica (CEPREFIS), efectores de salud, instituciones educativas, universidades y organizaciones de la sociedad civil. Asimismo, se prev\u00e9 el <strong>desarrollo de acciones de concientizaci\u00f3n y sensibilizaci\u00f3n comunitaria <\/strong>orientadas a promover los derechos de las personas con discapacidad y una cultura basada en el respeto, la inclusi\u00f3n y la accesibilidad universal.<\/p>\n<p style=\"text-align: justify\">El encuentro fue presidido por la edila Malvina Gareca (PS), quien estuvo acompa\u00f1ada por sus pares Jos\u00e9 Garc\u00eda, Jos\u00e9 Luis Arias (ambos de YP) y Gustavo Farquharson (PS).<\/p>\n","protected":false},"excerpt":{"rendered":"<p>La Comisi\u00f3n de Discapacidad del Concejo Deliberante otorg\u00f3 visto bueno a un Proyecto de Ordenanza que propone crear el Programa [&hellip;]<\/p>\n","protected":false},"author":2,"featured_media":8462,"comment_status":"closed","ping_status":"closed","sticky":false,"template":"","format":"standard","meta":{"_uag_custom_page_level_css":"","site-sidebar-layout":"default","site-content-layout":"","ast-site-content-layout":"default","site-content-style":"default","site-sidebar-style":"default","ast-global-header-display":"","ast-banner-title-visibility":"","ast-main-header-display":"","ast-hfb-above-header-display":"","ast-hfb-below-header-display":"","ast-hfb-mobile-header-display":"","site-post-title":"","ast-breadcrumbs-content":"","ast-featured-img":"","footer-sml-layout":"","ast-disable-related-posts":"","theme-transparent-header-meta":"default","adv-header-id-meta":"","stick-header-meta":"","header-above-stick-meta":"","header-main-stick-meta":"","header-below-stick-meta":"","astra-migrate-meta-layouts":"set","ast-page-background-enabled":"default","ast-page-background-meta":{"desktop":{"background-color":"var(--ast-global-color-5)","background-image":"","background-repeat":"repeat","background-position":"center center","background-size":"auto","background-attachment":"scroll","background-type":"","background-media":"","overlay-type":"","overlay-color":"","overlay-opacity":"","overlay-gradient":""},"tablet":{"background-color":"","background-image":"","background-repeat":"repeat","background-position":"center center","background-size":"auto","background-attachment":"scroll","background-type":"","background-media":"","overlay-type":"","overlay-color":"","overlay-opacity":"","overlay-gradient":""},"mobile":{"background-color":"","background-image":"","background-repeat":"repeat","background-position":"center center","background-size":"auto","background-attachment":"scroll","background-type":"","background-media":"","overlay-type":"","overlay-color":"","overlay-opacity":"","overlay-gradient":""}},"ast-content-background-meta":{"desktop":{"background-color":"var(--ast-global-color-4)","background-image":"","background-repeat":"repeat","background-position":"center center","background-size":"auto","background-attachment":"scroll","background-type":"","background-media":"","overlay-type":"","overlay-color":"","overlay-opacity":"","overlay-gradient":""},"tablet":{"background-color":"var(--ast-global-color-4)","background-image":"","background-repeat":"repeat","background-position":"center center","background-size":"auto","background-attachment":"scroll","background-type":"","background-media":"","overlay-type":"","overlay-color":"","overlay-opacity":"","overlay-gradient":""},"mobile":{"background-color":"var(--ast-global-color-4)","background-image":"","background-repeat":"repeat","background-position":"center center","background-size":"auto","background-attachment":"scroll","background-type":"","background-media":"","overlay-type":"","overlay-color":"","overlay-opacity":"","overlay-gradient":""}},"footnotes":"","_members_access_role":[],"_members_access_error":""},"categories":[1],"tags":[],"class_list":["post-8456","post","type-post","status-publish","format-standard","has-post-thumbnail","hentry","category-sin-categoria"],"uagb_featured_image_src":{"full":["https:\/\/cdsalta.gob.ar\/wp-content\/uploads\/2026\/08\/55498683352_41f3bb851d_c.jpg",799,533,false],"thumbnail":["https:\/\/cdsalta.gob.ar\/wp-content\/uploads\/2026\/08\/55498683352_41f3bb851d_c-150x150.jpg",150,150,true],"medium":["https:\/\/cdsalta.gob.ar\/wp-content\/uploads\/2026\/08\/55498683352_41f3bb851d_c-300x200.jpg",300,200,true],"medium_large":["https:\/\/cdsalta.gob.ar\/wp-content\/uploads\/2026\/08\/55498683352_41f3bb851d_c-768x512.jpg",768,512,true],"large":["https:\/\/cdsalta.gob.ar\/wp-content\/uploads\/2026\/08\/55498683352_41f3bb851d_c.jpg",799,533,false],"1536x1536":["https:\/\/cdsalta.gob.ar\/wp-content\/uploads\/2026\/08\/55498683352_41f3bb851d_c.jpg",799,533,false],"2048x2048":["https:\/\/cdsalta.gob.ar\/wp-content\/uploads\/2026\/08\/55498683352_41f3bb851d_c.jpg",799,533,false],"mailpoet_newsletter_max":["https:\/\/cdsalta.gob.ar\/wp-content\/uploads\/2026\/08\/55498683352_41f3bb851d_c.jpg",799,533,false]},"uagb_author_info":{"display_name":"Prensa","author_link":"https:\/\/cdsalta.gob.ar\/index.php\/author\/prensa\/"},"uagb_comment_info":0,"uagb_excerpt":"La Comisi\u00f3n de Discapacidad del Concejo Deliberante otorg\u00f3 visto bueno a un Proyecto de Ordenanza que propone crear el Programa [&hellip;]","_links":{"self":[{"href":"https:\/\/cdsalta.gob.ar\/index.php\/wp-json\/wp\/v2\/posts\/8456","targetHints":{"allow":["GET"]}}],"collection":[{"href":"https:\/\/cdsalta.gob.ar\/index.php\/wp-json\/wp\/v2\/posts"}],"about":[{"href":"https:\/\/cdsalta.gob.ar\/index.php\/wp-json\/wp\/v2\/types\/post"}],"author":[{"embeddable":true,"href":"https:\/\/cdsalta.gob.ar\/index.php\/wp-json\/wp\/v2\/users\/2"}],"replies":[{"embeddable":true,"href":"https:\/\/cdsalta.gob.ar\/index.php\/wp-json\/wp\/v2\/comments?post=8456"}],"version-history":[{"count":2,"href":"https:\/\/cdsalta.gob.ar\/index.php\/wp-json\/wp\/v2\/posts\/8456\/revisions"}],"predecessor-version":[{"id":8469,"href":"https:\/\/cdsalta.gob.ar\/index.php\/wp-json\/wp\/v2\/posts\/8456\/revisions\/8469"}],"wp:featuredmedia":[{"embeddable":true,"href":"https:\/\/cdsalta.gob.ar\/index.php\/wp-json\/wp\/v2\/media\/8462"}],"wp:attachment":[{"href":"https:\/\/cdsalta.gob.ar\/index.php\/wp-json\/wp\/v2\/media?parent=8456"}],"wp:term":[{"taxonomy":"category","embeddable":true,"href":"https:\/\/cdsalta.gob.ar\/index.php\/wp-json\/wp\/v2\/categories?post=8456"},{"taxonomy":"post_tag","embeddable":true,"href":"https:\/\/cdsalta.gob.ar\/index.php\/wp-json\/wp\/v2\/tags?post=8456"}],"curies":[{"name":"wp","href":"https:\/\/api.w.org\/{rel}","templated":true}]}}