{"id":8478,"date":"2026-09-01T12:44:32","date_gmt":"2026-09-01T15:44:32","guid":{"rendered":"https:\/\/cdsalta.gob.ar\/?p=8478"},"modified":"2026-09-01T12:54:33","modified_gmt":"2026-09-01T15:54:33","slug":"miembros-del-concejo-deliberante-asistiran-manana-a-la-catedral-basilica-2","status":"publish","type":"post","link":"https:\/\/cdsalta.gob.ar\/index.php\/2026\/09\/01\/miembros-del-concejo-deliberante-asistiran-manana-a-la-catedral-basilica-2\/","title":{"rendered":"<span style='font-size:16px;font-weight:normal;'>Personal y ediles participar\u00e1n de la misa de acci\u00f3n de gracias prevista para horas 7.00<\/span> <br> <span style='font-size:20px;font-weight:bold;'>Miembros del Concejo Deliberante  asistir\u00e1n ma\u00f1ana a la Catedral Bas\u00edlica<\/span>"},"content":{"rendered":"<p style=\"text-align: justify\"><strong><img loading=\"lazy\" decoding=\"async\" class=\"aligncenter size-full wp-image-8482\" src=\"https:\/\/cdsalta.gob.ar\/wp-content\/uploads\/2026\/09\/54784020126_b860fbebd8_c.jpg\" alt=\"\" width=\"800\" height=\"450\" srcset=\"https:\/\/cdsalta.gob.ar\/wp-content\/uploads\/2026\/09\/54784020126_b860fbebd8_c.jpg 800w, https:\/\/cdsalta.gob.ar\/wp-content\/uploads\/2026\/09\/54784020126_b860fbebd8_c-300x169.jpg 300w, https:\/\/cdsalta.gob.ar\/wp-content\/uploads\/2026\/09\/54784020126_b860fbebd8_c-768x432.jpg 768w\" sizes=\"auto, (max-width: 800px) 100vw, 800px\" \/>Ma\u00f1ana a horas 7.00, legisladores y personal del Concejo Deliberante capitalino asistir\u00e1n a la Catedral Bas\u00edlica de Salta. La actividad forma parte del cronograma de visitas de organismos, entidades e instituciones al Santuario del Se\u00f1or y la Virgen del Milagro, previo a la festividad central que tendr\u00e1 lugar el martes 15 de septiembre.<\/strong><\/p>\n<p style=\"text-align: justify\"><strong>El Milagro 2026 se lleva adelante bajo el lema \u201c<\/strong><strong>Se\u00f1or del Milagro, T\u00fa eres nuestra paz. Oramos para recibirla y servimos para darla<\/strong><strong>\u201d.<\/strong> Tal como sucedi\u00f3 en periodos anteriores, para el presente a\u00f1o se program\u00f3 una serie de actividades destinadas a entidades y sectores de la sociedad. <strong>El evento religioso del cual participar\u00e1n concejales y empleados del organismo legislativo forma parte de las visitas programadas que iniciaron a mediados del mes de julio del corriente a\u00f1o.<\/strong><\/p>\n<p style=\"text-align: justify\">Cabe rese\u00f1ar que <strong>la misa de acci\u00f3n de gracias iniciar\u00e1 a horas 7.00<\/strong>. Se prev\u00e9 tambi\u00e9n la participaci\u00f3n del personal de la Municipalidad de Salta y reparticiones Municipales; as\u00ed como trabajadores de Aguas del Norte CO.SA.ySa. Adem\u00e1s, participar\u00e1n representantes de la Agremiaci\u00f3n de Empleados Municipales de Salta, Asociaci\u00f3n del Personal de Organismo de Control y Uni\u00f3n Trabajadores Municipales.<\/p>\n","protected":false},"excerpt":{"rendered":"<p>Ma\u00f1ana a horas 7.00, legisladores y personal del Concejo Deliberante capitalino asistir\u00e1n a la Catedral Bas\u00edlica de Salta. La actividad [&hellip;]<\/p>\n","protected":false},"author":2,"featured_media":8482,"comment_status":"closed","ping_status":"closed","sticky":false,"template":"","format":"standard","meta":{"_uag_custom_page_level_css":"","site-sidebar-layout":"default","site-content-layout":"","ast-site-content-layout":"default","site-content-style":"default","site-sidebar-style":"default","ast-global-header-display":"","ast-banner-title-visibility":"","ast-main-header-display":"","ast-hfb-above-header-display":"","ast-hfb-below-header-display":"","ast-hfb-mobile-header-display":"","site-post-title":"","ast-breadcrumbs-content":"","ast-featured-img":"","footer-sml-layout":"","ast-disable-related-posts":"","theme-transparent-header-meta":"default","adv-header-id-meta":"","stick-header-meta":"","header-above-stick-meta":"","header-main-stick-meta":"","header-below-stick-meta":"","astra-migrate-meta-layouts":"set","ast-page-background-enabled":"default","ast-page-background-meta":{"desktop":{"background-color":"var(--ast-global-color-5)","background-image":"","background-repeat":"repeat","background-position":"center center","background-size":"auto","background-attachment":"scroll","background-type":"","background-media":"","overlay-type":"","overlay-color":"","overlay-opacity":"","overlay-gradient":""},"tablet":{"background-color":"","background-image":"","background-repeat":"repeat","background-position":"center center","background-size":"auto","background-attachment":"scroll","background-type":"","background-media":"","overlay-type":"","overlay-color":"","overlay-opacity":"","overlay-gradient":""},"mobile":{"background-color":"","background-image":"","background-repeat":"repeat","background-position":"center center","background-size":"auto","background-attachment":"scroll","background-type":"","background-media":"","overlay-type":"","overlay-color":"","overlay-opacity":"","overlay-gradient":""}},"ast-content-background-meta":{"desktop":{"background-color":"var(--ast-global-color-4)","background-image":"","background-repeat":"repeat","background-position":"center center","background-size":"auto","background-attachment":"scroll","background-type":"","background-media":"","overlay-type":"","overlay-color":"","overlay-opacity":"","overlay-gradient":""},"tablet":{"background-color":"var(--ast-global-color-4)","background-image":"","background-repeat":"repeat","background-position":"center center","background-size":"auto","background-attachment":"scroll","background-type":"","background-media":"","overlay-type":"","overlay-color":"","overlay-opacity":"","overlay-gradient":""},"mobile":{"background-color":"var(--ast-global-color-4)","background-image":"","background-repeat":"repeat","background-position":"center center","background-size":"auto","background-attachment":"scroll","background-type":"","background-media":"","overlay-type":"","overlay-color":"","overlay-opacity":"","overlay-gradient":""}},"footnotes":"","_members_access_role":[],"_members_access_error":""},"categories":[1],"tags":[],"class_list":["post-8478","post","type-post","status-publish","format-standard","has-post-thumbnail","hentry","category-sin-categoria"],"uagb_featured_image_src":{"full":["https:\/\/cdsalta.gob.ar\/wp-content\/uploads\/2026\/09\/54784020126_b860fbebd8_c.jpg",800,450,false],"thumbnail":["https:\/\/cdsalta.gob.ar\/wp-content\/uploads\/2026\/09\/54784020126_b860fbebd8_c-150x150.jpg",150,150,true],"medium":["https:\/\/cdsalta.gob.ar\/wp-content\/uploads\/2026\/09\/54784020126_b860fbebd8_c-300x169.jpg",300,169,true],"medium_large":["https:\/\/cdsalta.gob.ar\/wp-content\/uploads\/2026\/09\/54784020126_b860fbebd8_c-768x432.jpg",768,432,true],"large":["https:\/\/cdsalta.gob.ar\/wp-content\/uploads\/2026\/09\/54784020126_b860fbebd8_c.jpg",800,450,false],"1536x1536":["https:\/\/cdsalta.gob.ar\/wp-content\/uploads\/2026\/09\/54784020126_b860fbebd8_c.jpg",800,450,false],"2048x2048":["https:\/\/cdsalta.gob.ar\/wp-content\/uploads\/2026\/09\/54784020126_b860fbebd8_c.jpg",800,450,false],"mailpoet_newsletter_max":["https:\/\/cdsalta.gob.ar\/wp-content\/uploads\/2026\/09\/54784020126_b860fbebd8_c.jpg",800,450,false]},"uagb_author_info":{"display_name":"Prensa","author_link":"https:\/\/cdsalta.gob.ar\/index.php\/author\/prensa\/"},"uagb_comment_info":0,"uagb_excerpt":"Ma\u00f1ana a horas 7.00, legisladores y personal del Concejo Deliberante capitalino asistir\u00e1n a la Catedral Bas\u00edlica de Salta. La actividad [&hellip;]","_links":{"self":[{"href":"https:\/\/cdsalta.gob.ar\/index.php\/wp-json\/wp\/v2\/posts\/8478","targetHints":{"allow":["GET"]}}],"collection":[{"href":"https:\/\/cdsalta.gob.ar\/index.php\/wp-json\/wp\/v2\/posts"}],"about":[{"href":"https:\/\/cdsalta.gob.ar\/index.php\/wp-json\/wp\/v2\/types\/post"}],"author":[{"embeddable":true,"href":"https:\/\/cdsalta.gob.ar\/index.php\/wp-json\/wp\/v2\/users\/2"}],"replies":[{"embeddable":true,"href":"https:\/\/cdsalta.gob.ar\/index.php\/wp-json\/wp\/v2\/comments?post=8478"}],"version-history":[{"count":2,"href":"https:\/\/cdsalta.gob.ar\/index.php\/wp-json\/wp\/v2\/posts\/8478\/revisions"}],"predecessor-version":[{"id":8491,"href":"https:\/\/cdsalta.gob.ar\/index.php\/wp-json\/wp\/v2\/posts\/8478\/revisions\/8491"}],"wp:featuredmedia":[{"embeddable":true,"href":"https:\/\/cdsalta.gob.ar\/index.php\/wp-json\/wp\/v2\/media\/8482"}],"wp:attachment":[{"href":"https:\/\/cdsalta.gob.ar\/index.php\/wp-json\/wp\/v2\/media?parent=8478"}],"wp:term":[{"taxonomy":"category","embeddable":true,"href":"https:\/\/cdsalta.gob.ar\/index.php\/wp-json\/wp\/v2\/categories?post=8478"},{"taxonomy":"post_tag","embeddable":true,"href":"https:\/\/cdsalta.gob.ar\/index.php\/wp-json\/wp\/v2\/tags?post=8478"}],"curies":[{"name":"wp","href":"https:\/\/api.w.org\/{rel}","templated":true}]}}