{"id":8479,"date":"2026-09-01T12:44:36","date_gmt":"2026-09-01T15:44:36","guid":{"rendered":"https:\/\/cdsalta.gob.ar\/?p=8479"},"modified":"2026-09-01T12:44:36","modified_gmt":"2026-09-01T15:44:36","slug":"se-llevo-a-cabo-una-reunion-de-la-comision-de-hacienda","status":"publish","type":"post","link":"https:\/\/cdsalta.gob.ar\/index.php\/2026\/09\/01\/se-llevo-a-cabo-una-reunion-de-la-comision-de-hacienda\/","title":{"rendered":"<span style='font-size:16px;font-weight:normal;'>Pedidos de condonaciones de deudas recibieron visto bueno<\/span> <br> <span style='font-size:20px;font-weight:bold;'>Se llev\u00f3 a cabo una reuni\u00f3n de la Comisi\u00f3n de Hacienda<\/span>"},"content":{"rendered":"<p style=\"text-align: justify\"><strong><img loading=\"lazy\" decoding=\"async\" class=\"aligncenter size-full wp-image-8484\" src=\"https:\/\/cdsalta.gob.ar\/wp-content\/uploads\/2026\/09\/55501978536_2ab9001a61_c.jpg\" alt=\"\" width=\"799\" height=\"533\" srcset=\"https:\/\/cdsalta.gob.ar\/wp-content\/uploads\/2026\/09\/55501978536_2ab9001a61_c.jpg 799w, https:\/\/cdsalta.gob.ar\/wp-content\/uploads\/2026\/09\/55501978536_2ab9001a61_c-300x200.jpg 300w, https:\/\/cdsalta.gob.ar\/wp-content\/uploads\/2026\/09\/55501978536_2ab9001a61_c-768x512.jpg 768w\" sizes=\"auto, (max-width: 799px) 100vw, 799px\" \/>Esta ma\u00f1ana se desarroll\u00f3 una nueva reuni\u00f3n de la Comisi\u00f3n de Hacienda, Presupuesto y Cuentas. Los ediles que integran el espacio otorgaron visto bueno a pedidos de condonaciones de deudas impositivas. Los expedientes est\u00e1n vinculados a solicitudes de condonaciones de deudas referidas al Impuesto Automotor, la Tasa General de Inmuebles, el Impuesto Inmobiliario y la Tasa de Protecci\u00f3n de Personas y Bienes.<\/strong><\/p>\n<p style=\"text-align: justify\">En primer lugar, los concejales otorgaron visto bueno a cuatro pedidos de condonaci\u00f3n de deuda solicitados por particulares, al contar con el certificado de discapacidad correspondiente y\/o acreditar su situaci\u00f3n de salud. El requerimiento est\u00e1 vinculado al <strong>Impuesto Automotor<\/strong>.<\/p>\n<p style=\"text-align: justify\">Finalmente, a instancias de una presentaci\u00f3n realizada por una entidad de la ciudad, dictaminaron a favor de un expediente relacionado a la <strong>Tasa General de Inmuebles, el Impuesto Inmobiliario y la Tasa de Protecci\u00f3n de Personas y Bienes.<\/strong><\/p>\n<p style=\"text-align: justify\">La reuni\u00f3n de la fecha fue encabezada por la edila Camila Lobo, quien estuvo acompa\u00f1ada por sus pares Eliana Chuchuy, Gustavo Farquharson (todos de PS), Gonzalo Nieva (J), Laura Garc\u00eda (VS), Agustina \u00c1lvarez Eichele y Florencia Le\u00f3n (ambas de LLA).<\/p>\n","protected":false},"excerpt":{"rendered":"<p>Esta ma\u00f1ana se desarroll\u00f3 una nueva reuni\u00f3n de la Comisi\u00f3n de Hacienda, Presupuesto y Cuentas. Los ediles que integran el [&hellip;]<\/p>\n","protected":false},"author":2,"featured_media":8484,"comment_status":"closed","ping_status":"closed","sticky":false,"template":"","format":"standard","meta":{"_uag_custom_page_level_css":"","site-sidebar-layout":"default","site-content-layout":"","ast-site-content-layout":"default","site-content-style":"default","site-sidebar-style":"default","ast-global-header-display":"","ast-banner-title-visibility":"","ast-main-header-display":"","ast-hfb-above-header-display":"","ast-hfb-below-header-display":"","ast-hfb-mobile-header-display":"","site-post-title":"","ast-breadcrumbs-content":"","ast-featured-img":"","footer-sml-layout":"","ast-disable-related-posts":"","theme-transparent-header-meta":"default","adv-header-id-meta":"","stick-header-meta":"","header-above-stick-meta":"","header-main-stick-meta":"","header-below-stick-meta":"","astra-migrate-meta-layouts":"set","ast-page-background-enabled":"default","ast-page-background-meta":{"desktop":{"background-color":"var(--ast-global-color-5)","background-image":"","background-repeat":"repeat","background-position":"center center","background-size":"auto","background-attachment":"scroll","background-type":"","background-media":"","overlay-type":"","overlay-color":"","overlay-opacity":"","overlay-gradient":""},"tablet":{"background-color":"","background-image":"","background-repeat":"repeat","background-position":"center center","background-size":"auto","background-attachment":"scroll","background-type":"","background-media":"","overlay-type":"","overlay-color":"","overlay-opacity":"","overlay-gradient":""},"mobile":{"background-color":"","background-image":"","background-repeat":"repeat","background-position":"center center","background-size":"auto","background-attachment":"scroll","background-type":"","background-media":"","overlay-type":"","overlay-color":"","overlay-opacity":"","overlay-gradient":""}},"ast-content-background-meta":{"desktop":{"background-color":"var(--ast-global-color-4)","background-image":"","background-repeat":"repeat","background-position":"center center","background-size":"auto","background-attachment":"scroll","background-type":"","background-media":"","overlay-type":"","overlay-color":"","overlay-opacity":"","overlay-gradient":""},"tablet":{"background-color":"var(--ast-global-color-4)","background-image":"","background-repeat":"repeat","background-position":"center center","background-size":"auto","background-attachment":"scroll","background-type":"","background-media":"","overlay-type":"","overlay-color":"","overlay-opacity":"","overlay-gradient":""},"mobile":{"background-color":"var(--ast-global-color-4)","background-image":"","background-repeat":"repeat","background-position":"center center","background-size":"auto","background-attachment":"scroll","background-type":"","background-media":"","overlay-type":"","overlay-color":"","overlay-opacity":"","overlay-gradient":""}},"footnotes":"","_members_access_role":[],"_members_access_error":""},"categories":[1],"tags":[],"class_list":["post-8479","post","type-post","status-publish","format-standard","has-post-thumbnail","hentry","category-sin-categoria"],"uagb_featured_image_src":{"full":["https:\/\/cdsalta.gob.ar\/wp-content\/uploads\/2026\/09\/55501978536_2ab9001a61_c.jpg",799,533,false],"thumbnail":["https:\/\/cdsalta.gob.ar\/wp-content\/uploads\/2026\/09\/55501978536_2ab9001a61_c-150x150.jpg",150,150,true],"medium":["https:\/\/cdsalta.gob.ar\/wp-content\/uploads\/2026\/09\/55501978536_2ab9001a61_c-300x200.jpg",300,200,true],"medium_large":["https:\/\/cdsalta.gob.ar\/wp-content\/uploads\/2026\/09\/55501978536_2ab9001a61_c-768x512.jpg",768,512,true],"large":["https:\/\/cdsalta.gob.ar\/wp-content\/uploads\/2026\/09\/55501978536_2ab9001a61_c.jpg",799,533,false],"1536x1536":["https:\/\/cdsalta.gob.ar\/wp-content\/uploads\/2026\/09\/55501978536_2ab9001a61_c.jpg",799,533,false],"2048x2048":["https:\/\/cdsalta.gob.ar\/wp-content\/uploads\/2026\/09\/55501978536_2ab9001a61_c.jpg",799,533,false],"mailpoet_newsletter_max":["https:\/\/cdsalta.gob.ar\/wp-content\/uploads\/2026\/09\/55501978536_2ab9001a61_c.jpg",799,533,false]},"uagb_author_info":{"display_name":"Prensa","author_link":"https:\/\/cdsalta.gob.ar\/index.php\/author\/prensa\/"},"uagb_comment_info":0,"uagb_excerpt":"Esta ma\u00f1ana se desarroll\u00f3 una nueva reuni\u00f3n de la Comisi\u00f3n de Hacienda, Presupuesto y Cuentas. Los ediles que integran el [&hellip;]","_links":{"self":[{"href":"https:\/\/cdsalta.gob.ar\/index.php\/wp-json\/wp\/v2\/posts\/8479","targetHints":{"allow":["GET"]}}],"collection":[{"href":"https:\/\/cdsalta.gob.ar\/index.php\/wp-json\/wp\/v2\/posts"}],"about":[{"href":"https:\/\/cdsalta.gob.ar\/index.php\/wp-json\/wp\/v2\/types\/post"}],"author":[{"embeddable":true,"href":"https:\/\/cdsalta.gob.ar\/index.php\/wp-json\/wp\/v2\/users\/2"}],"replies":[{"embeddable":true,"href":"https:\/\/cdsalta.gob.ar\/index.php\/wp-json\/wp\/v2\/comments?post=8479"}],"version-history":[{"count":1,"href":"https:\/\/cdsalta.gob.ar\/index.php\/wp-json\/wp\/v2\/posts\/8479\/revisions"}],"predecessor-version":[{"id":8487,"href":"https:\/\/cdsalta.gob.ar\/index.php\/wp-json\/wp\/v2\/posts\/8479\/revisions\/8487"}],"wp:featuredmedia":[{"embeddable":true,"href":"https:\/\/cdsalta.gob.ar\/index.php\/wp-json\/wp\/v2\/media\/8484"}],"wp:attachment":[{"href":"https:\/\/cdsalta.gob.ar\/index.php\/wp-json\/wp\/v2\/media?parent=8479"}],"wp:term":[{"taxonomy":"category","embeddable":true,"href":"https:\/\/cdsalta.gob.ar\/index.php\/wp-json\/wp\/v2\/categories?post=8479"},{"taxonomy":"post_tag","embeddable":true,"href":"https:\/\/cdsalta.gob.ar\/index.php\/wp-json\/wp\/v2\/tags?post=8479"}],"curies":[{"name":"wp","href":"https:\/\/api.w.org\/{rel}","templated":true}]}}