{"id":8492,"date":"2026-09-01T18:57:14","date_gmt":"2026-09-01T21:57:14","guid":{"rendered":"https:\/\/cdsalta.gob.ar\/?p=8492"},"modified":"2026-09-01T18:57:14","modified_gmt":"2026-09-01T21:57:14","slug":"temas-a-abordar-en-la-sesion-ordinaria-a-realizarse-manana-43","status":"publish","type":"post","link":"https:\/\/cdsalta.gob.ar\/index.php\/2026\/09\/01\/temas-a-abordar-en-la-sesion-ordinaria-a-realizarse-manana-43\/","title":{"rendered":"<span style='font-size:16px;font-weight:normal;'>A horas 16.00, en el Recinto de Deliberaciones<\/span> <br> <span style='font-size:20px;font-weight:bold;'>Temas a abordar en la Sesi\u00f3n  Ordinaria a realizarse ma\u00f1ana<\/span>"},"content":{"rendered":"<p style=\"text-align: justify\"><strong><img loading=\"lazy\" decoding=\"async\" class=\"aligncenter size-full wp-image-8389\" src=\"https:\/\/cdsalta.gob.ar\/wp-content\/uploads\/2026\/08\/55490374503_3e5eef9e23_c.jpg\" alt=\"\" width=\"799\" height=\"533\" srcset=\"https:\/\/cdsalta.gob.ar\/wp-content\/uploads\/2026\/08\/55490374503_3e5eef9e23_c.jpg 799w, https:\/\/cdsalta.gob.ar\/wp-content\/uploads\/2026\/08\/55490374503_3e5eef9e23_c-300x200.jpg 300w, https:\/\/cdsalta.gob.ar\/wp-content\/uploads\/2026\/08\/55490374503_3e5eef9e23_c-768x512.jpg 768w\" sizes=\"auto, (max-width: 799px) 100vw, 799px\" \/>Ma\u00f1ana, a horas 16.00, se llevar\u00e1 a cabo una nueva Sesi\u00f3n Ordinaria del presente periodo legislativo. La misma ser\u00e1 encabezada por el titular del CD, Dar\u00edo Madile. <\/strong><\/p>\n<p style=\"text-align: justify\"><strong>Durante el desarrollo de la Sesi\u00f3n, los ediles dar\u00e1n tratamiento a 10 Proyectos legislativos con dict\u00e1menes correspondientes, los que fueron incluidos en el Orden del D\u00eda elaborado hoy por la Comisi\u00f3n de Labor Parlamentaria. <\/strong><\/p>\n<p style=\"text-align: justify\"><strong>Periodistas y p\u00fablico en general podr\u00e1n acceder a una transmisi\u00f3n en vivo y realizar un seguimiento de la Sesi\u00f3n mediante el link http:\/\/www.cdsalta.gob.ar, as\u00ed como por la p\u00e1gina de Facebook y el canal de YouTube de la instituci\u00f3n legislativa. Tambi\u00e9n pueden realizar la cobertura de forma presencial en los palcos y la oficina de prensa del CD.<\/strong><\/p>\n<p style=\"text-align: justify\">En el desarrollo de la Sesi\u00f3n Ordinaria, los concejales analizaran dos Proyectos de Resoluci\u00f3n que ponen en valor actividades que se realizan en la ciudad. Uno de ellos propone <strong>destacar<\/strong> <strong>la campa\u00f1a \u201cSoledad Cero\u201d<\/strong>, organizada por el grupo Vo.S A.Ma.S. (Voluntariado Social de Adultos Mayores de Salta), como ejemplo de solidaridad, contenci\u00f3n y acompa\u00f1amiento para mejorar la calidad de vida de las personas mayores de la ciudad de Salta. El restante busca d<strong>eclarar de Inter\u00e9s Municipal<\/strong> <strong>los desaf\u00edos deportivos que organiza la comunidad \u201cLos que hacen\u201d<\/strong>, con base operativa en el Centro Deportivo Zona 4 de la ciudad de Salta, en reconocimiento a su compromiso con la promoci\u00f3n del deporte, la solidaridad y la transformaci\u00f3n de causas sociales.<\/p>\n<p style=\"text-align: justify\">Se agrega una iniciativa que solicita al DEM intervenciones en sectores de los barrios El Mirador, El Huaico II y Bancario, adem\u00e1s de una zona del macrocentro. Entre otros puntos, se solicita la <strong>reparaci\u00f3n y puesta en funcionamiento de los reflectores<\/strong> del play\u00f3n deportivo ubicado en calle Amaro Mor\u00f3n Gim\u00e9nez esquina Elisa L\u00f3pez de Val; el <strong>recambio de luminarias<\/strong> en una plaza de barrio El Huaico II; la <strong>instalaci\u00f3n de iluminaci\u00f3n LED<\/strong> en la plaza ubicada en calle Los Horneros y Las Charatas del barrio Bancario; y trabajos en pasaje Lorenzo Maur\u00edn, entre calles Dr. Luis G\u00fcemes y Luis Patr\u00f3n Costas.<\/p>\n<p style=\"text-align: justify\">En el temario tambi\u00e9n se encuentra un Proyecto de Resoluci\u00f3n que solicita al Departamento Ejecutivo Municipal <strong>una serie de acciones en distintas calles del barrio San Jos\u00e9<\/strong>. Los pedidos incluyen la reparaci\u00f3n, sustituci\u00f3n e instalaci\u00f3n de luminarias con tecnolog\u00eda LED, as\u00ed como la instalaci\u00f3n de sem\u00e1foros y reductores de velocidad, con la demarcaci\u00f3n y se\u00f1alizaci\u00f3n horizontal y vertical correspondientes.<\/p>\n<p style=\"text-align: justify\">Se suma un Proyecto de Resoluci\u00f3n que requiere al DEM la <strong>instalaci\u00f3n de carteles nomencladores<\/strong> con nombre, numeraci\u00f3n y sentido de circulaci\u00f3n en calle Lorenzo Maur\u00edn, entre calles Doctor Luis G\u00fcemes y Luis Patr\u00f3n Costas, de Villa Luj\u00e1n.<\/p>\n<p style=\"text-align: justify\">Las restantes iniciativas <strong>dan respuesta a pedidos de condonaci\u00f3n de deudas realizados por vecinos de la ciudad<\/strong>, vinculados a la Tasa General de Inmuebles, el Impuesto Inmobiliario, el Impuesto Automotor, la Tasa de Protecci\u00f3n de Personas y Bienes y la Tasa de Uso de Nicho.<\/p>\n","protected":false},"excerpt":{"rendered":"<p>Ma\u00f1ana, a horas 16.00, se llevar\u00e1 a cabo una nueva Sesi\u00f3n Ordinaria del presente periodo legislativo. La misma ser\u00e1 encabezada [&hellip;]<\/p>\n","protected":false},"author":2,"featured_media":8389,"comment_status":"closed","ping_status":"closed","sticky":false,"template":"","format":"standard","meta":{"_uag_custom_page_level_css":"","site-sidebar-layout":"default","site-content-layout":"","ast-site-content-layout":"default","site-content-style":"default","site-sidebar-style":"default","ast-global-header-display":"","ast-banner-title-visibility":"","ast-main-header-display":"","ast-hfb-above-header-display":"","ast-hfb-below-header-display":"","ast-hfb-mobile-header-display":"","site-post-title":"","ast-breadcrumbs-content":"","ast-featured-img":"","footer-sml-layout":"","ast-disable-related-posts":"","theme-transparent-header-meta":"default","adv-header-id-meta":"","stick-header-meta":"","header-above-stick-meta":"","header-main-stick-meta":"","header-below-stick-meta":"","astra-migrate-meta-layouts":"set","ast-page-background-enabled":"default","ast-page-background-meta":{"desktop":{"background-color":"var(--ast-global-color-5)","background-image":"","background-repeat":"repeat","background-position":"center center","background-size":"auto","background-attachment":"scroll","background-type":"","background-media":"","overlay-type":"","overlay-color":"","overlay-opacity":"","overlay-gradient":""},"tablet":{"background-color":"","background-image":"","background-repeat":"repeat","background-position":"center center","background-size":"auto","background-attachment":"scroll","background-type":"","background-media":"","overlay-type":"","overlay-color":"","overlay-opacity":"","overlay-gradient":""},"mobile":{"background-color":"","background-image":"","background-repeat":"repeat","background-position":"center center","background-size":"auto","background-attachment":"scroll","background-type":"","background-media":"","overlay-type":"","overlay-color":"","overlay-opacity":"","overlay-gradient":""}},"ast-content-background-meta":{"desktop":{"background-color":"var(--ast-global-color-4)","background-image":"","background-repeat":"repeat","background-position":"center center","background-size":"auto","background-attachment":"scroll","background-type":"","background-media":"","overlay-type":"","overlay-color":"","overlay-opacity":"","overlay-gradient":""},"tablet":{"background-color":"var(--ast-global-color-4)","background-image":"","background-repeat":"repeat","background-position":"center center","background-size":"auto","background-attachment":"scroll","background-type":"","background-media":"","overlay-type":"","overlay-color":"","overlay-opacity":"","overlay-gradient":""},"mobile":{"background-color":"var(--ast-global-color-4)","background-image":"","background-repeat":"repeat","background-position":"center center","background-size":"auto","background-attachment":"scroll","background-type":"","background-media":"","overlay-type":"","overlay-color":"","overlay-opacity":"","overlay-gradient":""}},"footnotes":"","_members_access_role":[],"_members_access_error":""},"categories":[1],"tags":[],"class_list":["post-8492","post","type-post","status-publish","format-standard","has-post-thumbnail","hentry","category-sin-categoria"],"uagb_featured_image_src":{"full":["https:\/\/cdsalta.gob.ar\/wp-content\/uploads\/2026\/08\/55490374503_3e5eef9e23_c.jpg",799,533,false],"thumbnail":["https:\/\/cdsalta.gob.ar\/wp-content\/uploads\/2026\/08\/55490374503_3e5eef9e23_c-150x150.jpg",150,150,true],"medium":["https:\/\/cdsalta.gob.ar\/wp-content\/uploads\/2026\/08\/55490374503_3e5eef9e23_c-300x200.jpg",300,200,true],"medium_large":["https:\/\/cdsalta.gob.ar\/wp-content\/uploads\/2026\/08\/55490374503_3e5eef9e23_c-768x512.jpg",768,512,true],"large":["https:\/\/cdsalta.gob.ar\/wp-content\/uploads\/2026\/08\/55490374503_3e5eef9e23_c.jpg",799,533,false],"1536x1536":["https:\/\/cdsalta.gob.ar\/wp-content\/uploads\/2026\/08\/55490374503_3e5eef9e23_c.jpg",799,533,false],"2048x2048":["https:\/\/cdsalta.gob.ar\/wp-content\/uploads\/2026\/08\/55490374503_3e5eef9e23_c.jpg",799,533,false],"mailpoet_newsletter_max":["https:\/\/cdsalta.gob.ar\/wp-content\/uploads\/2026\/08\/55490374503_3e5eef9e23_c.jpg",799,533,false]},"uagb_author_info":{"display_name":"Prensa","author_link":"https:\/\/cdsalta.gob.ar\/index.php\/author\/prensa\/"},"uagb_comment_info":0,"uagb_excerpt":"Ma\u00f1ana, a horas 16.00, se llevar\u00e1 a cabo una nueva Sesi\u00f3n Ordinaria del presente periodo legislativo. La misma ser\u00e1 encabezada [&hellip;]","_links":{"self":[{"href":"https:\/\/cdsalta.gob.ar\/index.php\/wp-json\/wp\/v2\/posts\/8492","targetHints":{"allow":["GET"]}}],"collection":[{"href":"https:\/\/cdsalta.gob.ar\/index.php\/wp-json\/wp\/v2\/posts"}],"about":[{"href":"https:\/\/cdsalta.gob.ar\/index.php\/wp-json\/wp\/v2\/types\/post"}],"author":[{"embeddable":true,"href":"https:\/\/cdsalta.gob.ar\/index.php\/wp-json\/wp\/v2\/users\/2"}],"replies":[{"embeddable":true,"href":"https:\/\/cdsalta.gob.ar\/index.php\/wp-json\/wp\/v2\/comments?post=8492"}],"version-history":[{"count":1,"href":"https:\/\/cdsalta.gob.ar\/index.php\/wp-json\/wp\/v2\/posts\/8492\/revisions"}],"predecessor-version":[{"id":8493,"href":"https:\/\/cdsalta.gob.ar\/index.php\/wp-json\/wp\/v2\/posts\/8492\/revisions\/8493"}],"wp:featuredmedia":[{"embeddable":true,"href":"https:\/\/cdsalta.gob.ar\/index.php\/wp-json\/wp\/v2\/media\/8389"}],"wp:attachment":[{"href":"https:\/\/cdsalta.gob.ar\/index.php\/wp-json\/wp\/v2\/media?parent=8492"}],"wp:term":[{"taxonomy":"category","embeddable":true,"href":"https:\/\/cdsalta.gob.ar\/index.php\/wp-json\/wp\/v2\/categories?post=8492"},{"taxonomy":"post_tag","embeddable":true,"href":"https:\/\/cdsalta.gob.ar\/index.php\/wp-json\/wp\/v2\/tags?post=8492"}],"curies":[{"name":"wp","href":"https:\/\/api.w.org\/{rel}","templated":true}]}}