{"id":8501,"date":"2026-09-02T12:51:33","date_gmt":"2026-09-02T15:51:33","guid":{"rendered":"https:\/\/cdsalta.gob.ar\/?p=8501"},"modified":"2026-09-02T12:51:33","modified_gmt":"2026-09-02T15:51:33","slug":"el-titular-del-cd-y-ediles-participaron-de-la-apertura-del-1-congreso-provincial-de-centros-vecinales","status":"publish","type":"post","link":"https:\/\/cdsalta.gob.ar\/index.php\/2026\/09\/02\/el-titular-del-cd-y-ediles-participaron-de-la-apertura-del-1-congreso-provincial-de-centros-vecinales\/","title":{"rendered":"<span style='font-size:16px;font-weight:normal;'>Se hizo entrega de un reconocimiento a la realizaci\u00f3n de la actividad<\/span> <br> <span style='font-size:20px;font-weight:bold;'>El titular del CD y ediles participaron de la apertura del 1\u00b0 Congreso Provincial de Centros Vecinales<\/span>"},"content":{"rendered":"<p style=\"text-align: justify\"><strong><img loading=\"lazy\" decoding=\"async\" class=\"aligncenter size-full wp-image-8507\" src=\"https:\/\/cdsalta.gob.ar\/wp-content\/uploads\/2026\/09\/55504436400_f8b4126aa9_c.jpg\" alt=\"\" width=\"800\" height=\"600\" srcset=\"https:\/\/cdsalta.gob.ar\/wp-content\/uploads\/2026\/09\/55504436400_f8b4126aa9_c.jpg 800w, https:\/\/cdsalta.gob.ar\/wp-content\/uploads\/2026\/09\/55504436400_f8b4126aa9_c-300x225.jpg 300w, https:\/\/cdsalta.gob.ar\/wp-content\/uploads\/2026\/09\/55504436400_f8b4126aa9_c-768x576.jpg 768w\" sizes=\"auto, (max-width: 800px) 100vw, 800px\" \/>En el Centro Vecinal de Villa Cristina se realiz\u00f3 esta ma\u00f1ana el 1\u00ba Congreso Provincial de Centros Vecinales de Salta, organizado por la Red de Centros Vecinales de la Provincia de Salta. La apertura estuvo encabezada por el presidente del Concejo Deliberante, Dar\u00edo Madile, junto a los representantes de la entidad organizadora, Abel Moya y Daniel Ju\u00e1rez. Tambi\u00e9n estuvieron presentes concejales de distintas bancadas.<\/strong><\/p>\n<p style=\"text-align: justify\"><strong>En la oportunidad, se hizo entrega de una placa recordatoria y de copia de la Resoluci\u00f3n N.\u00b0 341 del CD, mediante la cual se declar\u00f3 de Inter\u00e9s Municipal la realizaci\u00f3n del Congreso. Tambi\u00e9n se dio lectura a la Ordenanza N.\u00b0 16.578, que establece el 24 de agosto de cada a\u00f1o como \u201cD\u00eda del Vecinalismo\u201d en el \u00e1mbito de la ciudad de Salta.<\/strong><\/p>\n<p style=\"text-align: justify\"><strong>Al hacer uso de la palabra, el presidente del Concejo Deliberante, Dar\u00edo Madile, expres\u00f3 sobre la realizaci\u00f3n del congreso: \u201cEs una oportunidad hist\u00f3rica que tenemos. Es el primer Congreso que se hace en Salta y somos parte de eso. Todos los que estamos ac\u00e1 somos parte de esta historia. No dejemos que la historia quede en la nada, sino empecemos a construir todos juntos para tener no solo un vecinalismo m\u00e1s fuerte, sino una Salta mejor\u201d. Asimismo, resalt\u00f3 la importancia de las capacitaciones: \u201cNecesitamos esta clase de congresos, esta clase de capacitaciones, para tener una mirada distinta en lo que es el vecinalismo\u201d. Y agreg\u00f3: \u201cSi no fortalecemos las bases, si no fortalecemos los centros vecinales, que es el eslab\u00f3n m\u00e1s b\u00e1sico de representatividad, es el primer contacto real con el vecino; va a ser imposible gestionar una participaci\u00f3n ciudadana\u201d.<\/strong><\/p>\n<p style=\"text-align: justify\">Por su parte, <strong>Daniel Ju\u00e1rez<\/strong> destac\u00f3 la responsabilidad que implica representar a los vecinos y llam\u00f3 a recuperar el esp\u00edritu vecinalista, basado en el compromiso, los valores y la vocaci\u00f3n de servicio. \u201c<strong>Ser dirigente vecinal no es un t\u00edtulo, es una responsabilidad<\/strong>\u201d, afirm\u00f3, y sostuvo que la confianza de los vecinos se recupera \u201ccon valores, con equidad, con compromiso y con el ejemplo\u201d.<\/p>\n<p style=\"text-align: justify\">En tanto, <strong>Abel Moya<\/strong> <strong>puso de relieve el proceso de organizaci\u00f3n que permiti\u00f3 concretar el Congreso <\/strong>y destac\u00f3 la necesidad de contar con instituciones vecinales s\u00f3lidas, capacitadas y regularizadas. En este sentido, <strong>se\u00f1al\u00f3 la importancia de avanzar en la normalizaci\u00f3n de los centros vecinales<\/strong> y promover la participaci\u00f3n de los j\u00f3venes y la renovaci\u00f3n de las dirigencias.<\/p>\n<p style=\"text-align: justify\">Durante el acto tambi\u00e9n se dio <strong>lectura a la<\/strong> <strong>Ordenanza N.\u00b0 16.578<\/strong>, que establece el <strong>24 de agosto de cada a\u00f1o como \u201cD\u00eda del Vecinalismo\u201d<\/strong> en el \u00e1mbito de la ciudad de Salta, en reconocimiento a la labor social, comunitaria y participativa que desarrollan los centros vecinales y organizaciones barriales. Posteriormente, el concejal <strong>Jos\u00e9 Garc\u00eda (YP)<\/strong>, impulsor de la iniciativa, y ediles <strong>hicieron entrega de una copia de la norma<\/strong> a referentes vecinales.<\/p>\n<p style=\"text-align: justify\">Asimismo, se realiz\u00f3 un <strong>reconocimiento post mortem a la trayectoria de Teresa Ju\u00e1rez<\/strong>, dirigente vecinal, destacando su compromiso y aporte a la comunidad vecinalista. La distinci\u00f3n fue recibida por sus familiares.<\/p>\n<p style=\"text-align: justify\">La actividad convoc\u00f3 a autoridades y representantes de distintos puntos de la provincia con el prop\u00f3sito de <strong>fortalecer el vecinalismo organizado, promover el intercambio de experiencias e impulsar una agenda com\u00fan<\/strong>. Entre los ejes previstos para el Congreso se encuentran la regularizaci\u00f3n contable y patrimonial ante la Inspecci\u00f3n General de Personas Jur\u00eddicas (IGPJ), la infraestructura para el deporte, la formaci\u00f3n laboral, la vinculaci\u00f3n con centros de acceso a la justicia y la participaci\u00f3n de la juventud en la vida democr\u00e1tica, a trav\u00e9s del presupuesto participativo y el an\u00e1lisis del marco normativo vigente.<\/p>\n<p style=\"text-align: justify\">De la actividad tambi\u00e9n participaron los concejales Laura Garc\u00eda (VS), David Leiva (MM), Malvina Gareca (PC) y Jos\u00e9 Luis Arias (YP), junto a autoridades del Ejecutivo Provincial y Municipal, y representantes de los distintos centros vecinales de nuestra ciudad.<\/p>\n","protected":false},"excerpt":{"rendered":"<p>En el Centro Vecinal de Villa Cristina se realiz\u00f3 esta ma\u00f1ana el 1\u00ba Congreso Provincial de Centros Vecinales de Salta, [&hellip;]<\/p>\n","protected":false},"author":2,"featured_media":8507,"comment_status":"closed","ping_status":"closed","sticky":false,"template":"","format":"standard","meta":{"_uag_custom_page_level_css":"","site-sidebar-layout":"default","site-content-layout":"","ast-site-content-layout":"default","site-content-style":"default","site-sidebar-style":"default","ast-global-header-display":"","ast-banner-title-visibility":"","ast-main-header-display":"","ast-hfb-above-header-display":"","ast-hfb-below-header-display":"","ast-hfb-mobile-header-display":"","site-post-title":"","ast-breadcrumbs-content":"","ast-featured-img":"","footer-sml-layout":"","ast-disable-related-posts":"","theme-transparent-header-meta":"default","adv-header-id-meta":"","stick-header-meta":"","header-above-stick-meta":"","header-main-stick-meta":"","header-below-stick-meta":"","astra-migrate-meta-layouts":"set","ast-page-background-enabled":"default","ast-page-background-meta":{"desktop":{"background-color":"var(--ast-global-color-5)","background-image":"","background-repeat":"repeat","background-position":"center center","background-size":"auto","background-attachment":"scroll","background-type":"","background-media":"","overlay-type":"","overlay-color":"","overlay-opacity":"","overlay-gradient":""},"tablet":{"background-color":"","background-image":"","background-repeat":"repeat","background-position":"center center","background-size":"auto","background-attachment":"scroll","background-type":"","background-media":"","overlay-type":"","overlay-color":"","overlay-opacity":"","overlay-gradient":""},"mobile":{"background-color":"","background-image":"","background-repeat":"repeat","background-position":"center center","background-size":"auto","background-attachment":"scroll","background-type":"","background-media":"","overlay-type":"","overlay-color":"","overlay-opacity":"","overlay-gradient":""}},"ast-content-background-meta":{"desktop":{"background-color":"var(--ast-global-color-4)","background-image":"","background-repeat":"repeat","background-position":"center center","background-size":"auto","background-attachment":"scroll","background-type":"","background-media":"","overlay-type":"","overlay-color":"","overlay-opacity":"","overlay-gradient":""},"tablet":{"background-color":"var(--ast-global-color-4)","background-image":"","background-repeat":"repeat","background-position":"center center","background-size":"auto","background-attachment":"scroll","background-type":"","background-media":"","overlay-type":"","overlay-color":"","overlay-opacity":"","overlay-gradient":""},"mobile":{"background-color":"var(--ast-global-color-4)","background-image":"","background-repeat":"repeat","background-position":"center center","background-size":"auto","background-attachment":"scroll","background-type":"","background-media":"","overlay-type":"","overlay-color":"","overlay-opacity":"","overlay-gradient":""}},"footnotes":"","_members_access_role":[],"_members_access_error":""},"categories":[1],"tags":[],"class_list":["post-8501","post","type-post","status-publish","format-standard","has-post-thumbnail","hentry","category-sin-categoria"],"uagb_featured_image_src":{"full":["https:\/\/cdsalta.gob.ar\/wp-content\/uploads\/2026\/09\/55504436400_f8b4126aa9_c.jpg",800,600,false],"thumbnail":["https:\/\/cdsalta.gob.ar\/wp-content\/uploads\/2026\/09\/55504436400_f8b4126aa9_c-150x150.jpg",150,150,true],"medium":["https:\/\/cdsalta.gob.ar\/wp-content\/uploads\/2026\/09\/55504436400_f8b4126aa9_c-300x225.jpg",300,225,true],"medium_large":["https:\/\/cdsalta.gob.ar\/wp-content\/uploads\/2026\/09\/55504436400_f8b4126aa9_c-768x576.jpg",768,576,true],"large":["https:\/\/cdsalta.gob.ar\/wp-content\/uploads\/2026\/09\/55504436400_f8b4126aa9_c.jpg",800,600,false],"1536x1536":["https:\/\/cdsalta.gob.ar\/wp-content\/uploads\/2026\/09\/55504436400_f8b4126aa9_c.jpg",800,600,false],"2048x2048":["https:\/\/cdsalta.gob.ar\/wp-content\/uploads\/2026\/09\/55504436400_f8b4126aa9_c.jpg",800,600,false],"mailpoet_newsletter_max":["https:\/\/cdsalta.gob.ar\/wp-content\/uploads\/2026\/09\/55504436400_f8b4126aa9_c.jpg",800,600,false]},"uagb_author_info":{"display_name":"Prensa","author_link":"https:\/\/cdsalta.gob.ar\/index.php\/author\/prensa\/"},"uagb_comment_info":0,"uagb_excerpt":"En el Centro Vecinal de Villa Cristina se realiz\u00f3 esta ma\u00f1ana el 1\u00ba Congreso Provincial de Centros Vecinales de Salta, [&hellip;]","_links":{"self":[{"href":"https:\/\/cdsalta.gob.ar\/index.php\/wp-json\/wp\/v2\/posts\/8501","targetHints":{"allow":["GET"]}}],"collection":[{"href":"https:\/\/cdsalta.gob.ar\/index.php\/wp-json\/wp\/v2\/posts"}],"about":[{"href":"https:\/\/cdsalta.gob.ar\/index.php\/wp-json\/wp\/v2\/types\/post"}],"author":[{"embeddable":true,"href":"https:\/\/cdsalta.gob.ar\/index.php\/wp-json\/wp\/v2\/users\/2"}],"replies":[{"embeddable":true,"href":"https:\/\/cdsalta.gob.ar\/index.php\/wp-json\/wp\/v2\/comments?post=8501"}],"version-history":[{"count":1,"href":"https:\/\/cdsalta.gob.ar\/index.php\/wp-json\/wp\/v2\/posts\/8501\/revisions"}],"predecessor-version":[{"id":8509,"href":"https:\/\/cdsalta.gob.ar\/index.php\/wp-json\/wp\/v2\/posts\/8501\/revisions\/8509"}],"wp:featuredmedia":[{"embeddable":true,"href":"https:\/\/cdsalta.gob.ar\/index.php\/wp-json\/wp\/v2\/media\/8507"}],"wp:attachment":[{"href":"https:\/\/cdsalta.gob.ar\/index.php\/wp-json\/wp\/v2\/media?parent=8501"}],"wp:term":[{"taxonomy":"category","embeddable":true,"href":"https:\/\/cdsalta.gob.ar\/index.php\/wp-json\/wp\/v2\/categories?post=8501"},{"taxonomy":"post_tag","embeddable":true,"href":"https:\/\/cdsalta.gob.ar\/index.php\/wp-json\/wp\/v2\/tags?post=8501"}],"curies":[{"name":"wp","href":"https:\/\/api.w.org\/{rel}","templated":true}]}}