{"id":8502,"date":"2026-09-02T12:52:16","date_gmt":"2026-09-02T15:52:16","guid":{"rendered":"https:\/\/cdsalta.gob.ar\/?p=8502"},"modified":"2026-09-02T12:52:16","modified_gmt":"2026-09-02T15:52:16","slug":"ediles-y-trabajadores-del-cd-participaron-hoy-de-la-misa-de-accion-de-gracias-celebrada-en-la-catedral","status":"publish","type":"post","link":"https:\/\/cdsalta.gob.ar\/index.php\/2026\/09\/02\/ediles-y-trabajadores-del-cd-participaron-hoy-de-la-misa-de-accion-de-gracias-celebrada-en-la-catedral\/","title":{"rendered":"<span style='font-size:16px;font-weight:normal;'>En el marco de los solemnes cultos al Se\u00f1or y la Virgen del Milagro<\/span> <br> <span style='font-size:20px;font-weight:bold;'>Ediles y trabajadores del CD participaron hoy de  la Misa de Acci\u00f3n de Gracias celebrada en la Catedral<\/span>"},"content":{"rendered":"<p style=\"text-align: justify\"><strong><img loading=\"lazy\" decoding=\"async\" class=\"aligncenter size-full wp-image-8508\" src=\"https:\/\/cdsalta.gob.ar\/wp-content\/uploads\/2026\/09\/55504119419_4f05a61fac_c.jpg\" alt=\"\" width=\"800\" height=\"600\" srcset=\"https:\/\/cdsalta.gob.ar\/wp-content\/uploads\/2026\/09\/55504119419_4f05a61fac_c.jpg 800w, https:\/\/cdsalta.gob.ar\/wp-content\/uploads\/2026\/09\/55504119419_4f05a61fac_c-300x225.jpg 300w, https:\/\/cdsalta.gob.ar\/wp-content\/uploads\/2026\/09\/55504119419_4f05a61fac_c-768x576.jpg 768w\" sizes=\"auto, (max-width: 800px) 100vw, 800px\" \/>Esta ma\u00f1ana, el titular del CD, Dar\u00edo Madile, concejales y empleados del organismo legislativo asistieron a la Misa de Acci\u00f3n de Gracias celebrada en la Catedral Bas\u00edlica por el arzobispo de Salta, Mario Antonio Cargnello, en el marco de los solemnes cultos al Se\u00f1or y la Virgen del Milagro. La celebraci\u00f3n eucar\u00edstica cont\u00f3 adem\u00e1s con la participaci\u00f3n de funcionarios del \u00e1mbito municipal, trabajadores de distintas \u00e1reas del DEM, representantes de gremios y dem\u00e1s entidades.<\/strong><\/p>\n<p style=\"text-align: justify\"><strong>El evento religioso forma parte del cronograma de visitas de organismos e instituciones educativas al Santuario del Se\u00f1or y la Virgen del Milagro, las cuales se realizan previo a la festividad central, que tendr\u00e1 lugar el pr\u00f3ximo 15 de septiembre.<\/strong><\/p>\n<p style=\"text-align: justify\"><strong>Al referirse a la celebraci\u00f3n, Madile destac\u00f3 la importancia de compartir esta instancia junto a los trabajadores municipales. \u201cCuando comenzamos a vivir lo que es el esp\u00edritu del Se\u00f1or y la Virgen del Milagro, que haya un d\u00eda para recibir a instituciones como la Municipalidad de la Ciudad de Salta y el Concejo Deliberante, nos llena de orgullo\u201d, expres\u00f3. En este marco, y en relaci\u00f3n con el mensaje del arzobispo durante la homil\u00eda, el titular del CD resalt\u00f3 la importancia de la vocaci\u00f3n de servicio en quienes desempe\u00f1an funciones p\u00fablicas. <\/strong><\/p>\n<p style=\"text-align: justify\">Durante su homil\u00eda, el a<strong>rzobispo de Salta, Mario Antonio Cargnello, <\/strong>hizo referencia al rol de quienes trabajan en distintos \u00e1mbitos de la Administraci\u00f3n P\u00fablica y a su responsabilidad en el cuidado de la ciudad. En este sentido, destac\u00f3 el trabajo de quienes realizan tareas vinculadas a los servicios y al mantenimiento de Salta. \u201c<strong>Ustedes son los guardianes de la creaci\u00f3n de Salta<\/strong>\u201d, afirm\u00f3, y agradeci\u00f3 a quienes realizan trabajos de limpieza, mantenimiento de canales y tareas en los barrios, se\u00f1alando que \u201c<strong>eso es b\u00e1sico en la creaci\u00f3n, cuidar la creaci\u00f3n<\/strong>\u201d. Asimismo, el arzobispo se refiri\u00f3 a las distintas tareas que desarrollan quienes trabajan en el \u00e1mbito p\u00fablico, tanto en oficinas y \u00e1reas administrativas como en aquellas vinculadas al transporte y a la atenci\u00f3n en la v\u00eda p\u00fablica, <strong>destacando que cada funci\u00f3n debe estar orientada al servicio de la comunidad<\/strong>.<\/p>\n<p style=\"text-align: justify\">Al finalizar la celebraci\u00f3n religiosa, <strong>trabajadores del Concejo Deliberante<\/strong> destacaron el valor de la actividad. <strong>Juli\u00e1n Corrado<\/strong>, del \u00e1rea de Audiovisual, resalt\u00f3 la posibilidad de participar de la misa en la Catedral \u201c<strong>para estar cerca de nuestros Santos Patronos y rezar por nuestras familias y compa\u00f1eros<\/strong>\u201d. Por su parte, <strong>Santiago Poclava,<\/strong> del \u00e1rea de Relator\u00eda, puso en valor las festividades en honor al Se\u00f1or y la Virgen del Milagro y <strong>puso de relieve la importancia de este momento significativo para todos los salte\u00f1os<\/strong>.<\/p>\n<p style=\"text-align: justify\">Por parte del Concejo Deliberante tambi\u00e9n estuvieron presentes las concejalas Agustina \u00c1lvarez Eichele, Erica Castro y Florencia Le\u00f3n (todas de LLA). Se sumaron adem\u00e1s funcionarios municipales, miembros del Tribunal Administrativo de Faltas y personal de la Municipalidad de Salta y reparticiones Municipales. As\u00ed como trabajadores de Aguas del Norte CO.SA.ySa y representantes de la Agremiaci\u00f3n de Empleados Municipales de Salta, Uni\u00f3n Trabajadores Municipales y de la Asociaci\u00f3n del Personal de Organismo de Control.<\/p>\n","protected":false},"excerpt":{"rendered":"<p>Esta ma\u00f1ana, el titular del CD, Dar\u00edo Madile, concejales y empleados del organismo legislativo asistieron a la Misa de Acci\u00f3n [&hellip;]<\/p>\n","protected":false},"author":2,"featured_media":8508,"comment_status":"closed","ping_status":"closed","sticky":false,"template":"","format":"standard","meta":{"_uag_custom_page_level_css":"","site-sidebar-layout":"default","site-content-layout":"","ast-site-content-layout":"default","site-content-style":"default","site-sidebar-style":"default","ast-global-header-display":"","ast-banner-title-visibility":"","ast-main-header-display":"","ast-hfb-above-header-display":"","ast-hfb-below-header-display":"","ast-hfb-mobile-header-display":"","site-post-title":"","ast-breadcrumbs-content":"","ast-featured-img":"","footer-sml-layout":"","ast-disable-related-posts":"","theme-transparent-header-meta":"default","adv-header-id-meta":"","stick-header-meta":"","header-above-stick-meta":"","header-main-stick-meta":"","header-below-stick-meta":"","astra-migrate-meta-layouts":"set","ast-page-background-enabled":"default","ast-page-background-meta":{"desktop":{"background-color":"var(--ast-global-color-5)","background-image":"","background-repeat":"repeat","background-position":"center center","background-size":"auto","background-attachment":"scroll","background-type":"","background-media":"","overlay-type":"","overlay-color":"","overlay-opacity":"","overlay-gradient":""},"tablet":{"background-color":"","background-image":"","background-repeat":"repeat","background-position":"center center","background-size":"auto","background-attachment":"scroll","background-type":"","background-media":"","overlay-type":"","overlay-color":"","overlay-opacity":"","overlay-gradient":""},"mobile":{"background-color":"","background-image":"","background-repeat":"repeat","background-position":"center center","background-size":"auto","background-attachment":"scroll","background-type":"","background-media":"","overlay-type":"","overlay-color":"","overlay-opacity":"","overlay-gradient":""}},"ast-content-background-meta":{"desktop":{"background-color":"var(--ast-global-color-4)","background-image":"","background-repeat":"repeat","background-position":"center center","background-size":"auto","background-attachment":"scroll","background-type":"","background-media":"","overlay-type":"","overlay-color":"","overlay-opacity":"","overlay-gradient":""},"tablet":{"background-color":"var(--ast-global-color-4)","background-image":"","background-repeat":"repeat","background-position":"center center","background-size":"auto","background-attachment":"scroll","background-type":"","background-media":"","overlay-type":"","overlay-color":"","overlay-opacity":"","overlay-gradient":""},"mobile":{"background-color":"var(--ast-global-color-4)","background-image":"","background-repeat":"repeat","background-position":"center center","background-size":"auto","background-attachment":"scroll","background-type":"","background-media":"","overlay-type":"","overlay-color":"","overlay-opacity":"","overlay-gradient":""}},"footnotes":"","_members_access_role":[],"_members_access_error":""},"categories":[1],"tags":[],"class_list":["post-8502","post","type-post","status-publish","format-standard","has-post-thumbnail","hentry","category-sin-categoria"],"uagb_featured_image_src":{"full":["https:\/\/cdsalta.gob.ar\/wp-content\/uploads\/2026\/09\/55504119419_4f05a61fac_c.jpg",800,600,false],"thumbnail":["https:\/\/cdsalta.gob.ar\/wp-content\/uploads\/2026\/09\/55504119419_4f05a61fac_c-150x150.jpg",150,150,true],"medium":["https:\/\/cdsalta.gob.ar\/wp-content\/uploads\/2026\/09\/55504119419_4f05a61fac_c-300x225.jpg",300,225,true],"medium_large":["https:\/\/cdsalta.gob.ar\/wp-content\/uploads\/2026\/09\/55504119419_4f05a61fac_c-768x576.jpg",768,576,true],"large":["https:\/\/cdsalta.gob.ar\/wp-content\/uploads\/2026\/09\/55504119419_4f05a61fac_c.jpg",800,600,false],"1536x1536":["https:\/\/cdsalta.gob.ar\/wp-content\/uploads\/2026\/09\/55504119419_4f05a61fac_c.jpg",800,600,false],"2048x2048":["https:\/\/cdsalta.gob.ar\/wp-content\/uploads\/2026\/09\/55504119419_4f05a61fac_c.jpg",800,600,false],"mailpoet_newsletter_max":["https:\/\/cdsalta.gob.ar\/wp-content\/uploads\/2026\/09\/55504119419_4f05a61fac_c.jpg",800,600,false]},"uagb_author_info":{"display_name":"Prensa","author_link":"https:\/\/cdsalta.gob.ar\/index.php\/author\/prensa\/"},"uagb_comment_info":0,"uagb_excerpt":"Esta ma\u00f1ana, el titular del CD, Dar\u00edo Madile, concejales y empleados del organismo legislativo asistieron a la Misa de Acci\u00f3n [&hellip;]","_links":{"self":[{"href":"https:\/\/cdsalta.gob.ar\/index.php\/wp-json\/wp\/v2\/posts\/8502","targetHints":{"allow":["GET"]}}],"collection":[{"href":"https:\/\/cdsalta.gob.ar\/index.php\/wp-json\/wp\/v2\/posts"}],"about":[{"href":"https:\/\/cdsalta.gob.ar\/index.php\/wp-json\/wp\/v2\/types\/post"}],"author":[{"embeddable":true,"href":"https:\/\/cdsalta.gob.ar\/index.php\/wp-json\/wp\/v2\/users\/2"}],"replies":[{"embeddable":true,"href":"https:\/\/cdsalta.gob.ar\/index.php\/wp-json\/wp\/v2\/comments?post=8502"}],"version-history":[{"count":1,"href":"https:\/\/cdsalta.gob.ar\/index.php\/wp-json\/wp\/v2\/posts\/8502\/revisions"}],"predecessor-version":[{"id":8510,"href":"https:\/\/cdsalta.gob.ar\/index.php\/wp-json\/wp\/v2\/posts\/8502\/revisions\/8510"}],"wp:featuredmedia":[{"embeddable":true,"href":"https:\/\/cdsalta.gob.ar\/index.php\/wp-json\/wp\/v2\/media\/8508"}],"wp:attachment":[{"href":"https:\/\/cdsalta.gob.ar\/index.php\/wp-json\/wp\/v2\/media?parent=8502"}],"wp:term":[{"taxonomy":"category","embeddable":true,"href":"https:\/\/cdsalta.gob.ar\/index.php\/wp-json\/wp\/v2\/categories?post=8502"},{"taxonomy":"post_tag","embeddable":true,"href":"https:\/\/cdsalta.gob.ar\/index.php\/wp-json\/wp\/v2\/tags?post=8502"}],"curies":[{"name":"wp","href":"https:\/\/api.w.org\/{rel}","templated":true}]}}