{"id":8519,"date":"2026-09-02T19:37:44","date_gmt":"2026-09-02T22:37:44","guid":{"rendered":"https:\/\/cdsalta.gob.ar\/?p=8519"},"modified":"2026-09-02T19:37:44","modified_gmt":"2026-09-02T22:37:44","slug":"ediles-reconocieron-la-fiesta-patronal-de-san-luis-gonzaga","status":"publish","type":"post","link":"https:\/\/cdsalta.gob.ar\/index.php\/2026\/09\/02\/ediles-reconocieron-la-fiesta-patronal-de-san-luis-gonzaga\/","title":{"rendered":"<span style='font-size:16px;font-weight:normal;'>En un acto concretado en la fecha en el edificio legislativo<\/span> <br> <span style='font-size:20px;font-weight:bold;'>Ediles reconocieron la  Fiesta Patronal de San Luis Gonzaga<\/span>"},"content":{"rendered":"<p style=\"text-align: justify\"><strong><img loading=\"lazy\" decoding=\"async\" class=\"aligncenter size-full wp-image-8524\" src=\"https:\/\/cdsalta.gob.ar\/wp-content\/uploads\/2026\/09\/55505074485_cd8071be7b_c.jpg\" alt=\"\" width=\"800\" height=\"534\" srcset=\"https:\/\/cdsalta.gob.ar\/wp-content\/uploads\/2026\/09\/55505074485_cd8071be7b_c.jpg 800w, https:\/\/cdsalta.gob.ar\/wp-content\/uploads\/2026\/09\/55505074485_cd8071be7b_c-300x200.jpg 300w, https:\/\/cdsalta.gob.ar\/wp-content\/uploads\/2026\/09\/55505074485_cd8071be7b_c-768x513.jpg 768w\" sizes=\"auto, (max-width: 800px) 100vw, 800px\" \/>Previo al inicio de la Sesi\u00f3n Ordinaria de la fecha, se realiz\u00f3 en el hall del Concejo Deliberante un acto de reconocimiento a la Fiesta Patronal de San Luis Gonzaga, patrono de la Juventud Cristiana, que se celebra cada 21 de junio en el \u00e1rea San Luis. La actividad se concret\u00f3 en el marco de la Resoluci\u00f3n N.\u00ba 351, mediante la cual el Cuerpo legislativo declar\u00f3 de Inter\u00e9s Municipal esta celebraci\u00f3n, en reconocimiento a su valor religioso, cultural y tradicional para la comunidad. Durante el acto, el presidente del CD, Dar\u00edo Madile, y la impulsora de la iniciativa, la concejala Camila Lobo (PS), hicieron entrega de copia de la normativa y de una placa recordatoria a sus organizadores: el presidente del Fort\u00edn San Luis, Agust\u00edn Monja, quien estuvo acompa\u00f1ado por el integrante de la instituci\u00f3n, Dar\u00edo Gallardo, y familiares. Tambi\u00e9n estuvieron presentes la coordinadora de Relaciones Comunitarias del DEM, Mar\u00eda Juncosa, y el delegado municipal de San Luis, Agust\u00edn Torrea.<\/strong><\/p>\n<p style=\"text-align: justify\">La concejala <strong>Camila Lobo<\/strong> destac\u00f3 el valor cultural y patrimonial de la celebraci\u00f3n y la importancia que tiene para los vecinos de San Luis como una expresi\u00f3n de identidad. \u201c<strong>Consideramos importante hacer este reconocimiento por el gran valor cultural y patrimonial y por la importancia que le dan los vecinos de San Luis<\/strong>\u201d, expres\u00f3.<\/p>\n<p style=\"text-align: justify\">Por su parte, el presidente del <strong>Fort\u00edn San Luis, Agust\u00edn Monja<\/strong>, agradeci\u00f3 el reconocimiento y destac\u00f3 la recuperaci\u00f3n de la celebraci\u00f3n. \u201c<strong>Es un honor para nosotros como Fort\u00edn. Quiero agradecer al presidente del Concejo, a la concejala Camila Lobo y al intendente Emiliano Durand por ayudarnos a realizar la fiesta, que es algo tan importante para San Luis<\/strong>\u201d, manifest\u00f3.<\/p>\n<p style=\"text-align: justify\">En los Considerandos de la Resoluci\u00f3n se consigna que la <strong>Fiesta Patronal de San Luis Gonzaga constituye una de las expresiones religiosas, culturales y tradicionales m\u00e1s representativas de la zona de San Luis<\/strong> y forma parte del patrimonio espiritual de la comunidad salte\u00f1a. La celebraci\u00f3n convoca cada a\u00f1o a cientos de fieles, instituciones intermedias y fortines gauchos, constituyendo una oportunidad para fortalecer los v\u00ednculos comunitarios a trav\u00e9s de la fe, la solidaridad y el respeto por las tradiciones populares.<\/p>\n<p style=\"text-align: justify\">Asimismo, se destaca que las actividades que se realizan incluyeron <strong>procesi\u00f3n, Santa Misa, desfile de agrupaciones gauchas, expresiones art\u00edsticas, danzas folcl\u00f3ricas, m\u00fasica en vivo y un almuerzo criollo<\/strong>. En este sentido, la celebraci\u00f3n tambi\u00e9n favorece el desarrollo del turismo religioso y cultural, generando un impacto positivo en la econom\u00eda local y contribuyendo a la promoci\u00f3n de la ciudad de Salta como destino de relevancia hist\u00f3rica y espiritual.<\/p>\n","protected":false},"excerpt":{"rendered":"<p>Previo al inicio de la Sesi\u00f3n Ordinaria de la fecha, se realiz\u00f3 en el hall del Concejo Deliberante un acto [&hellip;]<\/p>\n","protected":false},"author":2,"featured_media":8524,"comment_status":"closed","ping_status":"closed","sticky":false,"template":"","format":"standard","meta":{"_uag_custom_page_level_css":"","site-sidebar-layout":"default","site-content-layout":"","ast-site-content-layout":"default","site-content-style":"default","site-sidebar-style":"default","ast-global-header-display":"","ast-banner-title-visibility":"","ast-main-header-display":"","ast-hfb-above-header-display":"","ast-hfb-below-header-display":"","ast-hfb-mobile-header-display":"","site-post-title":"","ast-breadcrumbs-content":"","ast-featured-img":"","footer-sml-layout":"","ast-disable-related-posts":"","theme-transparent-header-meta":"default","adv-header-id-meta":"","stick-header-meta":"","header-above-stick-meta":"","header-main-stick-meta":"","header-below-stick-meta":"","astra-migrate-meta-layouts":"set","ast-page-background-enabled":"default","ast-page-background-meta":{"desktop":{"background-color":"var(--ast-global-color-5)","background-image":"","background-repeat":"repeat","background-position":"center center","background-size":"auto","background-attachment":"scroll","background-type":"","background-media":"","overlay-type":"","overlay-color":"","overlay-opacity":"","overlay-gradient":""},"tablet":{"background-color":"","background-image":"","background-repeat":"repeat","background-position":"center center","background-size":"auto","background-attachment":"scroll","background-type":"","background-media":"","overlay-type":"","overlay-color":"","overlay-opacity":"","overlay-gradient":""},"mobile":{"background-color":"","background-image":"","background-repeat":"repeat","background-position":"center center","background-size":"auto","background-attachment":"scroll","background-type":"","background-media":"","overlay-type":"","overlay-color":"","overlay-opacity":"","overlay-gradient":""}},"ast-content-background-meta":{"desktop":{"background-color":"var(--ast-global-color-4)","background-image":"","background-repeat":"repeat","background-position":"center center","background-size":"auto","background-attachment":"scroll","background-type":"","background-media":"","overlay-type":"","overlay-color":"","overlay-opacity":"","overlay-gradient":""},"tablet":{"background-color":"var(--ast-global-color-4)","background-image":"","background-repeat":"repeat","background-position":"center center","background-size":"auto","background-attachment":"scroll","background-type":"","background-media":"","overlay-type":"","overlay-color":"","overlay-opacity":"","overlay-gradient":""},"mobile":{"background-color":"var(--ast-global-color-4)","background-image":"","background-repeat":"repeat","background-position":"center center","background-size":"auto","background-attachment":"scroll","background-type":"","background-media":"","overlay-type":"","overlay-color":"","overlay-opacity":"","overlay-gradient":""}},"footnotes":"","_members_access_role":[],"_members_access_error":""},"categories":[1],"tags":[],"class_list":["post-8519","post","type-post","status-publish","format-standard","has-post-thumbnail","hentry","category-sin-categoria"],"uagb_featured_image_src":{"full":["https:\/\/cdsalta.gob.ar\/wp-content\/uploads\/2026\/09\/55505074485_cd8071be7b_c.jpg",800,534,false],"thumbnail":["https:\/\/cdsalta.gob.ar\/wp-content\/uploads\/2026\/09\/55505074485_cd8071be7b_c-150x150.jpg",150,150,true],"medium":["https:\/\/cdsalta.gob.ar\/wp-content\/uploads\/2026\/09\/55505074485_cd8071be7b_c-300x200.jpg",300,200,true],"medium_large":["https:\/\/cdsalta.gob.ar\/wp-content\/uploads\/2026\/09\/55505074485_cd8071be7b_c-768x513.jpg",768,513,true],"large":["https:\/\/cdsalta.gob.ar\/wp-content\/uploads\/2026\/09\/55505074485_cd8071be7b_c.jpg",800,534,false],"1536x1536":["https:\/\/cdsalta.gob.ar\/wp-content\/uploads\/2026\/09\/55505074485_cd8071be7b_c.jpg",800,534,false],"2048x2048":["https:\/\/cdsalta.gob.ar\/wp-content\/uploads\/2026\/09\/55505074485_cd8071be7b_c.jpg",800,534,false],"mailpoet_newsletter_max":["https:\/\/cdsalta.gob.ar\/wp-content\/uploads\/2026\/09\/55505074485_cd8071be7b_c.jpg",800,534,false]},"uagb_author_info":{"display_name":"Prensa","author_link":"https:\/\/cdsalta.gob.ar\/index.php\/author\/prensa\/"},"uagb_comment_info":0,"uagb_excerpt":"Previo al inicio de la Sesi\u00f3n Ordinaria de la fecha, se realiz\u00f3 en el hall del Concejo Deliberante un acto [&hellip;]","_links":{"self":[{"href":"https:\/\/cdsalta.gob.ar\/index.php\/wp-json\/wp\/v2\/posts\/8519","targetHints":{"allow":["GET"]}}],"collection":[{"href":"https:\/\/cdsalta.gob.ar\/index.php\/wp-json\/wp\/v2\/posts"}],"about":[{"href":"https:\/\/cdsalta.gob.ar\/index.php\/wp-json\/wp\/v2\/types\/post"}],"author":[{"embeddable":true,"href":"https:\/\/cdsalta.gob.ar\/index.php\/wp-json\/wp\/v2\/users\/2"}],"replies":[{"embeddable":true,"href":"https:\/\/cdsalta.gob.ar\/index.php\/wp-json\/wp\/v2\/comments?post=8519"}],"version-history":[{"count":1,"href":"https:\/\/cdsalta.gob.ar\/index.php\/wp-json\/wp\/v2\/posts\/8519\/revisions"}],"predecessor-version":[{"id":8525,"href":"https:\/\/cdsalta.gob.ar\/index.php\/wp-json\/wp\/v2\/posts\/8519\/revisions\/8525"}],"wp:featuredmedia":[{"embeddable":true,"href":"https:\/\/cdsalta.gob.ar\/index.php\/wp-json\/wp\/v2\/media\/8524"}],"wp:attachment":[{"href":"https:\/\/cdsalta.gob.ar\/index.php\/wp-json\/wp\/v2\/media?parent=8519"}],"wp:term":[{"taxonomy":"category","embeddable":true,"href":"https:\/\/cdsalta.gob.ar\/index.php\/wp-json\/wp\/v2\/categories?post=8519"},{"taxonomy":"post_tag","embeddable":true,"href":"https:\/\/cdsalta.gob.ar\/index.php\/wp-json\/wp\/v2\/tags?post=8519"}],"curies":[{"name":"wp","href":"https:\/\/api.w.org\/{rel}","templated":true}]}}