{"id":8520,"date":"2026-09-02T19:38:31","date_gmt":"2026-09-02T22:38:31","guid":{"rendered":"https:\/\/cdsalta.gob.ar\/?p=8520"},"modified":"2026-09-02T19:48:16","modified_gmt":"2026-09-02T22:48:16","slug":"declararon-de-interes-municipal-actividades-vinculadas-a-la-labor-social-deportiva-y-academica","status":"publish","type":"post","link":"https:\/\/cdsalta.gob.ar\/index.php\/2026\/09\/02\/declararon-de-interes-municipal-actividades-vinculadas-a-la-labor-social-deportiva-y-academica\/","title":{"rendered":"<span style='font-size:16px;font-weight:normal;'>Mediante la sanci\u00f3n de tres Resoluciones<\/span> <br> <span style='font-size:20px;font-weight:bold;'>Declararon de Inter\u00e9s Municipal actividades del \u00e1mbito social, deportivo y acad\u00e9mico<\/span>"},"content":{"rendered":"<p style=\"text-align: justify\"><strong><img loading=\"lazy\" decoding=\"async\" class=\"aligncenter size-full wp-image-8526\" src=\"https:\/\/cdsalta.gob.ar\/wp-content\/uploads\/2026\/09\/55503821517_7b2626daa5_c.jpg\" alt=\"\" width=\"799\" height=\"533\" srcset=\"https:\/\/cdsalta.gob.ar\/wp-content\/uploads\/2026\/09\/55503821517_7b2626daa5_c.jpg 799w, https:\/\/cdsalta.gob.ar\/wp-content\/uploads\/2026\/09\/55503821517_7b2626daa5_c-300x200.jpg 300w, https:\/\/cdsalta.gob.ar\/wp-content\/uploads\/2026\/09\/55503821517_7b2626daa5_c-768x512.jpg 768w\" sizes=\"auto, (max-width: 799px) 100vw, 799px\" \/>Esta tarde, en una nueva Sesi\u00f3n Ordinaria, los concejales aprobaron cuatro Resoluciones que reconocen eventos a realizarse en la ciudad. En virtud de lo dispuesto se declara de Inter\u00e9s Municipal las actividades que desarrolla el grupo Voluntariado Social de Adultos Mayores de Salta VoS AMaS; los desaf\u00edos deportivos que organiza la comunidad \u201cLos Que Hacen\u201d; la tercera Edici\u00f3n de la Feria de Empleabilidad UNSa 2026; as\u00ed como<\/strong><strong> la realizaci\u00f3n del Encuentro Regional Norte Grande.<\/strong><\/p>\n<p style=\"text-align: justify\">En primer lugar, el Cuerpo sancion\u00f3 una Resoluci\u00f3n impulsada por el edil V\u00edctor Lamberto (PS). El texto dispone declarar de Inter\u00e9s Municipal <strong>las actividades que desarrolla el grupo Voluntariado Social de Adultos Mayores de Salta VoS AMaS<\/strong>, destacando la campa\u00f1a \u201cSoledad Cero\u201d como ejemplo de solidaridad, contenci\u00f3n y acompa\u00f1amiento a las personas adultas mayores de la ciudad de Salta.<\/p>\n<p style=\"text-align: justify\">Misma distinci\u00f3n otorgaron a <strong>los desaf\u00edos deportivos que organiza la comunidad \u201cLos Que Hacen\u201d<\/strong>, en reconocimiento al compromiso con la promoci\u00f3n del deporte, la solidaridad y la transformaci\u00f3n social. La redacci\u00f3n estuvo a cargo de la concejala Eliana Chuchuy (PS). Durante el tratamiento de la iniciativa, <strong>la autora se\u00f1al\u00f3 que el mencionado grupo \u201cbusca resaltar la uni\u00f3n y la solidaridad de la ciudadan\u00eda y embandera causas nobles con un gran acompa\u00f1amiento de la sociedad salte\u00f1a\u201d<\/strong>.<\/p>\n<p style=\"text-align: justify\">A instancias de la edila Malvina Gareca (PC), los concejales aprobaron la norma que reconoce <strong>la tercera Edici\u00f3n de la Feria de Empleabilidad UNSa 2026<\/strong>, organizada por la Universidad Nacional de Salta. Esto por la relevancia social, educativa, laboral e institucional de esta iniciativa en favor de la vinculaci\u00f3n profesional, el acompa\u00f1amiento a estudiantes y graduados y el fortalecimiento del entramado productivo de nuestra ciudad. La actividad se desarrollar\u00e1 el pr\u00f3ximo 9 de septiembre en el predio universitario. En la ocasi\u00f3n <strong>Gareca, tom\u00f3 la palabra para destacar el compromiso de la Universidad P\u00fablica en la formaci\u00f3n profesional de los estudiantes de todas las facultades de la UNSa.<\/strong><\/p>\n<p style=\"text-align: justify\">Tambi\u00e9n sancionaron una normativa que dispone declarar de Inter\u00e9s Municipal <strong>la realizaci\u00f3n del Encuentro Regional Norte Grande<\/strong>, organizado por Potencia Argentina Asociaci\u00f3n Civil en el marco del Programa de Formaci\u00f3n y Entrenamiento de Liderazgo Pol\u00edtico. La actividad se desarrollar\u00e1 del 4 al 6 de septiembre del corriente a\u00f1o y motiva la distinci\u00f3n su aporte a la formaci\u00f3n de liderazgos p\u00fablicos y contribuir al fortalecimiento de la participaci\u00f3n democr\u00e1tica en pos de promover una comunidad pol\u00edtica federal, plural y comprometida. El escrito lleva la firma del edil Dar\u00edo Madile (PS).<\/p>\n","protected":false},"excerpt":{"rendered":"<p>Esta tarde, en una nueva Sesi\u00f3n Ordinaria, los concejales aprobaron cuatro Resoluciones que reconocen eventos a realizarse en la ciudad. [&hellip;]<\/p>\n","protected":false},"author":2,"featured_media":8526,"comment_status":"closed","ping_status":"closed","sticky":false,"template":"","format":"standard","meta":{"_uag_custom_page_level_css":"","site-sidebar-layout":"default","site-content-layout":"","ast-site-content-layout":"default","site-content-style":"default","site-sidebar-style":"default","ast-global-header-display":"","ast-banner-title-visibility":"","ast-main-header-display":"","ast-hfb-above-header-display":"","ast-hfb-below-header-display":"","ast-hfb-mobile-header-display":"","site-post-title":"","ast-breadcrumbs-content":"","ast-featured-img":"","footer-sml-layout":"","ast-disable-related-posts":"","theme-transparent-header-meta":"default","adv-header-id-meta":"","stick-header-meta":"","header-above-stick-meta":"","header-main-stick-meta":"","header-below-stick-meta":"","astra-migrate-meta-layouts":"set","ast-page-background-enabled":"default","ast-page-background-meta":{"desktop":{"background-color":"var(--ast-global-color-5)","background-image":"","background-repeat":"repeat","background-position":"center center","background-size":"auto","background-attachment":"scroll","background-type":"","background-media":"","overlay-type":"","overlay-color":"","overlay-opacity":"","overlay-gradient":""},"tablet":{"background-color":"","background-image":"","background-repeat":"repeat","background-position":"center center","background-size":"auto","background-attachment":"scroll","background-type":"","background-media":"","overlay-type":"","overlay-color":"","overlay-opacity":"","overlay-gradient":""},"mobile":{"background-color":"","background-image":"","background-repeat":"repeat","background-position":"center center","background-size":"auto","background-attachment":"scroll","background-type":"","background-media":"","overlay-type":"","overlay-color":"","overlay-opacity":"","overlay-gradient":""}},"ast-content-background-meta":{"desktop":{"background-color":"var(--ast-global-color-4)","background-image":"","background-repeat":"repeat","background-position":"center center","background-size":"auto","background-attachment":"scroll","background-type":"","background-media":"","overlay-type":"","overlay-color":"","overlay-opacity":"","overlay-gradient":""},"tablet":{"background-color":"var(--ast-global-color-4)","background-image":"","background-repeat":"repeat","background-position":"center center","background-size":"auto","background-attachment":"scroll","background-type":"","background-media":"","overlay-type":"","overlay-color":"","overlay-opacity":"","overlay-gradient":""},"mobile":{"background-color":"var(--ast-global-color-4)","background-image":"","background-repeat":"repeat","background-position":"center center","background-size":"auto","background-attachment":"scroll","background-type":"","background-media":"","overlay-type":"","overlay-color":"","overlay-opacity":"","overlay-gradient":""}},"footnotes":"","_members_access_role":[],"_members_access_error":""},"categories":[1],"tags":[],"class_list":["post-8520","post","type-post","status-publish","format-standard","has-post-thumbnail","hentry","category-sin-categoria"],"uagb_featured_image_src":{"full":["https:\/\/cdsalta.gob.ar\/wp-content\/uploads\/2026\/09\/55503821517_7b2626daa5_c.jpg",799,533,false],"thumbnail":["https:\/\/cdsalta.gob.ar\/wp-content\/uploads\/2026\/09\/55503821517_7b2626daa5_c-150x150.jpg",150,150,true],"medium":["https:\/\/cdsalta.gob.ar\/wp-content\/uploads\/2026\/09\/55503821517_7b2626daa5_c-300x200.jpg",300,200,true],"medium_large":["https:\/\/cdsalta.gob.ar\/wp-content\/uploads\/2026\/09\/55503821517_7b2626daa5_c-768x512.jpg",768,512,true],"large":["https:\/\/cdsalta.gob.ar\/wp-content\/uploads\/2026\/09\/55503821517_7b2626daa5_c.jpg",799,533,false],"1536x1536":["https:\/\/cdsalta.gob.ar\/wp-content\/uploads\/2026\/09\/55503821517_7b2626daa5_c.jpg",799,533,false],"2048x2048":["https:\/\/cdsalta.gob.ar\/wp-content\/uploads\/2026\/09\/55503821517_7b2626daa5_c.jpg",799,533,false],"mailpoet_newsletter_max":["https:\/\/cdsalta.gob.ar\/wp-content\/uploads\/2026\/09\/55503821517_7b2626daa5_c.jpg",799,533,false]},"uagb_author_info":{"display_name":"Prensa","author_link":"https:\/\/cdsalta.gob.ar\/index.php\/author\/prensa\/"},"uagb_comment_info":0,"uagb_excerpt":"Esta tarde, en una nueva Sesi\u00f3n Ordinaria, los concejales aprobaron cuatro Resoluciones que reconocen eventos a realizarse en la ciudad. [&hellip;]","_links":{"self":[{"href":"https:\/\/cdsalta.gob.ar\/index.php\/wp-json\/wp\/v2\/posts\/8520","targetHints":{"allow":["GET"]}}],"collection":[{"href":"https:\/\/cdsalta.gob.ar\/index.php\/wp-json\/wp\/v2\/posts"}],"about":[{"href":"https:\/\/cdsalta.gob.ar\/index.php\/wp-json\/wp\/v2\/types\/post"}],"author":[{"embeddable":true,"href":"https:\/\/cdsalta.gob.ar\/index.php\/wp-json\/wp\/v2\/users\/2"}],"replies":[{"embeddable":true,"href":"https:\/\/cdsalta.gob.ar\/index.php\/wp-json\/wp\/v2\/comments?post=8520"}],"version-history":[{"count":4,"href":"https:\/\/cdsalta.gob.ar\/index.php\/wp-json\/wp\/v2\/posts\/8520\/revisions"}],"predecessor-version":[{"id":8534,"href":"https:\/\/cdsalta.gob.ar\/index.php\/wp-json\/wp\/v2\/posts\/8520\/revisions\/8534"}],"wp:featuredmedia":[{"embeddable":true,"href":"https:\/\/cdsalta.gob.ar\/index.php\/wp-json\/wp\/v2\/media\/8526"}],"wp:attachment":[{"href":"https:\/\/cdsalta.gob.ar\/index.php\/wp-json\/wp\/v2\/media?parent=8520"}],"wp:term":[{"taxonomy":"category","embeddable":true,"href":"https:\/\/cdsalta.gob.ar\/index.php\/wp-json\/wp\/v2\/categories?post=8520"},{"taxonomy":"post_tag","embeddable":true,"href":"https:\/\/cdsalta.gob.ar\/index.php\/wp-json\/wp\/v2\/tags?post=8520"}],"curies":[{"name":"wp","href":"https:\/\/api.w.org\/{rel}","templated":true}]}}