{"id":8541,"date":"2026-09-03T14:03:29","date_gmt":"2026-09-03T17:03:29","guid":{"rendered":"https:\/\/cdsalta.gob.ar\/?p=8541"},"modified":"2026-09-03T14:03:29","modified_gmt":"2026-09-03T17:03:29","slug":"la-comision-de-medio-ambiente-analizara-modificaciones-a-la-normativa-sobre-terrenos-baldios","status":"publish","type":"post","link":"https:\/\/cdsalta.gob.ar\/index.php\/2026\/09\/03\/la-comision-de-medio-ambiente-analizara-modificaciones-a-la-normativa-sobre-terrenos-baldios\/","title":{"rendered":"<span style='font-size:16px;font-weight:normal;'>Fue invitado el secretario de Ambiente y Servicios P\u00fablicos del DEM<\/span> <br> <span style='font-size:20px;font-weight:bold;'>La Comisi\u00f3n de Medio Ambiente analizar\u00e1  modificaciones a la normativa sobre terrenos bald\u00edos<\/span>"},"content":{"rendered":"<p style=\"text-align: justify\"><strong><img loading=\"lazy\" decoding=\"async\" class=\"aligncenter size-full wp-image-8221\" src=\"https:\/\/cdsalta.gob.ar\/wp-content\/uploads\/2026\/08\/55478503403_76d219f563_c-1.jpg\" alt=\"\" width=\"799\" height=\"533\" srcset=\"https:\/\/cdsalta.gob.ar\/wp-content\/uploads\/2026\/08\/55478503403_76d219f563_c-1.jpg 799w, https:\/\/cdsalta.gob.ar\/wp-content\/uploads\/2026\/08\/55478503403_76d219f563_c-1-300x200.jpg 300w, https:\/\/cdsalta.gob.ar\/wp-content\/uploads\/2026\/08\/55478503403_76d219f563_c-1-768x512.jpg 768w\" sizes=\"auto, (max-width: 799px) 100vw, 799px\" \/>La Comisi\u00f3n de Medio Ambiente, Higiene y Seguridad se reunir\u00e1 ma\u00f1ana, a horas 9.00, para continuar analizando un Proyecto de Ordenanza que propone modificar la norma N\u00ba 15.415 -GIRU-, en lo relacionado con la limpieza y mantenimiento de terrenos bald\u00edos. A la reuni\u00f3n fue invitado el secretario de Ambiente y Servicios P\u00fablicos de la Municipalidad, Mart\u00edn Miranda, a fin de ampliar el estudio de la iniciativa.<\/strong><\/p>\n<p style=\"text-align: justify\">El Proyecto, de autor\u00eda de la edila Camila Lobo (PS), propone establecer nuevas disposiciones vinculadas al <strong>mantenimiento de terrenos bald\u00edos y actualizar el r\u00e9gimen de sanciones ante su incumplimiento<\/strong>, contemplando especialmente aquellas situaciones que puedan representar un riesgo de generaci\u00f3n o propagaci\u00f3n de focos \u00edgneos.<\/p>\n<p style=\"text-align: justify\">La mencionada Comisi\u00f3n es presidida por el edil Gustavo Farquharson (PS), quien est\u00e1 acompa\u00f1ado por sus pares Gonzalo Nieva (J), Malvina Gareca (PC), Rodrigo Quinteros (LLA) y Camila Lobo (PS).<\/p>\n","protected":false},"excerpt":{"rendered":"<p>La Comisi\u00f3n de Medio Ambiente, Higiene y Seguridad se reunir\u00e1 ma\u00f1ana, a horas 9.00, para continuar analizando un Proyecto de [&hellip;]<\/p>\n","protected":false},"author":2,"featured_media":8221,"comment_status":"closed","ping_status":"closed","sticky":false,"template":"","format":"standard","meta":{"_uag_custom_page_level_css":"","site-sidebar-layout":"default","site-content-layout":"","ast-site-content-layout":"default","site-content-style":"default","site-sidebar-style":"default","ast-global-header-display":"","ast-banner-title-visibility":"","ast-main-header-display":"","ast-hfb-above-header-display":"","ast-hfb-below-header-display":"","ast-hfb-mobile-header-display":"","site-post-title":"","ast-breadcrumbs-content":"","ast-featured-img":"","footer-sml-layout":"","ast-disable-related-posts":"","theme-transparent-header-meta":"default","adv-header-id-meta":"","stick-header-meta":"","header-above-stick-meta":"","header-main-stick-meta":"","header-below-stick-meta":"","astra-migrate-meta-layouts":"set","ast-page-background-enabled":"default","ast-page-background-meta":{"desktop":{"background-color":"var(--ast-global-color-5)","background-image":"","background-repeat":"repeat","background-position":"center center","background-size":"auto","background-attachment":"scroll","background-type":"","background-media":"","overlay-type":"","overlay-color":"","overlay-opacity":"","overlay-gradient":""},"tablet":{"background-color":"","background-image":"","background-repeat":"repeat","background-position":"center center","background-size":"auto","background-attachment":"scroll","background-type":"","background-media":"","overlay-type":"","overlay-color":"","overlay-opacity":"","overlay-gradient":""},"mobile":{"background-color":"","background-image":"","background-repeat":"repeat","background-position":"center center","background-size":"auto","background-attachment":"scroll","background-type":"","background-media":"","overlay-type":"","overlay-color":"","overlay-opacity":"","overlay-gradient":""}},"ast-content-background-meta":{"desktop":{"background-color":"var(--ast-global-color-4)","background-image":"","background-repeat":"repeat","background-position":"center center","background-size":"auto","background-attachment":"scroll","background-type":"","background-media":"","overlay-type":"","overlay-color":"","overlay-opacity":"","overlay-gradient":""},"tablet":{"background-color":"var(--ast-global-color-4)","background-image":"","background-repeat":"repeat","background-position":"center center","background-size":"auto","background-attachment":"scroll","background-type":"","background-media":"","overlay-type":"","overlay-color":"","overlay-opacity":"","overlay-gradient":""},"mobile":{"background-color":"var(--ast-global-color-4)","background-image":"","background-repeat":"repeat","background-position":"center center","background-size":"auto","background-attachment":"scroll","background-type":"","background-media":"","overlay-type":"","overlay-color":"","overlay-opacity":"","overlay-gradient":""}},"footnotes":"","_members_access_role":[],"_members_access_error":""},"categories":[1],"tags":[],"class_list":["post-8541","post","type-post","status-publish","format-standard","has-post-thumbnail","hentry","category-sin-categoria"],"uagb_featured_image_src":{"full":["https:\/\/cdsalta.gob.ar\/wp-content\/uploads\/2026\/08\/55478503403_76d219f563_c-1.jpg",799,533,false],"thumbnail":["https:\/\/cdsalta.gob.ar\/wp-content\/uploads\/2026\/08\/55478503403_76d219f563_c-1-150x150.jpg",150,150,true],"medium":["https:\/\/cdsalta.gob.ar\/wp-content\/uploads\/2026\/08\/55478503403_76d219f563_c-1-300x200.jpg",300,200,true],"medium_large":["https:\/\/cdsalta.gob.ar\/wp-content\/uploads\/2026\/08\/55478503403_76d219f563_c-1-768x512.jpg",768,512,true],"large":["https:\/\/cdsalta.gob.ar\/wp-content\/uploads\/2026\/08\/55478503403_76d219f563_c-1.jpg",799,533,false],"1536x1536":["https:\/\/cdsalta.gob.ar\/wp-content\/uploads\/2026\/08\/55478503403_76d219f563_c-1.jpg",799,533,false],"2048x2048":["https:\/\/cdsalta.gob.ar\/wp-content\/uploads\/2026\/08\/55478503403_76d219f563_c-1.jpg",799,533,false],"mailpoet_newsletter_max":["https:\/\/cdsalta.gob.ar\/wp-content\/uploads\/2026\/08\/55478503403_76d219f563_c-1.jpg",799,533,false]},"uagb_author_info":{"display_name":"Prensa","author_link":"https:\/\/cdsalta.gob.ar\/index.php\/author\/prensa\/"},"uagb_comment_info":0,"uagb_excerpt":"La Comisi\u00f3n de Medio Ambiente, Higiene y Seguridad se reunir\u00e1 ma\u00f1ana, a horas 9.00, para continuar analizando un Proyecto de [&hellip;]","_links":{"self":[{"href":"https:\/\/cdsalta.gob.ar\/index.php\/wp-json\/wp\/v2\/posts\/8541","targetHints":{"allow":["GET"]}}],"collection":[{"href":"https:\/\/cdsalta.gob.ar\/index.php\/wp-json\/wp\/v2\/posts"}],"about":[{"href":"https:\/\/cdsalta.gob.ar\/index.php\/wp-json\/wp\/v2\/types\/post"}],"author":[{"embeddable":true,"href":"https:\/\/cdsalta.gob.ar\/index.php\/wp-json\/wp\/v2\/users\/2"}],"replies":[{"embeddable":true,"href":"https:\/\/cdsalta.gob.ar\/index.php\/wp-json\/wp\/v2\/comments?post=8541"}],"version-history":[{"count":1,"href":"https:\/\/cdsalta.gob.ar\/index.php\/wp-json\/wp\/v2\/posts\/8541\/revisions"}],"predecessor-version":[{"id":8554,"href":"https:\/\/cdsalta.gob.ar\/index.php\/wp-json\/wp\/v2\/posts\/8541\/revisions\/8554"}],"wp:featuredmedia":[{"embeddable":true,"href":"https:\/\/cdsalta.gob.ar\/index.php\/wp-json\/wp\/v2\/media\/8221"}],"wp:attachment":[{"href":"https:\/\/cdsalta.gob.ar\/index.php\/wp-json\/wp\/v2\/media?parent=8541"}],"wp:term":[{"taxonomy":"category","embeddable":true,"href":"https:\/\/cdsalta.gob.ar\/index.php\/wp-json\/wp\/v2\/categories?post=8541"},{"taxonomy":"post_tag","embeddable":true,"href":"https:\/\/cdsalta.gob.ar\/index.php\/wp-json\/wp\/v2\/tags?post=8541"}],"curies":[{"name":"wp","href":"https:\/\/api.w.org\/{rel}","templated":true}]}}