{"id":8542,"date":"2026-09-03T14:04:32","date_gmt":"2026-09-03T17:04:32","guid":{"rendered":"https:\/\/cdsalta.gob.ar\/?p=8542"},"modified":"2026-09-03T14:04:32","modified_gmt":"2026-09-03T17:04:32","slug":"dictaminaron-a-favor-del-proyecto-que-propone-reconocer-a-la-escarapela-andina-e-instituir-su-dia-municipal","status":"publish","type":"post","link":"https:\/\/cdsalta.gob.ar\/index.php\/2026\/09\/03\/dictaminaron-a-favor-del-proyecto-que-propone-reconocer-a-la-escarapela-andina-e-instituir-su-dia-municipal\/","title":{"rendered":"<span style='font-size:16px;font-weight:normal;'>Se agregan tres pedidos de reconocimiento<\/span> <br> <span style='font-size:20px;font-weight:bold;'>Dictaminaron a favor del Proyecto que propone reconocer a la \u00abEscarapela Andina\u00bb e instituir su D\u00eda Municipal<\/span>"},"content":{"rendered":"<p style=\"text-align: justify\"><strong><img loading=\"lazy\" decoding=\"async\" class=\"aligncenter size-full wp-image-8548\" src=\"https:\/\/cdsalta.gob.ar\/wp-content\/uploads\/2026\/09\/55506001216_39045eb411_c.jpg\" alt=\"\" width=\"800\" height=\"533\" srcset=\"https:\/\/cdsalta.gob.ar\/wp-content\/uploads\/2026\/09\/55506001216_39045eb411_c.jpg 800w, https:\/\/cdsalta.gob.ar\/wp-content\/uploads\/2026\/09\/55506001216_39045eb411_c-300x200.jpg 300w, https:\/\/cdsalta.gob.ar\/wp-content\/uploads\/2026\/09\/55506001216_39045eb411_c-768x512.jpg 768w\" sizes=\"auto, (max-width: 800px) 100vw, 800px\" \/>En el marco de la Comisi\u00f3n de Cultura, Turismo, Recreaci\u00f3n, Educaci\u00f3n, Prensa y Relaciones Interjurisdiccionales, los concejales otorgaron dictamen favorable a un Proyecto de Ordenanza y a tres de Resoluci\u00f3n. El primero propone reconocer a la \u00abEscarapela Andina\u00bb e instituir el 24 de junio de cada a\u00f1o como el \u00abDia de la Escarapela Andina\u201d en el ambiro de la ciudad de Salta. El expediente fue remitido a la Comisi\u00f3n de Legislaci\u00f3n General para dar continuidad a su estudio. Los restantes Proyectos buscan reconocer la trayectoria profesional del comisario Mario Alberto Gallardo, el evento denominado Congreso Educativo \u00abPresencia que Educa y Transforma\u00bb; y la Gala de la 1\u00b0 Edici\u00f3n de la Cena de \u00c9poca Solidaria a beneficio de entidades sin fines de Lucro.<\/strong><\/p>\n<p style=\"text-align: justify\"><strong>Por otra parte, los miembros de la Comisi\u00f3n resolvieron invitar al pr\u00f3ximo encuentro a funcionarios municipales de la Secretar\u00edas de Obras P\u00fablicas y Espacios P\u00fablicos. Esto a los fines de analizar conjuntamente un Proyecto de Ordenanza que propone crear el \u201cPaseo Hist\u00f3rico, Cultural y Tur\u00edstico Sendero de la Inmortalidad del H\u00e9roe Gaucho\u201d, en el espacio ubicado en Av. Delgadillo y Asunci\u00f3n de la ciudad de Salta.<\/strong><\/p>\n<p style=\"text-align: justify\">En primer lugar, la mesa de trabajo analiz\u00f3 y dio visto bueno a un Proyecto de Ordenanza impulsado por la concejala Malvina Gareca (PC). El mismo propone <strong>reconocer a la \u00abEscarapela Andina\u00bb<\/strong>, dise\u00f1o que integra los colores celeste y blanco de la Bandera Nacional y los colores del emblema Wiphala, como s\u00edmbolo de hermandad, diversidad cultural y reconocimiento a las ra\u00edces ancestrales de nuestro territorio. Adem\u00e1s, el articulado requiere <strong>instituir el 24 de junio de cada a\u00f1o en el \u00e1mbito del Municipio, como el \u00abDia de la Escarapela Andina\u00bb<\/strong>, en coincidencia con la festividad del Inti Raymi. A su vez la norma contempla actividades informativas y conmemorativas a cargo del DEM durante este periodo; e invitar a organismos comunitarios, sociales y educativos a adoptar el uso del s\u00edmbolo.<\/p>\n<p style=\"text-align: justify\">A instancias de la legisladora Laura Garc\u00eda (VS), se suma un Proyecto de Resoluci\u00f3n que solicita <strong>destacar la trayectoria profesional del comisario Mario Alberto Gallardo<\/strong>, por su formaci\u00f3n acad\u00e9mica y el invaluable aporte cient\u00edfico. En los <strong>Considerandos<\/strong> del escrito se se\u00f1ala que, en un hito de trascendental relevancia hist\u00f3rica e institucional para nuestra comunidad, ha obtenido el m\u00e1ximo grado acad\u00e9mico de Doctor en Criminolog\u00eda, otorgado por la Atlantic International University de los Estados Unidos de Am\u00e9rica.<\/p>\n<p style=\"text-align: justify\">Dando respuesta a presentaciones realizadas por entidades de la ciudad, los concejales elaboraron y dictaminaron a favor de dos iniciativas. Una de ellas pide declarar de Inter\u00e9s Municipal <strong>el evento denominado Congreso Educativo \u00abPresencia que Educa y Transforma\u00bb<\/strong>, a realizarse en los d\u00edas 29, 30 y 31 de octubre en el Colegio Salesiano \u00c1ngel Zerda. Mientras que el restante busca reconocer <strong>la Gala de la 1\u00b0 Edici\u00f3n de la Cena de \u00c9poca Solidaria a beneficio de entidades sin fines de Lucro de nuestra comunidad<\/strong>, en el marco de la Premiaci\u00f3n \u00abHero\u00ednas de la Patria, Gertrudis Medieros 2026\u201d. La actividad tendr\u00e1 lugar el 19 de septiembre en el Hotel Salta.<\/p>\n<p style=\"text-align: justify\">La reuni\u00f3n de la fecha fue encabezada por el edil David Leiva (MM), con el acompa\u00f1amiento de sus pares Jos\u00e9 Garc\u00eda (YP), Erica Castro, Florencia Le\u00f3n (ambas de LLA), Malvina Gareca (PC) y Pablo L\u00f3pez (LP).<\/p>\n","protected":false},"excerpt":{"rendered":"<p>En el marco de la Comisi\u00f3n de Cultura, Turismo, Recreaci\u00f3n, Educaci\u00f3n, Prensa y Relaciones Interjurisdiccionales, los concejales otorgaron dictamen favorable [&hellip;]<\/p>\n","protected":false},"author":2,"featured_media":8548,"comment_status":"closed","ping_status":"closed","sticky":false,"template":"","format":"standard","meta":{"_uag_custom_page_level_css":"","site-sidebar-layout":"default","site-content-layout":"","ast-site-content-layout":"default","site-content-style":"default","site-sidebar-style":"default","ast-global-header-display":"","ast-banner-title-visibility":"","ast-main-header-display":"","ast-hfb-above-header-display":"","ast-hfb-below-header-display":"","ast-hfb-mobile-header-display":"","site-post-title":"","ast-breadcrumbs-content":"","ast-featured-img":"","footer-sml-layout":"","ast-disable-related-posts":"","theme-transparent-header-meta":"default","adv-header-id-meta":"","stick-header-meta":"","header-above-stick-meta":"","header-main-stick-meta":"","header-below-stick-meta":"","astra-migrate-meta-layouts":"set","ast-page-background-enabled":"default","ast-page-background-meta":{"desktop":{"background-color":"var(--ast-global-color-5)","background-image":"","background-repeat":"repeat","background-position":"center center","background-size":"auto","background-attachment":"scroll","background-type":"","background-media":"","overlay-type":"","overlay-color":"","overlay-opacity":"","overlay-gradient":""},"tablet":{"background-color":"","background-image":"","background-repeat":"repeat","background-position":"center center","background-size":"auto","background-attachment":"scroll","background-type":"","background-media":"","overlay-type":"","overlay-color":"","overlay-opacity":"","overlay-gradient":""},"mobile":{"background-color":"","background-image":"","background-repeat":"repeat","background-position":"center center","background-size":"auto","background-attachment":"scroll","background-type":"","background-media":"","overlay-type":"","overlay-color":"","overlay-opacity":"","overlay-gradient":""}},"ast-content-background-meta":{"desktop":{"background-color":"var(--ast-global-color-4)","background-image":"","background-repeat":"repeat","background-position":"center center","background-size":"auto","background-attachment":"scroll","background-type":"","background-media":"","overlay-type":"","overlay-color":"","overlay-opacity":"","overlay-gradient":""},"tablet":{"background-color":"var(--ast-global-color-4)","background-image":"","background-repeat":"repeat","background-position":"center center","background-size":"auto","background-attachment":"scroll","background-type":"","background-media":"","overlay-type":"","overlay-color":"","overlay-opacity":"","overlay-gradient":""},"mobile":{"background-color":"var(--ast-global-color-4)","background-image":"","background-repeat":"repeat","background-position":"center center","background-size":"auto","background-attachment":"scroll","background-type":"","background-media":"","overlay-type":"","overlay-color":"","overlay-opacity":"","overlay-gradient":""}},"footnotes":"","_members_access_role":[],"_members_access_error":""},"categories":[1],"tags":[],"class_list":["post-8542","post","type-post","status-publish","format-standard","has-post-thumbnail","hentry","category-sin-categoria"],"uagb_featured_image_src":{"full":["https:\/\/cdsalta.gob.ar\/wp-content\/uploads\/2026\/09\/55506001216_39045eb411_c.jpg",800,533,false],"thumbnail":["https:\/\/cdsalta.gob.ar\/wp-content\/uploads\/2026\/09\/55506001216_39045eb411_c-150x150.jpg",150,150,true],"medium":["https:\/\/cdsalta.gob.ar\/wp-content\/uploads\/2026\/09\/55506001216_39045eb411_c-300x200.jpg",300,200,true],"medium_large":["https:\/\/cdsalta.gob.ar\/wp-content\/uploads\/2026\/09\/55506001216_39045eb411_c-768x512.jpg",768,512,true],"large":["https:\/\/cdsalta.gob.ar\/wp-content\/uploads\/2026\/09\/55506001216_39045eb411_c.jpg",800,533,false],"1536x1536":["https:\/\/cdsalta.gob.ar\/wp-content\/uploads\/2026\/09\/55506001216_39045eb411_c.jpg",800,533,false],"2048x2048":["https:\/\/cdsalta.gob.ar\/wp-content\/uploads\/2026\/09\/55506001216_39045eb411_c.jpg",800,533,false],"mailpoet_newsletter_max":["https:\/\/cdsalta.gob.ar\/wp-content\/uploads\/2026\/09\/55506001216_39045eb411_c.jpg",800,533,false]},"uagb_author_info":{"display_name":"Prensa","author_link":"https:\/\/cdsalta.gob.ar\/index.php\/author\/prensa\/"},"uagb_comment_info":0,"uagb_excerpt":"En el marco de la Comisi\u00f3n de Cultura, Turismo, Recreaci\u00f3n, Educaci\u00f3n, Prensa y Relaciones Interjurisdiccionales, los concejales otorgaron dictamen favorable [&hellip;]","_links":{"self":[{"href":"https:\/\/cdsalta.gob.ar\/index.php\/wp-json\/wp\/v2\/posts\/8542","targetHints":{"allow":["GET"]}}],"collection":[{"href":"https:\/\/cdsalta.gob.ar\/index.php\/wp-json\/wp\/v2\/posts"}],"about":[{"href":"https:\/\/cdsalta.gob.ar\/index.php\/wp-json\/wp\/v2\/types\/post"}],"author":[{"embeddable":true,"href":"https:\/\/cdsalta.gob.ar\/index.php\/wp-json\/wp\/v2\/users\/2"}],"replies":[{"embeddable":true,"href":"https:\/\/cdsalta.gob.ar\/index.php\/wp-json\/wp\/v2\/comments?post=8542"}],"version-history":[{"count":1,"href":"https:\/\/cdsalta.gob.ar\/index.php\/wp-json\/wp\/v2\/posts\/8542\/revisions"}],"predecessor-version":[{"id":8555,"href":"https:\/\/cdsalta.gob.ar\/index.php\/wp-json\/wp\/v2\/posts\/8542\/revisions\/8555"}],"wp:featuredmedia":[{"embeddable":true,"href":"https:\/\/cdsalta.gob.ar\/index.php\/wp-json\/wp\/v2\/media\/8548"}],"wp:attachment":[{"href":"https:\/\/cdsalta.gob.ar\/index.php\/wp-json\/wp\/v2\/media?parent=8542"}],"wp:term":[{"taxonomy":"category","embeddable":true,"href":"https:\/\/cdsalta.gob.ar\/index.php\/wp-json\/wp\/v2\/categories?post=8542"},{"taxonomy":"post_tag","embeddable":true,"href":"https:\/\/cdsalta.gob.ar\/index.php\/wp-json\/wp\/v2\/tags?post=8542"}],"curies":[{"name":"wp","href":"https:\/\/api.w.org\/{rel}","templated":true}]}}