{"id":8543,"date":"2026-09-03T14:05:35","date_gmt":"2026-09-03T17:05:35","guid":{"rendered":"https:\/\/cdsalta.gob.ar\/?p=8543"},"modified":"2026-09-03T14:05:35","modified_gmt":"2026-09-03T17:05:35","slug":"concejales-analizaron-aspectos-de-la-convocatoria-de-las-becas-deportivas-eduardo-chane","status":"publish","type":"post","link":"https:\/\/cdsalta.gob.ar\/index.php\/2026\/09\/03\/concejales-analizaron-aspectos-de-la-convocatoria-de-las-becas-deportivas-eduardo-chane\/","title":{"rendered":"<span style='font-size:16px;font-weight:normal;'>Asimismo, definieron una agenda de trabajo junto a invitados<\/span> <br> <span style='font-size:20px;font-weight:bold;'>Concejales analizaron aspectos de la convocatoria de las Becas Deportivas \u201cEduardo Cha\u00f1e\u201d<\/span>"},"content":{"rendered":"<p style=\"text-align: justify\"><strong><img loading=\"lazy\" decoding=\"async\" class=\"aligncenter size-full wp-image-8546\" src=\"https:\/\/cdsalta.gob.ar\/wp-content\/uploads\/2026\/09\/55506074308_0021fdcbc2_c.jpg\" alt=\"\" width=\"799\" height=\"533\" srcset=\"https:\/\/cdsalta.gob.ar\/wp-content\/uploads\/2026\/09\/55506074308_0021fdcbc2_c.jpg 799w, https:\/\/cdsalta.gob.ar\/wp-content\/uploads\/2026\/09\/55506074308_0021fdcbc2_c-300x200.jpg 300w, https:\/\/cdsalta.gob.ar\/wp-content\/uploads\/2026\/09\/55506074308_0021fdcbc2_c-768x512.jpg 768w\" sizes=\"auto, (max-width: 799px) 100vw, 799px\" \/>Esta ma\u00f1ana, en instalaciones del Concejo Deliberante, se llev\u00f3 a cabo una nueva reuni\u00f3n de la Comisi\u00f3n de Salud, Deportes, Infancia Juventud y Tercera Edad. En la oportunidad, los ediles dieron visto bueno a un Proyecto de Resoluci\u00f3n que propone modificar la norma que establece las Becas \u201cEduardo Cha\u00f1e\u201d al Deportista Amateur del A\u00f1o que otorga anualmente el CD, en relaci\u00f3n a los requisitos de documentaci\u00f3n de los postulantes. En este sentido, la mesa de trabajo tambi\u00e9n defini\u00f3 un cronograma para la apertura de convocatoria y proceso de selecci\u00f3n de las mencionadas becas deportivas. El periodo de convocatoria ser\u00e1 del 1 al 30 de octubre del corriente a\u00f1o. <\/strong><\/p>\n<p style=\"text-align: justify\"><strong>En otro momento del encuentro, acordaron convocar a la pr\u00f3xima reuni\u00f3n a funcionarios municipales a los fines de tratar conjuntamente el Proyecto de Ordenanza que propone regular las autorizaciones, organizaci\u00f3n, requisitos y fiscalizaci\u00f3n de eventos deportivos de car\u00e1cter competitivo y\/o recreativos que se realicen en la v\u00eda p\u00fablica dentro del Municipio. Mientras que para el encuentro del 17 de septiembre invitaron a representantes de la Facultad de Ciencias Agrarias y Veterinarias de la Universidad Cat\u00f3lica de Salta y del Instituto de Derecho Animal del Colegio de Abogados y Procuradores de Salta. Esto con el objetivo de continuar el an\u00e1lisis el Proyecto que busca crear el C\u00f3digo Municipal de Protecci\u00f3n, Bienestar Animal y Convivencia Responsable de la ciudad de Salta. <\/strong><\/p>\n<p style=\"text-align: justify\">Durante la reuni\u00f3n de la fecha, los miembros de la Comisi\u00f3n de Salud y Deportes elaboraron y dictaminaron a favor de un Proyecto de Resoluci\u00f3n. El mismo propone <strong>incorporar un inciso a la norma que crea las Becas \u201cEduardo Cha\u00f1e\u201d al Deportista Amateur del A\u00f1o en relaci\u00f3n <\/strong>a los<strong> requisitos<\/strong> para acceder a la beca vinculados a la documentaci\u00f3n que certifique edad y domicilio del postulante.<\/p>\n<p style=\"text-align: justify\">Por otra parte, <strong>los concejales definieron un cronograma de trabajo para el proceso de postulaci\u00f3n y selecci\u00f3n de aspirantes a las becas deportivas que otorga cada a\u00f1o el Concejo Deliberante<\/strong>. De esta manera, se dispuso el <strong>periodo de convocatoria del 1 al 30 de octubre<\/strong>. Mientras que <strong>el proceso de selecci\u00f3n se realizar\u00e1 en el mes de noviembre<\/strong> por parte de los integrantes de la Comisi\u00f3n de Deportes, funcionarios municipales y provinciales, as\u00ed como periodistas deportivos, finalizando con la <strong>entrega de las becas<\/strong> el 26 de noviembre.<\/p>\n<p style=\"text-align: justify\">El espacio de trabajo fue presidido por la edila In\u00e9s Bennassar (GSC), quien estuvo acompa\u00f1ada por sus pares Gonzalo Nieva (J), Florencia Le\u00f3n (LLA), Jos\u00e9 Luis Arias (YP) y Pablo L\u00f3pez (LP).<\/p>\n","protected":false},"excerpt":{"rendered":"<p>Esta ma\u00f1ana, en instalaciones del Concejo Deliberante, se llev\u00f3 a cabo una nueva reuni\u00f3n de la Comisi\u00f3n de Salud, Deportes, [&hellip;]<\/p>\n","protected":false},"author":2,"featured_media":8546,"comment_status":"closed","ping_status":"closed","sticky":false,"template":"","format":"standard","meta":{"_uag_custom_page_level_css":"","site-sidebar-layout":"default","site-content-layout":"","ast-site-content-layout":"default","site-content-style":"default","site-sidebar-style":"default","ast-global-header-display":"","ast-banner-title-visibility":"","ast-main-header-display":"","ast-hfb-above-header-display":"","ast-hfb-below-header-display":"","ast-hfb-mobile-header-display":"","site-post-title":"","ast-breadcrumbs-content":"","ast-featured-img":"","footer-sml-layout":"","ast-disable-related-posts":"","theme-transparent-header-meta":"default","adv-header-id-meta":"","stick-header-meta":"","header-above-stick-meta":"","header-main-stick-meta":"","header-below-stick-meta":"","astra-migrate-meta-layouts":"set","ast-page-background-enabled":"default","ast-page-background-meta":{"desktop":{"background-color":"var(--ast-global-color-5)","background-image":"","background-repeat":"repeat","background-position":"center center","background-size":"auto","background-attachment":"scroll","background-type":"","background-media":"","overlay-type":"","overlay-color":"","overlay-opacity":"","overlay-gradient":""},"tablet":{"background-color":"","background-image":"","background-repeat":"repeat","background-position":"center center","background-size":"auto","background-attachment":"scroll","background-type":"","background-media":"","overlay-type":"","overlay-color":"","overlay-opacity":"","overlay-gradient":""},"mobile":{"background-color":"","background-image":"","background-repeat":"repeat","background-position":"center center","background-size":"auto","background-attachment":"scroll","background-type":"","background-media":"","overlay-type":"","overlay-color":"","overlay-opacity":"","overlay-gradient":""}},"ast-content-background-meta":{"desktop":{"background-color":"var(--ast-global-color-4)","background-image":"","background-repeat":"repeat","background-position":"center center","background-size":"auto","background-attachment":"scroll","background-type":"","background-media":"","overlay-type":"","overlay-color":"","overlay-opacity":"","overlay-gradient":""},"tablet":{"background-color":"var(--ast-global-color-4)","background-image":"","background-repeat":"repeat","background-position":"center center","background-size":"auto","background-attachment":"scroll","background-type":"","background-media":"","overlay-type":"","overlay-color":"","overlay-opacity":"","overlay-gradient":""},"mobile":{"background-color":"var(--ast-global-color-4)","background-image":"","background-repeat":"repeat","background-position":"center center","background-size":"auto","background-attachment":"scroll","background-type":"","background-media":"","overlay-type":"","overlay-color":"","overlay-opacity":"","overlay-gradient":""}},"footnotes":"","_members_access_role":[],"_members_access_error":""},"categories":[1],"tags":[],"class_list":["post-8543","post","type-post","status-publish","format-standard","has-post-thumbnail","hentry","category-sin-categoria"],"uagb_featured_image_src":{"full":["https:\/\/cdsalta.gob.ar\/wp-content\/uploads\/2026\/09\/55506074308_0021fdcbc2_c.jpg",799,533,false],"thumbnail":["https:\/\/cdsalta.gob.ar\/wp-content\/uploads\/2026\/09\/55506074308_0021fdcbc2_c-150x150.jpg",150,150,true],"medium":["https:\/\/cdsalta.gob.ar\/wp-content\/uploads\/2026\/09\/55506074308_0021fdcbc2_c-300x200.jpg",300,200,true],"medium_large":["https:\/\/cdsalta.gob.ar\/wp-content\/uploads\/2026\/09\/55506074308_0021fdcbc2_c-768x512.jpg",768,512,true],"large":["https:\/\/cdsalta.gob.ar\/wp-content\/uploads\/2026\/09\/55506074308_0021fdcbc2_c.jpg",799,533,false],"1536x1536":["https:\/\/cdsalta.gob.ar\/wp-content\/uploads\/2026\/09\/55506074308_0021fdcbc2_c.jpg",799,533,false],"2048x2048":["https:\/\/cdsalta.gob.ar\/wp-content\/uploads\/2026\/09\/55506074308_0021fdcbc2_c.jpg",799,533,false],"mailpoet_newsletter_max":["https:\/\/cdsalta.gob.ar\/wp-content\/uploads\/2026\/09\/55506074308_0021fdcbc2_c.jpg",799,533,false]},"uagb_author_info":{"display_name":"Prensa","author_link":"https:\/\/cdsalta.gob.ar\/index.php\/author\/prensa\/"},"uagb_comment_info":0,"uagb_excerpt":"Esta ma\u00f1ana, en instalaciones del Concejo Deliberante, se llev\u00f3 a cabo una nueva reuni\u00f3n de la Comisi\u00f3n de Salud, Deportes, [&hellip;]","_links":{"self":[{"href":"https:\/\/cdsalta.gob.ar\/index.php\/wp-json\/wp\/v2\/posts\/8543","targetHints":{"allow":["GET"]}}],"collection":[{"href":"https:\/\/cdsalta.gob.ar\/index.php\/wp-json\/wp\/v2\/posts"}],"about":[{"href":"https:\/\/cdsalta.gob.ar\/index.php\/wp-json\/wp\/v2\/types\/post"}],"author":[{"embeddable":true,"href":"https:\/\/cdsalta.gob.ar\/index.php\/wp-json\/wp\/v2\/users\/2"}],"replies":[{"embeddable":true,"href":"https:\/\/cdsalta.gob.ar\/index.php\/wp-json\/wp\/v2\/comments?post=8543"}],"version-history":[{"count":1,"href":"https:\/\/cdsalta.gob.ar\/index.php\/wp-json\/wp\/v2\/posts\/8543\/revisions"}],"predecessor-version":[{"id":8556,"href":"https:\/\/cdsalta.gob.ar\/index.php\/wp-json\/wp\/v2\/posts\/8543\/revisions\/8556"}],"wp:featuredmedia":[{"embeddable":true,"href":"https:\/\/cdsalta.gob.ar\/index.php\/wp-json\/wp\/v2\/media\/8546"}],"wp:attachment":[{"href":"https:\/\/cdsalta.gob.ar\/index.php\/wp-json\/wp\/v2\/media?parent=8543"}],"wp:term":[{"taxonomy":"category","embeddable":true,"href":"https:\/\/cdsalta.gob.ar\/index.php\/wp-json\/wp\/v2\/categories?post=8543"},{"taxonomy":"post_tag","embeddable":true,"href":"https:\/\/cdsalta.gob.ar\/index.php\/wp-json\/wp\/v2\/tags?post=8543"}],"curies":[{"name":"wp","href":"https:\/\/api.w.org\/{rel}","templated":true}]}}