{"id":8544,"date":"2026-09-03T14:06:28","date_gmt":"2026-09-03T17:06:28","guid":{"rendered":"https:\/\/cdsalta.gob.ar\/?p=8544"},"modified":"2026-09-03T14:06:28","modified_gmt":"2026-09-03T17:06:28","slug":"ocho-iniciativas-obtuvieron-dictamen-favorable-en-comision-de-obras-publicas","status":"publish","type":"post","link":"https:\/\/cdsalta.gob.ar\/index.php\/2026\/09\/03\/ocho-iniciativas-obtuvieron-dictamen-favorable-en-comision-de-obras-publicas\/","title":{"rendered":"<span style='font-size:16px;font-weight:normal;'>Se trata de un Proyecto de Ordenanza, seis de Resoluci\u00f3n y uno de Solicitud de Informe<\/span> <br> <span style='font-size:20px;font-weight:bold;'>Ocho iniciativas obtuvieron dictamen  favorable en Comisi\u00f3n de Obras P\u00fablicas<\/span>"},"content":{"rendered":"<p style=\"text-align: justify\"><strong><img loading=\"lazy\" decoding=\"async\" class=\"aligncenter size-full wp-image-8547\" src=\"https:\/\/cdsalta.gob.ar\/wp-content\/uploads\/2026\/09\/55504982807_a13c4908c4_c.jpg\" alt=\"\" width=\"800\" height=\"534\" srcset=\"https:\/\/cdsalta.gob.ar\/wp-content\/uploads\/2026\/09\/55504982807_a13c4908c4_c.jpg 800w, https:\/\/cdsalta.gob.ar\/wp-content\/uploads\/2026\/09\/55504982807_a13c4908c4_c-300x200.jpg 300w, https:\/\/cdsalta.gob.ar\/wp-content\/uploads\/2026\/09\/55504982807_a13c4908c4_c-768x513.jpg 768w\" sizes=\"auto, (max-width: 800px) 100vw, 800px\" \/>Los integrantes de la Comisi\u00f3n de Obras P\u00fablicas y Urbanismo analizaron una serie de expedientes incluidos en el temario de la fecha y resolvieron otorgar dictamen favorable a un Proyecto de Ordenanza, seis de Resoluci\u00f3n y uno de Solicitud de Informe. La primera iniciativa est\u00e1 vinculada a la evaluaci\u00f3n de los t\u00e9rminos de la Ordenanza que autoriza a un vecino al uso de una superficie de terreno a t\u00edtulo oneroso, propuesta que obtuvo dos dict\u00e1menes. La iniciativa fue remitida a la Comisi\u00f3n de Hacienda, Presupuesto y Cuentas para dar continuidad a su estudio. Otras de las iniciativas solicitan al Departamento Ejecutivo Municipal la ejecuci\u00f3n de obras de bacheo, pavimentaci\u00f3n, construcci\u00f3n de rampas, nivelado, enripiado, cercado y colocaci\u00f3n de elementos de protecci\u00f3n peatonal, en distintos sectores de la ciudad. La restante requiere informaci\u00f3n sobre la ejecuci\u00f3n de una obra p\u00fablica de construcci\u00f3n de cord\u00f3n cuneta en barrio Leandro Alem.<\/strong><\/p>\n<p style=\"text-align: justify\">Durante el encuentro, los concejales analizaron un expediente presentado por un particular, en el que se solicita se <strong>eval\u00faen los t\u00e9rminos de la Ordenanza que autoriza a un vecino al uso de una superficie de terreno a t\u00edtulo oneroso<\/strong>. Como parte del an\u00e1lisis de la presentaci\u00f3n, se tuvo en cuenta el informe socioecon\u00f3mico elaborado por el \u00e1rea de Servicio Social del Concejo Deliberante, en el que se consigna que el solicitante es un adulto mayor que vive solo y presenta una discapacidad, se encuentra en situaci\u00f3n de vulnerabilidad social y habitacional y percibe una Pensi\u00f3n No Contributiva por Invalidez Laboral. Luego del an\u00e1lisis, el expediente <strong>obtuvo dos dict\u00e1menes<\/strong>: uno de mayor\u00eda, que propone modificar la Ordenanza de otorgamiento en lo referido al valor del terreno, y otro de minor\u00eda, que plantea derogar la norma y disponer el uso vitalicio del espacio a favor del solicitante.<\/p>\n<p style=\"text-align: justify\">Por otra parte, se otorg\u00f3 dictamen favorable a un Proyecto de Resoluci\u00f3n que unifica iniciativas de los concejales \u00c9rica Castro (LLA) y Jos\u00e9 Garc\u00eda (YP), mediante el cual se solicita al Departamento Ejecutivo Municipal la ejecuci\u00f3n de <strong>obras de bacheo o cambio de placas de hormig\u00f3n<\/strong>, seg\u00fan corresponda, en distintos sectores de los barrios Bancario y San Francisco, adem\u00e1s de la intersecci\u00f3n de las calles Rudecindo Alvarado y Carlos Pellegrini, en el \u00e1rea centro.<\/p>\n<p style=\"text-align: justify\">Asimismo, obtuvo dictamen favorable un Proyecto de Resoluci\u00f3n que unifica dos expedientes presentados por el concejal Jos\u00e9 Garc\u00eda y un particular, solicitando al DEM que incorpore al Plan de Obras del Presupuesto General 2027 distintos trabajos de <strong>pavimentaci\u00f3n<\/strong> en los barrios Los Profesionales y Miguel Ar\u00e1oz.<\/p>\n<p style=\"text-align: justify\">En tanto, mediante una iniciativa del concejal V\u00edctor Lamberto (PS), se solicit\u00f3 la <strong>instalaci\u00f3n de rampas para personas con movilidad reducida<\/strong> en las cuatro esquinas de la intersecci\u00f3n de las calles Santiago del Estero y 25 de Mayo, en el \u00e1rea centro, previo estudio de factibilidad t\u00e9cnica y conforme a la normativa vigente en materia de accesibilidad.<\/p>\n<p style=\"text-align: justify\">Tambi\u00e9n recibi\u00f3 dictamen favorable un Proyecto de Resoluci\u00f3n del concejal Rodrigo Quinteros (LLA), mediante el cual se solicita la ejecuci\u00f3n de obras de <strong>nivelado y enripiado<\/strong> en pasaje Mar del Norte, entre calle Mar Amarillo y avenida Palestina, de barrio Don Santiago.<\/p>\n<p style=\"text-align: justify\">A su vez, a partir de la presentaci\u00f3n de un vecino, los ediles elaboraron una iniciativa que solicita al Departamento Ejecutivo Municipal la ejecuci\u00f3n de <strong>obras de cercado<\/strong> del predio ubicado en pasaje Ricardo Serenata Saavedra, entre calles Presidente N\u00e9stor Carlos Kirchner y Chacho Pe\u00f1aloza, de barrio Santa Clara de As\u00eds, previo estudio de factibilidad t\u00e9cnica.<\/p>\n<p style=\"text-align: justify\">Por otro lado, tras analizar un expediente presentado por un particular, se elabor\u00f3 un Proyecto de Resoluci\u00f3n que solicita al DEM disponer, con car\u00e1cter urgente, la <strong>instalaci\u00f3n de bolardos<\/strong> de protecci\u00f3n peatonal o barreras de contenci\u00f3n vehicular en la intersecci\u00f3n de las calles Mendoza y Francisco Narciso de Laprida, espec\u00edficamente en la esquina sur-sureste de villa Chartas, con el objetivo de reforzar la protecci\u00f3n de los peatones, prevenir siniestros viales y mejorar las condiciones de seguridad vial.<\/p>\n<p style=\"text-align: justify\">Finalmente, la Comisi\u00f3n otorg\u00f3 dictamen favorable a un Proyecto de Solicitud de Informe impulsado por la concejala Agustina \u00c1lvarez Eichele, mediante la cual se requiere al Departamento Ejecutivo Municipal <strong>informaci\u00f3n sobre la obra de construcci\u00f3n de cord\u00f3n cuneta en barrio Leandro Alem<\/strong>, aprobada mediante Resoluci\u00f3n N.\u00ba 21 del corriente a\u00f1o. Se solicita informaci\u00f3n sobre el estado y avance de la obra, las causas de su eventual paralizaci\u00f3n, los recursos ejecutados, la situaci\u00f3n presupuestaria, la reanudaci\u00f3n de los trabajos y la documentaci\u00f3n t\u00e9cnica correspondiente.<\/p>\n<p style=\"text-align: justify\">La reuni\u00f3n de Comisi\u00f3n fue presidida por la concejala Alicia Vargas, acompa\u00f1ada por sus pares V\u00edctor Lamberto, Camila Lobo (ambos de PS), Jos\u00e9 Luis Arias (YP), Agustina \u00c1lvarez Eichele, Rodrigo Quinteros, Erica Castro (todos de LLA), Malvina Gareca (PC) y Gonzalo Nieva (J).<\/p>\n","protected":false},"excerpt":{"rendered":"<p>Los integrantes de la Comisi\u00f3n de Obras P\u00fablicas y Urbanismo analizaron una serie de expedientes incluidos en el temario de [&hellip;]<\/p>\n","protected":false},"author":2,"featured_media":8547,"comment_status":"closed","ping_status":"closed","sticky":false,"template":"","format":"standard","meta":{"_uag_custom_page_level_css":"","site-sidebar-layout":"default","site-content-layout":"","ast-site-content-layout":"default","site-content-style":"default","site-sidebar-style":"default","ast-global-header-display":"","ast-banner-title-visibility":"","ast-main-header-display":"","ast-hfb-above-header-display":"","ast-hfb-below-header-display":"","ast-hfb-mobile-header-display":"","site-post-title":"","ast-breadcrumbs-content":"","ast-featured-img":"","footer-sml-layout":"","ast-disable-related-posts":"","theme-transparent-header-meta":"default","adv-header-id-meta":"","stick-header-meta":"","header-above-stick-meta":"","header-main-stick-meta":"","header-below-stick-meta":"","astra-migrate-meta-layouts":"set","ast-page-background-enabled":"default","ast-page-background-meta":{"desktop":{"background-color":"var(--ast-global-color-5)","background-image":"","background-repeat":"repeat","background-position":"center center","background-size":"auto","background-attachment":"scroll","background-type":"","background-media":"","overlay-type":"","overlay-color":"","overlay-opacity":"","overlay-gradient":""},"tablet":{"background-color":"","background-image":"","background-repeat":"repeat","background-position":"center center","background-size":"auto","background-attachment":"scroll","background-type":"","background-media":"","overlay-type":"","overlay-color":"","overlay-opacity":"","overlay-gradient":""},"mobile":{"background-color":"","background-image":"","background-repeat":"repeat","background-position":"center center","background-size":"auto","background-attachment":"scroll","background-type":"","background-media":"","overlay-type":"","overlay-color":"","overlay-opacity":"","overlay-gradient":""}},"ast-content-background-meta":{"desktop":{"background-color":"var(--ast-global-color-4)","background-image":"","background-repeat":"repeat","background-position":"center center","background-size":"auto","background-attachment":"scroll","background-type":"","background-media":"","overlay-type":"","overlay-color":"","overlay-opacity":"","overlay-gradient":""},"tablet":{"background-color":"var(--ast-global-color-4)","background-image":"","background-repeat":"repeat","background-position":"center center","background-size":"auto","background-attachment":"scroll","background-type":"","background-media":"","overlay-type":"","overlay-color":"","overlay-opacity":"","overlay-gradient":""},"mobile":{"background-color":"var(--ast-global-color-4)","background-image":"","background-repeat":"repeat","background-position":"center center","background-size":"auto","background-attachment":"scroll","background-type":"","background-media":"","overlay-type":"","overlay-color":"","overlay-opacity":"","overlay-gradient":""}},"footnotes":"","_members_access_role":[],"_members_access_error":""},"categories":[1],"tags":[],"class_list":["post-8544","post","type-post","status-publish","format-standard","has-post-thumbnail","hentry","category-sin-categoria"],"uagb_featured_image_src":{"full":["https:\/\/cdsalta.gob.ar\/wp-content\/uploads\/2026\/09\/55504982807_a13c4908c4_c.jpg",800,534,false],"thumbnail":["https:\/\/cdsalta.gob.ar\/wp-content\/uploads\/2026\/09\/55504982807_a13c4908c4_c-150x150.jpg",150,150,true],"medium":["https:\/\/cdsalta.gob.ar\/wp-content\/uploads\/2026\/09\/55504982807_a13c4908c4_c-300x200.jpg",300,200,true],"medium_large":["https:\/\/cdsalta.gob.ar\/wp-content\/uploads\/2026\/09\/55504982807_a13c4908c4_c-768x513.jpg",768,513,true],"large":["https:\/\/cdsalta.gob.ar\/wp-content\/uploads\/2026\/09\/55504982807_a13c4908c4_c.jpg",800,534,false],"1536x1536":["https:\/\/cdsalta.gob.ar\/wp-content\/uploads\/2026\/09\/55504982807_a13c4908c4_c.jpg",800,534,false],"2048x2048":["https:\/\/cdsalta.gob.ar\/wp-content\/uploads\/2026\/09\/55504982807_a13c4908c4_c.jpg",800,534,false],"mailpoet_newsletter_max":["https:\/\/cdsalta.gob.ar\/wp-content\/uploads\/2026\/09\/55504982807_a13c4908c4_c.jpg",800,534,false]},"uagb_author_info":{"display_name":"Prensa","author_link":"https:\/\/cdsalta.gob.ar\/index.php\/author\/prensa\/"},"uagb_comment_info":0,"uagb_excerpt":"Los integrantes de la Comisi\u00f3n de Obras P\u00fablicas y Urbanismo analizaron una serie de expedientes incluidos en el temario de [&hellip;]","_links":{"self":[{"href":"https:\/\/cdsalta.gob.ar\/index.php\/wp-json\/wp\/v2\/posts\/8544","targetHints":{"allow":["GET"]}}],"collection":[{"href":"https:\/\/cdsalta.gob.ar\/index.php\/wp-json\/wp\/v2\/posts"}],"about":[{"href":"https:\/\/cdsalta.gob.ar\/index.php\/wp-json\/wp\/v2\/types\/post"}],"author":[{"embeddable":true,"href":"https:\/\/cdsalta.gob.ar\/index.php\/wp-json\/wp\/v2\/users\/2"}],"replies":[{"embeddable":true,"href":"https:\/\/cdsalta.gob.ar\/index.php\/wp-json\/wp\/v2\/comments?post=8544"}],"version-history":[{"count":1,"href":"https:\/\/cdsalta.gob.ar\/index.php\/wp-json\/wp\/v2\/posts\/8544\/revisions"}],"predecessor-version":[{"id":8557,"href":"https:\/\/cdsalta.gob.ar\/index.php\/wp-json\/wp\/v2\/posts\/8544\/revisions\/8557"}],"wp:featuredmedia":[{"embeddable":true,"href":"https:\/\/cdsalta.gob.ar\/index.php\/wp-json\/wp\/v2\/media\/8547"}],"wp:attachment":[{"href":"https:\/\/cdsalta.gob.ar\/index.php\/wp-json\/wp\/v2\/media?parent=8544"}],"wp:term":[{"taxonomy":"category","embeddable":true,"href":"https:\/\/cdsalta.gob.ar\/index.php\/wp-json\/wp\/v2\/categories?post=8544"},{"taxonomy":"post_tag","embeddable":true,"href":"https:\/\/cdsalta.gob.ar\/index.php\/wp-json\/wp\/v2\/tags?post=8544"}],"curies":[{"name":"wp","href":"https:\/\/api.w.org\/{rel}","templated":true}]}}