{"id":8560,"date":"2026-09-04T13:31:44","date_gmt":"2026-09-04T16:31:44","guid":{"rendered":"https:\/\/cdsalta.gob.ar\/?p=8560"},"modified":"2026-09-04T13:31:44","modified_gmt":"2026-09-04T16:31:44","slug":"alumnos-del-colegio-salesiano-participaron-de-un-nuevo-encuentro-del-programa-concejales-por-un-dia","status":"publish","type":"post","link":"https:\/\/cdsalta.gob.ar\/index.php\/2026\/09\/04\/alumnos-del-colegio-salesiano-participaron-de-un-nuevo-encuentro-del-programa-concejales-por-un-dia\/","title":{"rendered":"<span style='font-size:16px;font-weight:normal;'>La actividad busca interiorizar a los j\u00f3venes sobre la labor legislativa del CD<\/span> <br> <span style='font-size:20px;font-weight:bold;'>Alumnos del Colegio Salesiano participaron de un nuevo encuentro del programa Concejales por un D\u00eda<\/span>"},"content":{"rendered":"<p style=\"text-align: justify\"><strong><img loading=\"lazy\" decoding=\"async\" class=\"aligncenter size-full wp-image-8567\" src=\"https:\/\/cdsalta.gob.ar\/wp-content\/uploads\/2026\/09\/55507944463_9fc6b92f6c_c.jpg\" alt=\"\" width=\"799\" height=\"533\" srcset=\"https:\/\/cdsalta.gob.ar\/wp-content\/uploads\/2026\/09\/55507944463_9fc6b92f6c_c.jpg 799w, https:\/\/cdsalta.gob.ar\/wp-content\/uploads\/2026\/09\/55507944463_9fc6b92f6c_c-300x200.jpg 300w, https:\/\/cdsalta.gob.ar\/wp-content\/uploads\/2026\/09\/55507944463_9fc6b92f6c_c-768x512.jpg 768w\" sizes=\"auto, (max-width: 799px) 100vw, 799px\" \/>Esta ma\u00f1ana, el Concejo Deliberante recibi\u00f3 a 60 estudiantes del Colegio Salesiano, quienes participaron de un nuevo encuentro del programa Concejales por un D\u00eda 2026. La actividad tiene por objeto interiorizar a j\u00f3venes estudiantes sobre la labor legislativa de la instituci\u00f3n, propiciar el debate y la participaci\u00f3n ciudadana. En la ocasi\u00f3n, los alumnos recibieron una charla sobre el trabajo legislativo municipal que incluy\u00f3 caracter\u00edsticas del ordenamiento jur\u00eddico y el funcionamiento del Concejo Deliberante. Finalmente eligieron a sus representantes como concejales estudiantiles para los siguientes m\u00f3dulos.<\/strong><\/p>\n<p style=\"text-align: justify\"><strong>En el desarrollo de la actividad, el titular del CD, Dar\u00edo Madile, se dirigi\u00f3 a los j\u00f3venes y sostuvo: \u201cQueremos que se sientan c\u00f3modos de venir al Concejo cuando quieran y hacer todo tipo de consultas. Quiz\u00e1s a muchos de ustedes hoy no les interesa la pol\u00edtica, pero despu\u00e9s se despierte en ustedes la iniciativa de participar, trabajar y dedicarse a servir a la comunidad. Por eso es importante que tengan este primer contacto con la instituci\u00f3n y se lleven toda la informaci\u00f3n posible\u201d. <\/strong><\/p>\n<p style=\"text-align: justify\">El <strong>coordinador General del CD, Luis Rodr\u00edguez<\/strong>, tambi\u00e9n dio la bienvenida a los estudiantes. A su turno expres\u00f3 que <strong>\u201cel Concejo Deliberante, m\u00e1s all\u00e1 de las bander\u00edas pol\u00edticas, trabaja para el vecino sin ning\u00fan tipo de grietas\u201d<\/strong>. Asimismo, destac\u00f3 la realizaci\u00f3n del programa Concejales Por un D\u00eda, sosteniendo que \u201ccontribuye a la concientizaci\u00f3n y formaci\u00f3n de los j\u00f3venes que son el futuro de Salta\u201d.<\/p>\n<p style=\"text-align: justify\">Al inicio de la jornada, la responsable del programa, Cintia Gonz\u00e1lez, explic\u00f3 los <strong>objetivos del segundo m\u00f3dulo<\/strong> de \u201cConcejales por un D\u00eda\u201d. Posteriormente se llev\u00f3 adelante el <strong>taller de Introducci\u00f3n al Trabajo Legislativo Municipal<\/strong>, desarrollado por el abogado Mauro L\u00f3pez M\u00e9ndez, jefe del Departamento de Digesto del CD. En el encuentro, <strong>los estudiantes recibieron una charla sobre las caracter\u00edsticas del Estado, ordenamiento jur\u00eddico, divisi\u00f3n de poderes, la implementaci\u00f3n de la IA en la labor parlamentaria, el funcionamiento del Concejo Deliberante y el rol de los concejales, formulaci\u00f3n y tipos de Proyectos, adem\u00e1s de las competencias municipales<\/strong>. Durante este momento se desarroll\u00f3 un <strong>simulacro de debate<\/strong> parlamentario, donde los j\u00f3venes propusieron y votaron diferentes iniciativas de inter\u00e9s estudiantil con el fin de mejorar la calidad educativa en sus instituciones.<\/p>\n<p style=\"text-align: justify\">Adem\u00e1s, en representaci\u00f3n del \u00e1rea de Relator\u00eda del CD, Carlos Jes\u00fas Ortega, interioriz\u00f3 a los j\u00f3venes sobre la <strong>labor en Comisiones Permanentes<\/strong> y las tem\u00e1ticas que se abordan, el proceso legislativo de los Proyectos, la elaboraci\u00f3n de dict\u00e1menes y las normas ambientales vigentes.<\/p>\n<p style=\"text-align: justify\">En virtud de lo expuesto durante la jornada, <strong>los estudiantes simularon integrar Comisiones Permanentes del Concejo Deliberante, asumiendo el rol de concejales<\/strong>. En ese marco, presentaron y debatieron diversas propuestas enmarcadas en la tem\u00e1tica de la presente edici\u00f3n: \u201cIguales en derechos, diversos en capacidades\u201d. Las <strong>iniciativas expuestas<\/strong> requieren al mantenimiento de la ribera de los r\u00edos que atraviesan la ciudad, la implementaci\u00f3n de semaforizaci\u00f3n inteligente y accesible con el fin de mejorar la circulaci\u00f3n vehicular y peatonal, dotar de herramientas formativas y mayores recursos a los barrios populares; gestionar ante organismos provinciales fondos destinados a la salud p\u00fablica; la incorporaci\u00f3n de unidades del transporte p\u00fablico adaptadas para personas con discapacidad y la colocaci\u00f3n de carteler\u00eda informativa en paradas de colectivo en diferentes zonas. Otras propuestas piden obras de cord\u00f3n cuneta y pavimentaci\u00f3n, rampas para personas con movilidad reducida y fortalecer la inspecci\u00f3n de locales comerciales.<\/p>\n<p style=\"text-align: justify\">La jornada concluy\u00f3 con la <strong>elecci\u00f3n de representantes <\/strong>por parte de los alumnos de la instituci\u00f3n educativa, <strong>quienes participar\u00e1n como concejales estudiantiles en los siguientes m\u00f3dulos<\/strong>.<\/p>\n<p style=\"text-align: justify\">Tambi\u00e9n participaron de la actividad los <strong>concejales<\/strong> Rodrigo Quinteros (LLA), Gustavo Farquharson, Camila Lobo (ambos de PS) y Gonzalo Nieva (J). Durante este momento, el edil <strong>Quinteros<\/strong> tom\u00f3 la palabra para valorar la realizaci\u00f3n del programa, destacando que <strong>\u201cen pol\u00edtica es importante la participaci\u00f3n y siempre hay algo nuevo que aprender\u201d<\/strong>. En este sentido, su par <strong>Farquharson<\/strong> <strong>resalt\u00f3 que \u201ciniciativas como CPUD son fundamentales para fomentar la participaci\u00f3n ciudadana\u201d<\/strong>. A su turno, la concejala <strong>Lobo<\/strong> se\u00f1al\u00f3 que <strong>\u201cel CD es la casa de los salte\u00f1os y nos permite expresar nuestras ideas en pos del bienestar de la ciudad\u201d<\/strong>. En tanto, <strong>el edil Nieva reconoci\u00f3 los valores de la formaci\u00f3n salesiana y la importancia de la vida pol\u00edtica para la comunidad<\/strong>.<\/p>\n<p style=\"text-align: justify\"><strong>El programa continuar\u00e1 desarrollando sus diferentes m\u00f3dulos<\/strong> con la participaci\u00f3n de j\u00f3venes de distintas instituciones educativas de la Capital. En una <strong>primera etapa<\/strong>, equipos del Concejo Deliberante se trasladan a los establecimientos educativos para desarrollar talleres introductorios sobre el rol institucional del Concejo Deliberante, la accesibilidad y los buenos tratos. En el <strong>tercer modulo<\/strong>, en tanto, se brindar\u00e1n herramientas de oratoria y convivencia democr\u00e1tica, como as\u00ed tambi\u00e9n se analizar\u00e1 el guion de Sesiones y el protocolo de jura. Dando lugar a la elecci\u00f3n de autoridades estudiantiles. El <strong>cuarto modulo<\/strong>, por su parte, ser\u00e1 en modalidad virtual en el marco de una reuni\u00f3n preparatoria, donde se llevar\u00e1 a cabo la revisi\u00f3n de los anteproyectos presentados y la elaboraci\u00f3n del Orden del Dia. Finalmente, el <strong>\u00faltimo modulo <\/strong>consistir\u00e1 en un simulacro de Sesi\u00f3n con la entrega de certificados y menciones a fin de a\u00f1o. Cabe se\u00f1alar que esta actividad es una iniciativa del Cuerpo legislativo, implementada por Presidencia a trav\u00e9s de Coordinaci\u00f3n General del CD.<\/p>\n","protected":false},"excerpt":{"rendered":"<p>Esta ma\u00f1ana, el Concejo Deliberante recibi\u00f3 a 60 estudiantes del Colegio Salesiano, quienes participaron de un nuevo encuentro del programa [&hellip;]<\/p>\n","protected":false},"author":2,"featured_media":8567,"comment_status":"closed","ping_status":"closed","sticky":false,"template":"","format":"standard","meta":{"_uag_custom_page_level_css":"","site-sidebar-layout":"default","site-content-layout":"","ast-site-content-layout":"default","site-content-style":"default","site-sidebar-style":"default","ast-global-header-display":"","ast-banner-title-visibility":"","ast-main-header-display":"","ast-hfb-above-header-display":"","ast-hfb-below-header-display":"","ast-hfb-mobile-header-display":"","site-post-title":"","ast-breadcrumbs-content":"","ast-featured-img":"","footer-sml-layout":"","ast-disable-related-posts":"","theme-transparent-header-meta":"default","adv-header-id-meta":"","stick-header-meta":"","header-above-stick-meta":"","header-main-stick-meta":"","header-below-stick-meta":"","astra-migrate-meta-layouts":"set","ast-page-background-enabled":"default","ast-page-background-meta":{"desktop":{"background-color":"var(--ast-global-color-5)","background-image":"","background-repeat":"repeat","background-position":"center center","background-size":"auto","background-attachment":"scroll","background-type":"","background-media":"","overlay-type":"","overlay-color":"","overlay-opacity":"","overlay-gradient":""},"tablet":{"background-color":"","background-image":"","background-repeat":"repeat","background-position":"center center","background-size":"auto","background-attachment":"scroll","background-type":"","background-media":"","overlay-type":"","overlay-color":"","overlay-opacity":"","overlay-gradient":""},"mobile":{"background-color":"","background-image":"","background-repeat":"repeat","background-position":"center center","background-size":"auto","background-attachment":"scroll","background-type":"","background-media":"","overlay-type":"","overlay-color":"","overlay-opacity":"","overlay-gradient":""}},"ast-content-background-meta":{"desktop":{"background-color":"var(--ast-global-color-4)","background-image":"","background-repeat":"repeat","background-position":"center center","background-size":"auto","background-attachment":"scroll","background-type":"","background-media":"","overlay-type":"","overlay-color":"","overlay-opacity":"","overlay-gradient":""},"tablet":{"background-color":"var(--ast-global-color-4)","background-image":"","background-repeat":"repeat","background-position":"center center","background-size":"auto","background-attachment":"scroll","background-type":"","background-media":"","overlay-type":"","overlay-color":"","overlay-opacity":"","overlay-gradient":""},"mobile":{"background-color":"var(--ast-global-color-4)","background-image":"","background-repeat":"repeat","background-position":"center center","background-size":"auto","background-attachment":"scroll","background-type":"","background-media":"","overlay-type":"","overlay-color":"","overlay-opacity":"","overlay-gradient":""}},"footnotes":"","_members_access_role":[],"_members_access_error":""},"categories":[1],"tags":[],"class_list":["post-8560","post","type-post","status-publish","format-standard","has-post-thumbnail","hentry","category-sin-categoria"],"uagb_featured_image_src":{"full":["https:\/\/cdsalta.gob.ar\/wp-content\/uploads\/2026\/09\/55507944463_9fc6b92f6c_c.jpg",799,533,false],"thumbnail":["https:\/\/cdsalta.gob.ar\/wp-content\/uploads\/2026\/09\/55507944463_9fc6b92f6c_c-150x150.jpg",150,150,true],"medium":["https:\/\/cdsalta.gob.ar\/wp-content\/uploads\/2026\/09\/55507944463_9fc6b92f6c_c-300x200.jpg",300,200,true],"medium_large":["https:\/\/cdsalta.gob.ar\/wp-content\/uploads\/2026\/09\/55507944463_9fc6b92f6c_c-768x512.jpg",768,512,true],"large":["https:\/\/cdsalta.gob.ar\/wp-content\/uploads\/2026\/09\/55507944463_9fc6b92f6c_c.jpg",799,533,false],"1536x1536":["https:\/\/cdsalta.gob.ar\/wp-content\/uploads\/2026\/09\/55507944463_9fc6b92f6c_c.jpg",799,533,false],"2048x2048":["https:\/\/cdsalta.gob.ar\/wp-content\/uploads\/2026\/09\/55507944463_9fc6b92f6c_c.jpg",799,533,false],"mailpoet_newsletter_max":["https:\/\/cdsalta.gob.ar\/wp-content\/uploads\/2026\/09\/55507944463_9fc6b92f6c_c.jpg",799,533,false]},"uagb_author_info":{"display_name":"Prensa","author_link":"https:\/\/cdsalta.gob.ar\/index.php\/author\/prensa\/"},"uagb_comment_info":0,"uagb_excerpt":"Esta ma\u00f1ana, el Concejo Deliberante recibi\u00f3 a 60 estudiantes del Colegio Salesiano, quienes participaron de un nuevo encuentro del programa [&hellip;]","_links":{"self":[{"href":"https:\/\/cdsalta.gob.ar\/index.php\/wp-json\/wp\/v2\/posts\/8560","targetHints":{"allow":["GET"]}}],"collection":[{"href":"https:\/\/cdsalta.gob.ar\/index.php\/wp-json\/wp\/v2\/posts"}],"about":[{"href":"https:\/\/cdsalta.gob.ar\/index.php\/wp-json\/wp\/v2\/types\/post"}],"author":[{"embeddable":true,"href":"https:\/\/cdsalta.gob.ar\/index.php\/wp-json\/wp\/v2\/users\/2"}],"replies":[{"embeddable":true,"href":"https:\/\/cdsalta.gob.ar\/index.php\/wp-json\/wp\/v2\/comments?post=8560"}],"version-history":[{"count":1,"href":"https:\/\/cdsalta.gob.ar\/index.php\/wp-json\/wp\/v2\/posts\/8560\/revisions"}],"predecessor-version":[{"id":8572,"href":"https:\/\/cdsalta.gob.ar\/index.php\/wp-json\/wp\/v2\/posts\/8560\/revisions\/8572"}],"wp:featuredmedia":[{"embeddable":true,"href":"https:\/\/cdsalta.gob.ar\/index.php\/wp-json\/wp\/v2\/media\/8567"}],"wp:attachment":[{"href":"https:\/\/cdsalta.gob.ar\/index.php\/wp-json\/wp\/v2\/media?parent=8560"}],"wp:term":[{"taxonomy":"category","embeddable":true,"href":"https:\/\/cdsalta.gob.ar\/index.php\/wp-json\/wp\/v2\/categories?post=8560"},{"taxonomy":"post_tag","embeddable":true,"href":"https:\/\/cdsalta.gob.ar\/index.php\/wp-json\/wp\/v2\/tags?post=8560"}],"curies":[{"name":"wp","href":"https:\/\/api.w.org\/{rel}","templated":true}]}}