{"id":8561,"date":"2026-09-04T13:32:28","date_gmt":"2026-09-04T16:32:28","guid":{"rendered":"https:\/\/cdsalta.gob.ar\/?p=8561"},"modified":"2026-09-04T13:32:28","modified_gmt":"2026-09-04T16:32:28","slug":"convocan-a-funcionarios-municipales-para-tratar-un-proyecto-vinculado-al-parque-automotor-municipal","status":"publish","type":"post","link":"https:\/\/cdsalta.gob.ar\/index.php\/2026\/09\/04\/convocan-a-funcionarios-municipales-para-tratar-un-proyecto-vinculado-al-parque-automotor-municipal\/","title":{"rendered":"<span style='font-size:16px;font-weight:normal;'>Tambi\u00e9n analizar\u00e1n expedientes referidos a donaci\u00f3n de espacios p\u00fablicos<\/span> <br> <span style='font-size:20px;font-weight:bold;'>Convocan a funcionarios municipales para tratar  un Proyecto vinculado al parque automotor municipal<\/span>"},"content":{"rendered":"<p style=\"text-align: justify\"><strong><img loading=\"lazy\" decoding=\"async\" class=\"aligncenter size-full wp-image-8463\" src=\"https:\/\/cdsalta.gob.ar\/wp-content\/uploads\/2026\/08\/55500063705_a86215315e_c.jpg\" alt=\"\" width=\"799\" height=\"533\" srcset=\"https:\/\/cdsalta.gob.ar\/wp-content\/uploads\/2026\/08\/55500063705_a86215315e_c.jpg 799w, https:\/\/cdsalta.gob.ar\/wp-content\/uploads\/2026\/08\/55500063705_a86215315e_c-300x200.jpg 300w, https:\/\/cdsalta.gob.ar\/wp-content\/uploads\/2026\/08\/55500063705_a86215315e_c-768x512.jpg 768w\" sizes=\"auto, (max-width: 799px) 100vw, 799px\" \/>En el marco de la pr\u00f3xima reuni\u00f3n de la Comisi\u00f3n de Tr\u00e1nsito, Transporte y Seguridad Vial, a realizarse este lunes a horas 9.00, los ediles convocaron a funcionarios de la jefatura de Gabinete Municipal con el objetivo de analizar conjuntamente un Proyecto de Ordenanza. El mismo propone la creaci\u00f3n del Sistema Municipal de Transparencia, Control y Trazabilidad del Parque Automotor. Por otra parte, a horas 9:30, se prev\u00e9 recibir a la coordinadora de Planificaci\u00f3n Territorial de la Municipalidad, Mariana Zoricich, a fin de abordar el estado de <\/strong><strong>expedientes vinculados con donaciones y\/o transferencias al dominio municipal de espacios p\u00fablicos. <\/strong><\/p>\n<p style=\"text-align: justify\">En primer lugar, la mesa de trabajo analizar\u00e1 un Proyecto de autor\u00eda de la concejala Erica Castro (LLA) que propone <strong>crear el Sistema Municipal de Transparencia, Control y Trazabilidad del Parque Automotor<\/strong>. La propuesta consigna como objetivos fortalecer la identificaci\u00f3n, registro, administraci\u00f3n, conservaci\u00f3n, control y utilizaci\u00f3n eficiente del parque automotor de la Municipalidad de la Ciudad de Salta. <strong>Con el objetivo de intercambiar informaci\u00f3n sobre la labor del DEM en la tem\u00e1tica, los ediles convocaron al jefe de Gabinete Municipal<\/strong>, Juan Manuel Chalabe, o al funcionario que considere.<\/p>\n<p style=\"text-align: justify\"><strong>Los concejales invitaron adem\u00e1s a participar del encuentro a la coordinadora de Planificaci\u00f3n Territorial de la Municipalidad, Mariana Zoricich<\/strong>. La invitaci\u00f3n surge a partir del abordaje de expedientes vinculados con la <strong>formalizaci\u00f3n de donaci\u00f3n y\/o transferencia al dominio municipal de espacios destinados al uso p\u00fablico<\/strong>, los cuales requieren ser analizados de manera conjunta.<\/p>\n<p style=\"text-align: justify\">La Comisi\u00f3n de Tr\u00e1nsito es integrada por los ediles Agustina \u00c1lvarez Eichele, Laura Jorge Saravia (ambas de LLA), Gonzalo Nieva (J), Gustavo Farquharson y Eliana Chuchuy (ambos de PS).<\/p>\n","protected":false},"excerpt":{"rendered":"<p>En el marco de la pr\u00f3xima reuni\u00f3n de la Comisi\u00f3n de Tr\u00e1nsito, Transporte y Seguridad Vial, a realizarse este lunes [&hellip;]<\/p>\n","protected":false},"author":2,"featured_media":8463,"comment_status":"closed","ping_status":"closed","sticky":false,"template":"","format":"standard","meta":{"_uag_custom_page_level_css":"","site-sidebar-layout":"default","site-content-layout":"","ast-site-content-layout":"default","site-content-style":"default","site-sidebar-style":"default","ast-global-header-display":"","ast-banner-title-visibility":"","ast-main-header-display":"","ast-hfb-above-header-display":"","ast-hfb-below-header-display":"","ast-hfb-mobile-header-display":"","site-post-title":"","ast-breadcrumbs-content":"","ast-featured-img":"","footer-sml-layout":"","ast-disable-related-posts":"","theme-transparent-header-meta":"default","adv-header-id-meta":"","stick-header-meta":"","header-above-stick-meta":"","header-main-stick-meta":"","header-below-stick-meta":"","astra-migrate-meta-layouts":"set","ast-page-background-enabled":"default","ast-page-background-meta":{"desktop":{"background-color":"var(--ast-global-color-5)","background-image":"","background-repeat":"repeat","background-position":"center center","background-size":"auto","background-attachment":"scroll","background-type":"","background-media":"","overlay-type":"","overlay-color":"","overlay-opacity":"","overlay-gradient":""},"tablet":{"background-color":"","background-image":"","background-repeat":"repeat","background-position":"center center","background-size":"auto","background-attachment":"scroll","background-type":"","background-media":"","overlay-type":"","overlay-color":"","overlay-opacity":"","overlay-gradient":""},"mobile":{"background-color":"","background-image":"","background-repeat":"repeat","background-position":"center center","background-size":"auto","background-attachment":"scroll","background-type":"","background-media":"","overlay-type":"","overlay-color":"","overlay-opacity":"","overlay-gradient":""}},"ast-content-background-meta":{"desktop":{"background-color":"var(--ast-global-color-4)","background-image":"","background-repeat":"repeat","background-position":"center center","background-size":"auto","background-attachment":"scroll","background-type":"","background-media":"","overlay-type":"","overlay-color":"","overlay-opacity":"","overlay-gradient":""},"tablet":{"background-color":"var(--ast-global-color-4)","background-image":"","background-repeat":"repeat","background-position":"center center","background-size":"auto","background-attachment":"scroll","background-type":"","background-media":"","overlay-type":"","overlay-color":"","overlay-opacity":"","overlay-gradient":""},"mobile":{"background-color":"var(--ast-global-color-4)","background-image":"","background-repeat":"repeat","background-position":"center center","background-size":"auto","background-attachment":"scroll","background-type":"","background-media":"","overlay-type":"","overlay-color":"","overlay-opacity":"","overlay-gradient":""}},"footnotes":"","_members_access_role":[],"_members_access_error":""},"categories":[1],"tags":[],"class_list":["post-8561","post","type-post","status-publish","format-standard","has-post-thumbnail","hentry","category-sin-categoria"],"uagb_featured_image_src":{"full":["https:\/\/cdsalta.gob.ar\/wp-content\/uploads\/2026\/08\/55500063705_a86215315e_c.jpg",799,533,false],"thumbnail":["https:\/\/cdsalta.gob.ar\/wp-content\/uploads\/2026\/08\/55500063705_a86215315e_c-150x150.jpg",150,150,true],"medium":["https:\/\/cdsalta.gob.ar\/wp-content\/uploads\/2026\/08\/55500063705_a86215315e_c-300x200.jpg",300,200,true],"medium_large":["https:\/\/cdsalta.gob.ar\/wp-content\/uploads\/2026\/08\/55500063705_a86215315e_c-768x512.jpg",768,512,true],"large":["https:\/\/cdsalta.gob.ar\/wp-content\/uploads\/2026\/08\/55500063705_a86215315e_c.jpg",799,533,false],"1536x1536":["https:\/\/cdsalta.gob.ar\/wp-content\/uploads\/2026\/08\/55500063705_a86215315e_c.jpg",799,533,false],"2048x2048":["https:\/\/cdsalta.gob.ar\/wp-content\/uploads\/2026\/08\/55500063705_a86215315e_c.jpg",799,533,false],"mailpoet_newsletter_max":["https:\/\/cdsalta.gob.ar\/wp-content\/uploads\/2026\/08\/55500063705_a86215315e_c.jpg",799,533,false]},"uagb_author_info":{"display_name":"Prensa","author_link":"https:\/\/cdsalta.gob.ar\/index.php\/author\/prensa\/"},"uagb_comment_info":0,"uagb_excerpt":"En el marco de la pr\u00f3xima reuni\u00f3n de la Comisi\u00f3n de Tr\u00e1nsito, Transporte y Seguridad Vial, a realizarse este lunes [&hellip;]","_links":{"self":[{"href":"https:\/\/cdsalta.gob.ar\/index.php\/wp-json\/wp\/v2\/posts\/8561","targetHints":{"allow":["GET"]}}],"collection":[{"href":"https:\/\/cdsalta.gob.ar\/index.php\/wp-json\/wp\/v2\/posts"}],"about":[{"href":"https:\/\/cdsalta.gob.ar\/index.php\/wp-json\/wp\/v2\/types\/post"}],"author":[{"embeddable":true,"href":"https:\/\/cdsalta.gob.ar\/index.php\/wp-json\/wp\/v2\/users\/2"}],"replies":[{"embeddable":true,"href":"https:\/\/cdsalta.gob.ar\/index.php\/wp-json\/wp\/v2\/comments?post=8561"}],"version-history":[{"count":1,"href":"https:\/\/cdsalta.gob.ar\/index.php\/wp-json\/wp\/v2\/posts\/8561\/revisions"}],"predecessor-version":[{"id":8573,"href":"https:\/\/cdsalta.gob.ar\/index.php\/wp-json\/wp\/v2\/posts\/8561\/revisions\/8573"}],"wp:featuredmedia":[{"embeddable":true,"href":"https:\/\/cdsalta.gob.ar\/index.php\/wp-json\/wp\/v2\/media\/8463"}],"wp:attachment":[{"href":"https:\/\/cdsalta.gob.ar\/index.php\/wp-json\/wp\/v2\/media?parent=8561"}],"wp:term":[{"taxonomy":"category","embeddable":true,"href":"https:\/\/cdsalta.gob.ar\/index.php\/wp-json\/wp\/v2\/categories?post=8561"},{"taxonomy":"post_tag","embeddable":true,"href":"https:\/\/cdsalta.gob.ar\/index.php\/wp-json\/wp\/v2\/tags?post=8561"}],"curies":[{"name":"wp","href":"https:\/\/api.w.org\/{rel}","templated":true}]}}