{"id":8564,"date":"2026-09-04T13:33:51","date_gmt":"2026-09-04T16:33:51","guid":{"rendered":"https:\/\/cdsalta.gob.ar\/?p=8564"},"modified":"2026-09-04T13:33:51","modified_gmt":"2026-09-04T16:33:51","slug":"el-lunes-se-izara-la-bandera-de-brasil-en-los-mastiles-del-concejo-deliberante","status":"publish","type":"post","link":"https:\/\/cdsalta.gob.ar\/index.php\/2026\/09\/04\/el-lunes-se-izara-la-bandera-de-brasil-en-los-mastiles-del-concejo-deliberante\/","title":{"rendered":"<span style='font-size:16px;font-weight:normal;'>Al conmemorarse el 204\u00ba aniversario de su independencia<\/span> <br> <span style='font-size:20px;font-weight:bold;'>El lunes se izar\u00e1 la bandera de Brasil en los m\u00e1stiles del Concejo Deliberante<\/span>"},"content":{"rendered":"<p style=\"text-align: justify\"><strong><img loading=\"lazy\" decoding=\"async\" class=\"aligncenter size-full wp-image-8568\" src=\"https:\/\/cdsalta.gob.ar\/wp-content\/uploads\/2026\/09\/53171342718_5316cb5936_c.jpg\" alt=\"\" width=\"800\" height=\"545\" srcset=\"https:\/\/cdsalta.gob.ar\/wp-content\/uploads\/2026\/09\/53171342718_5316cb5936_c.jpg 800w, https:\/\/cdsalta.gob.ar\/wp-content\/uploads\/2026\/09\/53171342718_5316cb5936_c-300x204.jpg 300w, https:\/\/cdsalta.gob.ar\/wp-content\/uploads\/2026\/09\/53171342718_5316cb5936_c-768x523.jpg 768w\" sizes=\"auto, (max-width: 800px) 100vw, 800px\" \/>Este lunes, a horas 12.00, se realizar\u00e1 el izamiento de la bandera de la Rep\u00fablica Federativa de Brasil en el Patio de Banderas del Concejo Deliberante, en conmemoraci\u00f3n del 204\u00ba aniversario de su independencia. A la ceremonia fueron invitadas autoridades consulares y representantes del establecimiento educativo depositario de la bandera de Brasil. Tambi\u00e9n participar\u00e1n concejales de los distintos bloques pol\u00edticos que integran el CD y trabajadores del organismo legislativo.<\/strong><\/p>\n<p style=\"text-align: justify\"><strong>Cabe se\u00f1alar que el izamiento de la bandera de Brasil en los m\u00e1stiles del Concejo se llevar\u00e1 a cabo en el marco de lo establecido por la Resoluci\u00f3n N\u00ba 128\/23. Dicha normativa dispone invitar a los Cuerpos Consulares y asociaciones de comunidades migrantes con sede en nuestra ciudad, con motivo de celebrarse la independencia o d\u00eda nacional de sus pa\u00edses, a realizar el izamiento correspondiente en el organismo legislativo.<\/strong><\/p>\n<p style=\"text-align: justify\">El acto tiene por objeto conmemorar un <strong>nuevo Aniversario de la Independencia de la Rep\u00fablica Federativa de Brasil, cuya fecha se recuerda cada 7 de septiembre<\/strong>. Para ello, se dispuso convocar a la C\u00f3nsul Honoraria de Brasil en las provincias de Salta y Jujuy, Alcione Cristina Patrocinio; y representantes de la Escuela N\u00b0 4011 Bernardino Rivadavia, establecimiento educativo depositario de la bandera de Brasil. A ellos se sumar\u00e1n concejales de los distintos bloques pol\u00edticos y trabajadores del Concejo Deliberante.<\/p>\n<p style=\"text-align: justify\">El <strong>cronograma <\/strong>previsto para la ceremonia incluye el recibimiento de los invitados en el Patio de Banderas del Concejo, donde se proceder\u00e1 al izamiento de las ense\u00f1as patrias y la entonaci\u00f3n de himnos nacionales. Posteriormente se escuchar\u00e1n palabras alusivas a la fecha. La actividad culminar\u00e1 con un refrigerio para los presentes.<\/p>\n","protected":false},"excerpt":{"rendered":"<p>Este lunes, a horas 12.00, se realizar\u00e1 el izamiento de la bandera de la Rep\u00fablica Federativa de Brasil en el [&hellip;]<\/p>\n","protected":false},"author":2,"featured_media":8568,"comment_status":"closed","ping_status":"closed","sticky":false,"template":"","format":"standard","meta":{"_uag_custom_page_level_css":"","site-sidebar-layout":"default","site-content-layout":"","ast-site-content-layout":"default","site-content-style":"default","site-sidebar-style":"default","ast-global-header-display":"","ast-banner-title-visibility":"","ast-main-header-display":"","ast-hfb-above-header-display":"","ast-hfb-below-header-display":"","ast-hfb-mobile-header-display":"","site-post-title":"","ast-breadcrumbs-content":"","ast-featured-img":"","footer-sml-layout":"","ast-disable-related-posts":"","theme-transparent-header-meta":"default","adv-header-id-meta":"","stick-header-meta":"","header-above-stick-meta":"","header-main-stick-meta":"","header-below-stick-meta":"","astra-migrate-meta-layouts":"set","ast-page-background-enabled":"default","ast-page-background-meta":{"desktop":{"background-color":"var(--ast-global-color-5)","background-image":"","background-repeat":"repeat","background-position":"center center","background-size":"auto","background-attachment":"scroll","background-type":"","background-media":"","overlay-type":"","overlay-color":"","overlay-opacity":"","overlay-gradient":""},"tablet":{"background-color":"","background-image":"","background-repeat":"repeat","background-position":"center center","background-size":"auto","background-attachment":"scroll","background-type":"","background-media":"","overlay-type":"","overlay-color":"","overlay-opacity":"","overlay-gradient":""},"mobile":{"background-color":"","background-image":"","background-repeat":"repeat","background-position":"center center","background-size":"auto","background-attachment":"scroll","background-type":"","background-media":"","overlay-type":"","overlay-color":"","overlay-opacity":"","overlay-gradient":""}},"ast-content-background-meta":{"desktop":{"background-color":"var(--ast-global-color-4)","background-image":"","background-repeat":"repeat","background-position":"center center","background-size":"auto","background-attachment":"scroll","background-type":"","background-media":"","overlay-type":"","overlay-color":"","overlay-opacity":"","overlay-gradient":""},"tablet":{"background-color":"var(--ast-global-color-4)","background-image":"","background-repeat":"repeat","background-position":"center center","background-size":"auto","background-attachment":"scroll","background-type":"","background-media":"","overlay-type":"","overlay-color":"","overlay-opacity":"","overlay-gradient":""},"mobile":{"background-color":"var(--ast-global-color-4)","background-image":"","background-repeat":"repeat","background-position":"center center","background-size":"auto","background-attachment":"scroll","background-type":"","background-media":"","overlay-type":"","overlay-color":"","overlay-opacity":"","overlay-gradient":""}},"footnotes":"","_members_access_role":[],"_members_access_error":""},"categories":[1],"tags":[],"class_list":["post-8564","post","type-post","status-publish","format-standard","has-post-thumbnail","hentry","category-sin-categoria"],"uagb_featured_image_src":{"full":["https:\/\/cdsalta.gob.ar\/wp-content\/uploads\/2026\/09\/53171342718_5316cb5936_c.jpg",800,545,false],"thumbnail":["https:\/\/cdsalta.gob.ar\/wp-content\/uploads\/2026\/09\/53171342718_5316cb5936_c-150x150.jpg",150,150,true],"medium":["https:\/\/cdsalta.gob.ar\/wp-content\/uploads\/2026\/09\/53171342718_5316cb5936_c-300x204.jpg",300,204,true],"medium_large":["https:\/\/cdsalta.gob.ar\/wp-content\/uploads\/2026\/09\/53171342718_5316cb5936_c-768x523.jpg",768,523,true],"large":["https:\/\/cdsalta.gob.ar\/wp-content\/uploads\/2026\/09\/53171342718_5316cb5936_c.jpg",800,545,false],"1536x1536":["https:\/\/cdsalta.gob.ar\/wp-content\/uploads\/2026\/09\/53171342718_5316cb5936_c.jpg",800,545,false],"2048x2048":["https:\/\/cdsalta.gob.ar\/wp-content\/uploads\/2026\/09\/53171342718_5316cb5936_c.jpg",800,545,false],"mailpoet_newsletter_max":["https:\/\/cdsalta.gob.ar\/wp-content\/uploads\/2026\/09\/53171342718_5316cb5936_c.jpg",800,545,false]},"uagb_author_info":{"display_name":"Prensa","author_link":"https:\/\/cdsalta.gob.ar\/index.php\/author\/prensa\/"},"uagb_comment_info":0,"uagb_excerpt":"Este lunes, a horas 12.00, se realizar\u00e1 el izamiento de la bandera de la Rep\u00fablica Federativa de Brasil en el [&hellip;]","_links":{"self":[{"href":"https:\/\/cdsalta.gob.ar\/index.php\/wp-json\/wp\/v2\/posts\/8564","targetHints":{"allow":["GET"]}}],"collection":[{"href":"https:\/\/cdsalta.gob.ar\/index.php\/wp-json\/wp\/v2\/posts"}],"about":[{"href":"https:\/\/cdsalta.gob.ar\/index.php\/wp-json\/wp\/v2\/types\/post"}],"author":[{"embeddable":true,"href":"https:\/\/cdsalta.gob.ar\/index.php\/wp-json\/wp\/v2\/users\/2"}],"replies":[{"embeddable":true,"href":"https:\/\/cdsalta.gob.ar\/index.php\/wp-json\/wp\/v2\/comments?post=8564"}],"version-history":[{"count":1,"href":"https:\/\/cdsalta.gob.ar\/index.php\/wp-json\/wp\/v2\/posts\/8564\/revisions"}],"predecessor-version":[{"id":8576,"href":"https:\/\/cdsalta.gob.ar\/index.php\/wp-json\/wp\/v2\/posts\/8564\/revisions\/8576"}],"wp:featuredmedia":[{"embeddable":true,"href":"https:\/\/cdsalta.gob.ar\/index.php\/wp-json\/wp\/v2\/media\/8568"}],"wp:attachment":[{"href":"https:\/\/cdsalta.gob.ar\/index.php\/wp-json\/wp\/v2\/media?parent=8564"}],"wp:term":[{"taxonomy":"category","embeddable":true,"href":"https:\/\/cdsalta.gob.ar\/index.php\/wp-json\/wp\/v2\/categories?post=8564"},{"taxonomy":"post_tag","embeddable":true,"href":"https:\/\/cdsalta.gob.ar\/index.php\/wp-json\/wp\/v2\/tags?post=8564"}],"curies":[{"name":"wp","href":"https:\/\/api.w.org\/{rel}","templated":true}]}}