{"id":8565,"date":"2026-09-04T13:34:17","date_gmt":"2026-09-04T16:34:17","guid":{"rendered":"https:\/\/cdsalta.gob.ar\/?p=8565"},"modified":"2026-09-04T13:34:17","modified_gmt":"2026-09-04T16:34:17","slug":"madile-recibio-al-embajador-de-ucrania-y-coincidieron-en-el-interes-de-profundizar-los-vinculos-de-cooperacion","status":"publish","type":"post","link":"https:\/\/cdsalta.gob.ar\/index.php\/2026\/09\/04\/madile-recibio-al-embajador-de-ucrania-y-coincidieron-en-el-interes-de-profundizar-los-vinculos-de-cooperacion\/","title":{"rendered":"<span style='font-size:16px;font-weight:normal;'>Esta ma\u00f1ana, en el edificio legislativo<\/span> <br> <span style='font-size:20px;font-weight:bold;'>Madile recibi\u00f3 al embajador de Ucrania y coincidieron  en el inter\u00e9s de profundizar los v\u00ednculos de cooperaci\u00f3n<\/span>"},"content":{"rendered":"<p style=\"text-align: justify\"><strong><img loading=\"lazy\" decoding=\"async\" class=\"aligncenter size-full wp-image-8569\" src=\"https:\/\/cdsalta.gob.ar\/wp-content\/uploads\/2026\/09\/55507827771_98466dabe7_c.jpg\" alt=\"\" width=\"799\" height=\"533\" srcset=\"https:\/\/cdsalta.gob.ar\/wp-content\/uploads\/2026\/09\/55507827771_98466dabe7_c.jpg 799w, https:\/\/cdsalta.gob.ar\/wp-content\/uploads\/2026\/09\/55507827771_98466dabe7_c-300x200.jpg 300w, https:\/\/cdsalta.gob.ar\/wp-content\/uploads\/2026\/09\/55507827771_98466dabe7_c-768x512.jpg 768w\" sizes=\"auto, (max-width: 799px) 100vw, 799px\" \/>Esta ma\u00f1ana, el presidente del Concejo Deliberante, Dar\u00edo Madile, recibi\u00f3 en una visita protocolar al embajador de Ucrania en Argentina, Yurii Klymenko. Durante el encuentro, el titular del CD hizo entrega de una copia de la Resoluci\u00f3n de Presidencia N.\u00b0 108, mediante la cual se declar\u00f3 \u201cVisitante Destacado\u201d al diplom\u00e1tico, en reconocimiento a su promoci\u00f3n de la construcci\u00f3n de lazos institucionales y oportunidades de cooperaci\u00f3n con perspectivas de desarrollo. Asimismo, durante la reuni\u00f3n se realiz\u00f3 un intercambio de presentes y las autoridades abordaron temas de inter\u00e9s com\u00fan, vinculados con el fortalecimiento de los v\u00ednculos entre Ucrania y la ciudad de Salta.<\/strong><\/p>\n<p style=\"text-align: justify\"><strong>Madile destac\u00f3 la importancia de identificar ciudades que compartan caracter\u00edsticas similares con Salta, ya que esto permite generar intercambios y desarrollar v\u00ednculos de cooperaci\u00f3n en distintos \u00e1mbitos. \u201cEs bueno buscar ciudades que tengan caracter\u00edsticas similares, porque de ah\u00ed pueden surgir distintos intercambios y oportunidades de cooperaci\u00f3n. Creo que ese es un buen punto de partida para comenzar a construir v\u00ednculos que, con el tiempo, nos permitan avanzar hacia un hermanamiento entre ciudades, especialmente en materia cultural\u201d.<\/strong><\/p>\n<p style=\"text-align: justify\">En este marco, el embajador Yurii Klymenko destac\u00f3 <strong>antecedentes de cooperaci\u00f3n entre instituciones de Ucrania y la provincia de Salta<\/strong>. En particular, hizo referencia a una visita realizada en 2007 por una delegaci\u00f3n de Ucrania, durante la cual se suscribieron distintos documentos y protocolos de cooperaci\u00f3n con autoridades provinciales. El diplom\u00e1tico tambi\u00e9n plante\u00f3 la posibilidad de <strong>avanzar en un hermanamiento entre ciudades de Ucrania y Salta<\/strong>. Al respecto, se\u00f1al\u00f3 que ya abord\u00f3 esta propuesta con el intendente de la ciudad y <strong>mencion\u00f3 como posibles v\u00ednculos la ciudad de Ivano-Frankivsk<\/strong>, ciudad que presenta caracter\u00edsticas similares.<\/p>\n<p style=\"text-align: justify\">Los presentes <strong>abordaron la posibilidad de avanzar en iniciativas de cooperaci\u00f3n <\/strong>en el \u00e1mbito econ\u00f3mico, a trav\u00e9s del intercambio de ofertas empresariales y el <strong>desarrollo de oportunidades vinculadas al turismo y la actividad vitivin\u00edcola<\/strong>. Asimismo, dialogaron sobre la <strong>importancia de profundizar la cooperaci\u00f3n en materia cultural <\/strong>y fortalecer los v\u00ednculos entre Salta y Ucrania, con la mirada puesta en comenzar a construir relaciones que permitan avanzar, a futuro, en un <strong>hermanamiento cultural entre distintas ciudades<\/strong>.<\/p>\n<p style=\"text-align: justify\">Tambi\u00e9n se adelant\u00f3 la incorporaci\u00f3n del <strong>izamiento de la bandera de Ucrania en la agenda del Concejo Deliberante<\/strong>, en el marco de lo dispuesto por la Resoluci\u00f3n N.\u00b0 128. Normativa que contempla la participaci\u00f3n de los cuerpos consulares y asociaciones de comunidades migrantes con asiento en la ciudad para conmemorar la independencia o el d\u00eda nacional de sus respectivos pa\u00edses mediante el izamiento de sus ense\u00f1as patrias. En este sentido, se propuso realizar el izamiento de la bandera de Ucrania <strong>el 23 de agosto, fecha en la que se conmemora el D\u00eda de la Bandera Nacional de ese pa\u00eds.<\/strong><\/p>\n<p style=\"text-align: justify\"><strong>La visita del embajador a la ciudad de Salta<\/strong> es acompa\u00f1ada por el equipo de la Secretar\u00eda de Relaciones Institucionales e Internacionales de la Provincia. La agenda incluye adem\u00e1s encuentros con representantes del sector empresarial, una visita al Parque Industrial de Salta y actividades acad\u00e9micas y culturales, entre ellas una conferencia sobre la situaci\u00f3n geopol\u00edtica actual de Ucrania y un recorrido por el Museo de Arqueolog\u00eda de Alta Monta\u00f1a (MAAM).<\/p>\n<p style=\"text-align: justify\">Durante la reuni\u00f3n de la fecha tambi\u00e9n estuvieron presentes las edilas Laura Jorge Saravia (LLA) y Camila Lobo (PS).<\/p>\n","protected":false},"excerpt":{"rendered":"<p>Esta ma\u00f1ana, el presidente del Concejo Deliberante, Dar\u00edo Madile, recibi\u00f3 en una visita protocolar al embajador de Ucrania en Argentina, [&hellip;]<\/p>\n","protected":false},"author":2,"featured_media":8569,"comment_status":"closed","ping_status":"closed","sticky":false,"template":"","format":"standard","meta":{"_uag_custom_page_level_css":"","site-sidebar-layout":"default","site-content-layout":"","ast-site-content-layout":"default","site-content-style":"default","site-sidebar-style":"default","ast-global-header-display":"","ast-banner-title-visibility":"","ast-main-header-display":"","ast-hfb-above-header-display":"","ast-hfb-below-header-display":"","ast-hfb-mobile-header-display":"","site-post-title":"","ast-breadcrumbs-content":"","ast-featured-img":"","footer-sml-layout":"","ast-disable-related-posts":"","theme-transparent-header-meta":"default","adv-header-id-meta":"","stick-header-meta":"","header-above-stick-meta":"","header-main-stick-meta":"","header-below-stick-meta":"","astra-migrate-meta-layouts":"set","ast-page-background-enabled":"default","ast-page-background-meta":{"desktop":{"background-color":"var(--ast-global-color-5)","background-image":"","background-repeat":"repeat","background-position":"center center","background-size":"auto","background-attachment":"scroll","background-type":"","background-media":"","overlay-type":"","overlay-color":"","overlay-opacity":"","overlay-gradient":""},"tablet":{"background-color":"","background-image":"","background-repeat":"repeat","background-position":"center center","background-size":"auto","background-attachment":"scroll","background-type":"","background-media":"","overlay-type":"","overlay-color":"","overlay-opacity":"","overlay-gradient":""},"mobile":{"background-color":"","background-image":"","background-repeat":"repeat","background-position":"center center","background-size":"auto","background-attachment":"scroll","background-type":"","background-media":"","overlay-type":"","overlay-color":"","overlay-opacity":"","overlay-gradient":""}},"ast-content-background-meta":{"desktop":{"background-color":"var(--ast-global-color-4)","background-image":"","background-repeat":"repeat","background-position":"center center","background-size":"auto","background-attachment":"scroll","background-type":"","background-media":"","overlay-type":"","overlay-color":"","overlay-opacity":"","overlay-gradient":""},"tablet":{"background-color":"var(--ast-global-color-4)","background-image":"","background-repeat":"repeat","background-position":"center center","background-size":"auto","background-attachment":"scroll","background-type":"","background-media":"","overlay-type":"","overlay-color":"","overlay-opacity":"","overlay-gradient":""},"mobile":{"background-color":"var(--ast-global-color-4)","background-image":"","background-repeat":"repeat","background-position":"center center","background-size":"auto","background-attachment":"scroll","background-type":"","background-media":"","overlay-type":"","overlay-color":"","overlay-opacity":"","overlay-gradient":""}},"footnotes":"","_members_access_role":[],"_members_access_error":""},"categories":[1],"tags":[],"class_list":["post-8565","post","type-post","status-publish","format-standard","has-post-thumbnail","hentry","category-sin-categoria"],"uagb_featured_image_src":{"full":["https:\/\/cdsalta.gob.ar\/wp-content\/uploads\/2026\/09\/55507827771_98466dabe7_c.jpg",799,533,false],"thumbnail":["https:\/\/cdsalta.gob.ar\/wp-content\/uploads\/2026\/09\/55507827771_98466dabe7_c-150x150.jpg",150,150,true],"medium":["https:\/\/cdsalta.gob.ar\/wp-content\/uploads\/2026\/09\/55507827771_98466dabe7_c-300x200.jpg",300,200,true],"medium_large":["https:\/\/cdsalta.gob.ar\/wp-content\/uploads\/2026\/09\/55507827771_98466dabe7_c-768x512.jpg",768,512,true],"large":["https:\/\/cdsalta.gob.ar\/wp-content\/uploads\/2026\/09\/55507827771_98466dabe7_c.jpg",799,533,false],"1536x1536":["https:\/\/cdsalta.gob.ar\/wp-content\/uploads\/2026\/09\/55507827771_98466dabe7_c.jpg",799,533,false],"2048x2048":["https:\/\/cdsalta.gob.ar\/wp-content\/uploads\/2026\/09\/55507827771_98466dabe7_c.jpg",799,533,false],"mailpoet_newsletter_max":["https:\/\/cdsalta.gob.ar\/wp-content\/uploads\/2026\/09\/55507827771_98466dabe7_c.jpg",799,533,false]},"uagb_author_info":{"display_name":"Prensa","author_link":"https:\/\/cdsalta.gob.ar\/index.php\/author\/prensa\/"},"uagb_comment_info":0,"uagb_excerpt":"Esta ma\u00f1ana, el presidente del Concejo Deliberante, Dar\u00edo Madile, recibi\u00f3 en una visita protocolar al embajador de Ucrania en Argentina, [&hellip;]","_links":{"self":[{"href":"https:\/\/cdsalta.gob.ar\/index.php\/wp-json\/wp\/v2\/posts\/8565","targetHints":{"allow":["GET"]}}],"collection":[{"href":"https:\/\/cdsalta.gob.ar\/index.php\/wp-json\/wp\/v2\/posts"}],"about":[{"href":"https:\/\/cdsalta.gob.ar\/index.php\/wp-json\/wp\/v2\/types\/post"}],"author":[{"embeddable":true,"href":"https:\/\/cdsalta.gob.ar\/index.php\/wp-json\/wp\/v2\/users\/2"}],"replies":[{"embeddable":true,"href":"https:\/\/cdsalta.gob.ar\/index.php\/wp-json\/wp\/v2\/comments?post=8565"}],"version-history":[{"count":2,"href":"https:\/\/cdsalta.gob.ar\/index.php\/wp-json\/wp\/v2\/posts\/8565\/revisions"}],"predecessor-version":[{"id":8578,"href":"https:\/\/cdsalta.gob.ar\/index.php\/wp-json\/wp\/v2\/posts\/8565\/revisions\/8578"}],"wp:featuredmedia":[{"embeddable":true,"href":"https:\/\/cdsalta.gob.ar\/index.php\/wp-json\/wp\/v2\/media\/8569"}],"wp:attachment":[{"href":"https:\/\/cdsalta.gob.ar\/index.php\/wp-json\/wp\/v2\/media?parent=8565"}],"wp:term":[{"taxonomy":"category","embeddable":true,"href":"https:\/\/cdsalta.gob.ar\/index.php\/wp-json\/wp\/v2\/categories?post=8565"},{"taxonomy":"post_tag","embeddable":true,"href":"https:\/\/cdsalta.gob.ar\/index.php\/wp-json\/wp\/v2\/tags?post=8565"}],"curies":[{"name":"wp","href":"https:\/\/api.w.org\/{rel}","templated":true}]}}